{"id":44249,"date":"2023-04-01T09:34:13","date_gmt":"2023-04-01T09:34:13","guid":{"rendered":"https:\/\/centrodeolivaryaceite.com\/?p=44249"},"modified":"2023-07-30T10:04:39","modified_gmt":"2023-07-30T10:04:39","slug":"presentacion-de-la-jornada-de-puertas-abiertas-2023-10o-aniversario","status":"publish","type":"post","link":"https:\/\/centrodeolivaryaceite.com\/es\/presentacion-de-la-jornada-de-puertas-abiertas-2023-10o-aniversario\/","title":{"rendered":"Presentaci\u00f3n de la Jornada de Puertas Abiertas 2023. 10\u00ba Aniversario."},"content":{"rendered":"<p>El Centro de Interpretaci\u00f3n \u201cOlivar y Aceite\u201d est\u00e1 de celebraci\u00f3n, ya que este mes de abril la entidad celebra el 10\u00ba aniversario, y qu\u00e9 mejor manera de conmemorar esta efem\u00e9ride que con una Jornada de Puertas Abiertas, para seguir trabajando en el objetivo con el que se inici\u00f3 este proyecto, la promoci\u00f3n y difusi\u00f3n de la cultura del olivar y del aceite de oliva virgen extra.<\/p>\n<p>Una Jornada de Puertas Abiertas que se desarrollar\u00e1 el pr\u00f3ximo s\u00e1bado 8 de abril, en horario ininterrumpido \u00a0de 11 a 19:30 horas, adelant\u00f3 el presidente de \u201cOlivar\u00a0 y Aceite\u201d, Javier G\u00e1mez, el cual anim\u00f3 a visitar el Centro y disfrutar del renovado espacio muse\u00edstico, que se inaugur\u00f3 el pasado mes de septiembre.<\/p>\n<p>Asimismo quiso recordar, que esta actividad se celebra coincidiendo con d\u00edas en los que la ciudad patrimonial recibe miles de visitantes, momento perfecto para seguir creando sinergias entre diferentes sectores, como son el del olivar y el turismo, pues cada vez son m\u00e1s los turistas interesados en el oleoturismo y en profundizar en el conocimiento del virgen extra. Por ello, durante esta jornada el Centro de Interpretaci\u00f3n\u2014subray\u00f3 G\u00e1mez\u2014se convertir\u00e1 en un escaparate \u00fanico para dar a conocer no solo los aceites de excelente calidad que elaboran nuestros socios, sino una gran variedad de productos, como chocolates, mermeladas o productos de cosm\u00e9tica elaborados con aceite de oliva virgen extra.<\/p>\n<p>En concreto en esta jornada estar\u00e1n presentes doce de nuestros socios, que componen la familia de \u201cOlivar y Aceite\u201d: Puerta de las Villas, Cortijo la Zarza, Cooperativa La Carrera, Oro Quesada, Buensalud, Cooperativa Uni\u00f3n de \u00dabeda, Salinas Don Diego,Vadolivo, Rapa Origin, Leyenda, Notaliv Cosm\u00e9tica Natural y Artesan\u00eda Luz de M\u00e1gina, -puntualiz\u00f3 G\u00e1mez- agradeciendo su participaci\u00f3n.<\/p>\n<p>En este punto el presidente de \u201cOlivar y Aceite\u201d resalt\u00f3 el gran trabajo que realizan a diario los socios del Centro de Interpretaci\u00f3n por la calidad y la difusi\u00f3n\u00a0 de la cultura del AOVE.<\/p>\n<p>Agradecimiento que hizo extensivo a la Diputaci\u00f3n Provincial de Ja\u00e9n, que colabora a trav\u00e9s de la marca \u201cDegusta Ja\u00e9n\u201d, y que tendr\u00e1 un expositor ese d\u00eda.<\/p>\n<p>Tambi\u00e9n quiso destacar el apoyo del Ayuntamiento de \u00dabeda a este evento. Este a\u00f1o, como novedad, si las condiciones\u00a0meteorol\u00f3gicas lo permiten,\u00a0los expositores de las empresas participantes estar\u00e1n\u00a0en\u00a0el exterior, en la renovada calle Corredera de San Fernando y plaza del Torre\u00f3n.<\/p>\n<div class=\"tiled-gallery type-rectangular tiled-gallery-unresized\" data-original-width=\"1080\" data-carousel-extra='{&quot;blog_id&quot;:1,&quot;permalink&quot;:&quot;https:\\\/\\\/centrodeolivaryaceite.com\\\/es\\\/presentacion-de-la-jornada-de-puertas-abiertas-2023-10o-aniversario\\\/&quot;,&quot;likes_blog_id&quot;:134317632}' itemscope itemtype=\"http:\/\/schema.org\/ImageGallery\" > <div class=\"gallery-row\" style=\"width: 1080px; height: 911px;\" data-original-width=\"1080\" data-original-height=\"911\" > <div class=\"gallery-group images-1\" style=\"width: 645px; height: 911px;\" data-original-width=\"645\" data-original-height=\"911\" > <div class=\"tiled-gallery-item tiled-gallery-item-large\" itemprop=\"associatedMedia\" itemscope itemtype=\"http:\/\/schema.org\/ImageObject\"> <a href=\"https:\/\/centrodeolivaryaceite.com\/es\/jornada-de-puertas-abiertas-8-abril-final-1\/\" border=\"0\" itemprop=\"url\"> <meta itemprop=\"width\" content=\"641\"> <meta itemprop=\"height\" content=\"907\"> <img decoding=\"async\" class=\"\" data-attachment-id=\"43990\" data-orig-file=\"https:\/\/centrodeolivaryaceite.com\/wp-content\/uploads\/2023\/03\/Jornada-de-Puertas-Abiertas-8-Abril-FINAL-1.jpg\" data-orig-size=\"1414,2000\" data-comments-opened=\"1\" data-image-meta=\"{&quot;aperture&quot;:&quot;0&quot;,&quot;credit&quot;:&quot;&quot;,&quot;camera&quot;:&quot;&quot;,&quot;caption&quot;:&quot;&quot;,&quot;created_timestamp&quot;:&quot;0&quot;,&quot;copyright&quot;:&quot;&quot;,&quot;focal_length&quot;:&quot;0&quot;,&quot;iso&quot;:&quot;0&quot;,&quot;shutter_speed&quot;:&quot;0&quot;,&quot;title&quot;:&quot;&quot;,&quot;orientation&quot;:&quot;1&quot;}\" data-image-title=\"Jornada de Puertas Abiertas 8 Abril FINAL (1)\" data-image-description=\"\" data-medium-file=\"https:\/\/i0.wp.com\/centrodeolivaryaceite.com\/wp-content\/uploads\/2023\/03\/Jornada-de-Puertas-Abiertas-8-Abril-FINAL-1.jpg?fit=212%2C300&#038;ssl=1\" data-large-file=\"https:\/\/i0.wp.com\/centrodeolivaryaceite.com\/wp-content\/uploads\/2023\/03\/Jornada-de-Puertas-Abiertas-8-Abril-FINAL-1.jpg?fit=724%2C1024&#038;ssl=1\" src=\"https:\/\/i0.wp.com\/centrodeolivaryaceite.com\/wp-content\/uploads\/2023\/03\/Jornada-de-Puertas-Abiertas-8-Abril-FINAL-1.jpg?w=641&#038;h=907&#038;ssl=1\" srcset=\"https:\/\/i0.wp.com\/centrodeolivaryaceite.com\/wp-content\/uploads\/2023\/03\/Jornada-de-Puertas-Abiertas-8-Abril-FINAL-1.jpg?w=1414&amp;ssl=1 1414w, https:\/\/i0.wp.com\/centrodeolivaryaceite.com\/wp-content\/uploads\/2023\/03\/Jornada-de-Puertas-Abiertas-8-Abril-FINAL-1.jpg?resize=212%2C300&amp;ssl=1 212w, https:\/\/i0.wp.com\/centrodeolivaryaceite.com\/wp-content\/uploads\/2023\/03\/Jornada-de-Puertas-Abiertas-8-Abril-FINAL-1.jpg?resize=724%2C1024&amp;ssl=1 724w, https:\/\/i0.wp.com\/centrodeolivaryaceite.com\/wp-content\/uploads\/2023\/03\/Jornada-de-Puertas-Abiertas-8-Abril-FINAL-1.jpg?resize=768%2C1086&amp;ssl=1 768w, https:\/\/i0.wp.com\/centrodeolivaryaceite.com\/wp-content\/uploads\/2023\/03\/Jornada-de-Puertas-Abiertas-8-Abril-FINAL-1.jpg?resize=1086%2C1536&amp;ssl=1 1086w, https:\/\/i0.wp.com\/centrodeolivaryaceite.com\/wp-content\/uploads\/2023\/03\/Jornada-de-Puertas-Abiertas-8-Abril-FINAL-1.jpg?resize=1080%2C1528&amp;ssl=1 1080w, https:\/\/i0.wp.com\/centrodeolivaryaceite.com\/wp-content\/uploads\/2023\/03\/Jornada-de-Puertas-Abiertas-8-Abril-FINAL-1.jpg?resize=1280%2C1810&amp;ssl=1 1280w, https:\/\/i0.wp.com\/centrodeolivaryaceite.com\/wp-content\/uploads\/2023\/03\/Jornada-de-Puertas-Abiertas-8-Abril-FINAL-1.jpg?resize=980%2C1386&amp;ssl=1 980w, https:\/\/i0.wp.com\/centrodeolivaryaceite.com\/wp-content\/uploads\/2023\/03\/Jornada-de-Puertas-Abiertas-8-Abril-FINAL-1.jpg?resize=480%2C679&amp;ssl=1 480w\" width=\"641\" height=\"907\" loading=\"lazy\" data-original-width=\"641\" data-original-height=\"907\" itemprop=\"http:\/\/schema.org\/image\" title=\"Jornada de Puertas Abiertas 8 Abril FINAL (1)\" alt=\"Jornada de Puertas Abiertas 8 Abril FINAL (1)\" style=\"width: 641px; height: 907px;\" \/> <\/a> <\/div> <\/div> <!-- close group --> <div class=\"gallery-group images-3\" style=\"width: 435px; height: 911px;\" data-original-width=\"435\" data-original-height=\"911\" > <div class=\"tiled-gallery-item tiled-gallery-item-large\" itemprop=\"associatedMedia\" itemscope itemtype=\"http:\/\/schema.org\/ImageObject\"> <a href=\"https:\/\/centrodeolivaryaceite.com\/es\/presentacion-de-la-jornada-de-puertas-abiertas-2023-10o-aniversario\/presentacion-puertas-abiertas-aniversario-4\/\" border=\"0\" itemprop=\"url\"> <meta itemprop=\"width\" content=\"431\"> <meta itemprop=\"height\" content=\"287\"> <img decoding=\"async\" class=\"\" data-attachment-id=\"44250\" data-orig-file=\"https:\/\/centrodeolivaryaceite.com\/wp-content\/uploads\/2023\/07\/PRESENTACION-PUERTAS-ABIERTAS-ANIVERSARIO-4.jpeg\" data-orig-size=\"1600,1066\" data-comments-opened=\"1\" data-image-meta=\"{&quot;aperture&quot;:&quot;0&quot;,&quot;credit&quot;:&quot;&quot;,&quot;camera&quot;:&quot;&quot;,&quot;caption&quot;:&quot;&quot;,&quot;created_timestamp&quot;:&quot;0&quot;,&quot;copyright&quot;:&quot;&quot;,&quot;focal_length&quot;:&quot;0&quot;,&quot;iso&quot;:&quot;0&quot;,&quot;shutter_speed&quot;:&quot;0&quot;,&quot;title&quot;:&quot;&quot;,&quot;orientation&quot;:&quot;0&quot;}\" data-image-title=\"PRESENTACION PUERTAS ABIERTAS ANIVERSARIO (4)\" data-image-description=\"\" data-medium-file=\"https:\/\/i0.wp.com\/centrodeolivaryaceite.com\/wp-content\/uploads\/2023\/07\/PRESENTACION-PUERTAS-ABIERTAS-ANIVERSARIO-4.jpeg?fit=300%2C200&#038;ssl=1\" data-large-file=\"https:\/\/i0.wp.com\/centrodeolivaryaceite.com\/wp-content\/uploads\/2023\/07\/PRESENTACION-PUERTAS-ABIERTAS-ANIVERSARIO-4.jpeg?fit=1024%2C682&#038;ssl=1\" src=\"https:\/\/i0.wp.com\/centrodeolivaryaceite.com\/wp-content\/uploads\/2023\/07\/PRESENTACION-PUERTAS-ABIERTAS-ANIVERSARIO-4.jpeg?w=431&#038;h=287&#038;ssl=1\" srcset=\"https:\/\/i0.wp.com\/centrodeolivaryaceite.com\/wp-content\/uploads\/2023\/07\/PRESENTACION-PUERTAS-ABIERTAS-ANIVERSARIO-4.jpeg?w=1600&amp;ssl=1 1600w, https:\/\/i0.wp.com\/centrodeolivaryaceite.com\/wp-content\/uploads\/2023\/07\/PRESENTACION-PUERTAS-ABIERTAS-ANIVERSARIO-4.jpeg?resize=300%2C200&amp;ssl=1 300w, https:\/\/i0.wp.com\/centrodeolivaryaceite.com\/wp-content\/uploads\/2023\/07\/PRESENTACION-PUERTAS-ABIERTAS-ANIVERSARIO-4.jpeg?resize=1024%2C682&amp;ssl=1 1024w, https:\/\/i0.wp.com\/centrodeolivaryaceite.com\/wp-content\/uploads\/2023\/07\/PRESENTACION-PUERTAS-ABIERTAS-ANIVERSARIO-4.jpeg?resize=768%2C512&amp;ssl=1 768w, https:\/\/i0.wp.com\/centrodeolivaryaceite.com\/wp-content\/uploads\/2023\/07\/PRESENTACION-PUERTAS-ABIERTAS-ANIVERSARIO-4.jpeg?resize=1536%2C1023&amp;ssl=1 1536w, https:\/\/i0.wp.com\/centrodeolivaryaceite.com\/wp-content\/uploads\/2023\/07\/PRESENTACION-PUERTAS-ABIERTAS-ANIVERSARIO-4.jpeg?resize=1080%2C720&amp;ssl=1 1080w, https:\/\/i0.wp.com\/centrodeolivaryaceite.com\/wp-content\/uploads\/2023\/07\/PRESENTACION-PUERTAS-ABIERTAS-ANIVERSARIO-4.jpeg?resize=1280%2C853&amp;ssl=1 1280w, https:\/\/i0.wp.com\/centrodeolivaryaceite.com\/wp-content\/uploads\/2023\/07\/PRESENTACION-PUERTAS-ABIERTAS-ANIVERSARIO-4.jpeg?resize=980%2C653&amp;ssl=1 980w, https:\/\/i0.wp.com\/centrodeolivaryaceite.com\/wp-content\/uploads\/2023\/07\/PRESENTACION-PUERTAS-ABIERTAS-ANIVERSARIO-4.jpeg?resize=480%2C320&amp;ssl=1 480w\" width=\"431\" height=\"287\" loading=\"lazy\" data-original-width=\"431\" data-original-height=\"287\" itemprop=\"http:\/\/schema.org\/image\" title=\"PRESENTACION PUERTAS ABIERTAS ANIVERSARIO (4)\" alt=\"PRESENTACION PUERTAS ABIERTAS ANIVERSARIO (4)\" style=\"width: 431px; height: 287px;\" \/> <\/a> <\/div> <div class=\"tiled-gallery-item tiled-gallery-item-large\" itemprop=\"associatedMedia\" itemscope itemtype=\"http:\/\/schema.org\/ImageObject\"> <a href=\"https:\/\/centrodeolivaryaceite.com\/es\/presentacion-de-la-jornada-de-puertas-abiertas-2023-10o-aniversario\/presentacion-puertas-abiertas-aniversario-5\/\" border=\"0\" itemprop=\"url\"> <meta itemprop=\"width\" content=\"431\"> <meta itemprop=\"height\" content=\"287\"> <img decoding=\"async\" class=\"\" data-attachment-id=\"44252\" data-orig-file=\"https:\/\/centrodeolivaryaceite.com\/wp-content\/uploads\/2023\/07\/PRESENTACION-PUERTAS-ABIERTAS-ANIVERSARIO-5.jpeg\" data-orig-size=\"1600,1066\" data-comments-opened=\"1\" data-image-meta=\"{&quot;aperture&quot;:&quot;0&quot;,&quot;credit&quot;:&quot;&quot;,&quot;camera&quot;:&quot;&quot;,&quot;caption&quot;:&quot;&quot;,&quot;created_timestamp&quot;:&quot;0&quot;,&quot;copyright&quot;:&quot;&quot;,&quot;focal_length&quot;:&quot;0&quot;,&quot;iso&quot;:&quot;0&quot;,&quot;shutter_speed&quot;:&quot;0&quot;,&quot;title&quot;:&quot;&quot;,&quot;orientation&quot;:&quot;0&quot;}\" data-image-title=\"PRESENTACION PUERTAS ABIERTAS ANIVERSARIO (5)\" data-image-description=\"\" data-medium-file=\"https:\/\/i0.wp.com\/centrodeolivaryaceite.com\/wp-content\/uploads\/2023\/07\/PRESENTACION-PUERTAS-ABIERTAS-ANIVERSARIO-5.jpeg?fit=300%2C200&#038;ssl=1\" data-large-file=\"https:\/\/i0.wp.com\/centrodeolivaryaceite.com\/wp-content\/uploads\/2023\/07\/PRESENTACION-PUERTAS-ABIERTAS-ANIVERSARIO-5.jpeg?fit=1024%2C682&#038;ssl=1\" src=\"https:\/\/i0.wp.com\/centrodeolivaryaceite.com\/wp-content\/uploads\/2023\/07\/PRESENTACION-PUERTAS-ABIERTAS-ANIVERSARIO-5.jpeg?w=431&#038;h=287&#038;ssl=1\" srcset=\"https:\/\/i0.wp.com\/centrodeolivaryaceite.com\/wp-content\/uploads\/2023\/07\/PRESENTACION-PUERTAS-ABIERTAS-ANIVERSARIO-5.jpeg?w=1600&amp;ssl=1 1600w, https:\/\/i0.wp.com\/centrodeolivaryaceite.com\/wp-content\/uploads\/2023\/07\/PRESENTACION-PUERTAS-ABIERTAS-ANIVERSARIO-5.jpeg?resize=300%2C200&amp;ssl=1 300w, https:\/\/i0.wp.com\/centrodeolivaryaceite.com\/wp-content\/uploads\/2023\/07\/PRESENTACION-PUERTAS-ABIERTAS-ANIVERSARIO-5.jpeg?resize=1024%2C682&amp;ssl=1 1024w, https:\/\/i0.wp.com\/centrodeolivaryaceite.com\/wp-content\/uploads\/2023\/07\/PRESENTACION-PUERTAS-ABIERTAS-ANIVERSARIO-5.jpeg?resize=768%2C512&amp;ssl=1 768w, https:\/\/i0.wp.com\/centrodeolivaryaceite.com\/wp-content\/uploads\/2023\/07\/PRESENTACION-PUERTAS-ABIERTAS-ANIVERSARIO-5.jpeg?resize=1536%2C1023&amp;ssl=1 1536w, https:\/\/i0.wp.com\/centrodeolivaryaceite.com\/wp-content\/uploads\/2023\/07\/PRESENTACION-PUERTAS-ABIERTAS-ANIVERSARIO-5.jpeg?resize=1080%2C720&amp;ssl=1 1080w, https:\/\/i0.wp.com\/centrodeolivaryaceite.com\/wp-content\/uploads\/2023\/07\/PRESENTACION-PUERTAS-ABIERTAS-ANIVERSARIO-5.jpeg?resize=1280%2C853&amp;ssl=1 1280w, https:\/\/i0.wp.com\/centrodeolivaryaceite.com\/wp-content\/uploads\/2023\/07\/PRESENTACION-PUERTAS-ABIERTAS-ANIVERSARIO-5.jpeg?resize=980%2C653&amp;ssl=1 980w, https:\/\/i0.wp.com\/centrodeolivaryaceite.com\/wp-content\/uploads\/2023\/07\/PRESENTACION-PUERTAS-ABIERTAS-ANIVERSARIO-5.jpeg?resize=480%2C320&amp;ssl=1 480w\" width=\"431\" height=\"287\" loading=\"lazy\" data-original-width=\"431\" data-original-height=\"287\" itemprop=\"http:\/\/schema.org\/image\" title=\"PRESENTACION PUERTAS ABIERTAS ANIVERSARIO (5)\" alt=\"PRESENTACION PUERTAS ABIERTAS ANIVERSARIO (5)\" style=\"width: 431px; height: 287px;\" \/> <\/a> <\/div> <div class=\"tiled-gallery-item tiled-gallery-item-large\" itemprop=\"associatedMedia\" itemscope itemtype=\"http:\/\/schema.org\/ImageObject\"> <a href=\"https:\/\/centrodeolivaryaceite.com\/es\/presentacion-de-la-jornada-de-puertas-abiertas-2023-10o-aniversario\/presentacion-puertas-abiertas-aniversario-12\/\" border=\"0\" itemprop=\"url\"> <meta itemprop=\"width\" content=\"431\"> <meta itemprop=\"height\" content=\"325\"> <img decoding=\"async\" class=\"\" data-attachment-id=\"44254\" data-orig-file=\"https:\/\/centrodeolivaryaceite.com\/wp-content\/uploads\/2023\/07\/PRESENTACION-PUERTAS-ABIERTAS-ANIVERSARIO-12.jpeg\" data-orig-size=\"1600,1204\" data-comments-opened=\"1\" data-image-meta=\"{&quot;aperture&quot;:&quot;0&quot;,&quot;credit&quot;:&quot;&quot;,&quot;camera&quot;:&quot;&quot;,&quot;caption&quot;:&quot;&quot;,&quot;created_timestamp&quot;:&quot;0&quot;,&quot;copyright&quot;:&quot;&quot;,&quot;focal_length&quot;:&quot;0&quot;,&quot;iso&quot;:&quot;0&quot;,&quot;shutter_speed&quot;:&quot;0&quot;,&quot;title&quot;:&quot;&quot;,&quot;orientation&quot;:&quot;0&quot;}\" data-image-title=\"PRESENTACION PUERTAS ABIERTAS ANIVERSARIO (12)\" data-image-description=\"\" data-medium-file=\"https:\/\/i0.wp.com\/centrodeolivaryaceite.com\/wp-content\/uploads\/2023\/07\/PRESENTACION-PUERTAS-ABIERTAS-ANIVERSARIO-12.jpeg?fit=300%2C226&#038;ssl=1\" data-large-file=\"https:\/\/i0.wp.com\/centrodeolivaryaceite.com\/wp-content\/uploads\/2023\/07\/PRESENTACION-PUERTAS-ABIERTAS-ANIVERSARIO-12.jpeg?fit=1024%2C771&#038;ssl=1\" src=\"https:\/\/i0.wp.com\/centrodeolivaryaceite.com\/wp-content\/uploads\/2023\/07\/PRESENTACION-PUERTAS-ABIERTAS-ANIVERSARIO-12.jpeg?w=431&#038;h=325&#038;ssl=1\" srcset=\"https:\/\/i0.wp.com\/centrodeolivaryaceite.com\/wp-content\/uploads\/2023\/07\/PRESENTACION-PUERTAS-ABIERTAS-ANIVERSARIO-12.jpeg?w=1600&amp;ssl=1 1600w, https:\/\/i0.wp.com\/centrodeolivaryaceite.com\/wp-content\/uploads\/2023\/07\/PRESENTACION-PUERTAS-ABIERTAS-ANIVERSARIO-12.jpeg?resize=300%2C226&amp;ssl=1 300w, https:\/\/i0.wp.com\/centrodeolivaryaceite.com\/wp-content\/uploads\/2023\/07\/PRESENTACION-PUERTAS-ABIERTAS-ANIVERSARIO-12.jpeg?resize=1024%2C771&amp;ssl=1 1024w, https:\/\/i0.wp.com\/centrodeolivaryaceite.com\/wp-content\/uploads\/2023\/07\/PRESENTACION-PUERTAS-ABIERTAS-ANIVERSARIO-12.jpeg?resize=768%2C578&amp;ssl=1 768w, https:\/\/i0.wp.com\/centrodeolivaryaceite.com\/wp-content\/uploads\/2023\/07\/PRESENTACION-PUERTAS-ABIERTAS-ANIVERSARIO-12.jpeg?resize=1536%2C1156&amp;ssl=1 1536w, https:\/\/i0.wp.com\/centrodeolivaryaceite.com\/wp-content\/uploads\/2023\/07\/PRESENTACION-PUERTAS-ABIERTAS-ANIVERSARIO-12.jpeg?resize=1080%2C813&amp;ssl=1 1080w, https:\/\/i0.wp.com\/centrodeolivaryaceite.com\/wp-content\/uploads\/2023\/07\/PRESENTACION-PUERTAS-ABIERTAS-ANIVERSARIO-12.jpeg?resize=1280%2C963&amp;ssl=1 1280w, https:\/\/i0.wp.com\/centrodeolivaryaceite.com\/wp-content\/uploads\/2023\/07\/PRESENTACION-PUERTAS-ABIERTAS-ANIVERSARIO-12.jpeg?resize=980%2C737&amp;ssl=1 980w, https:\/\/i0.wp.com\/centrodeolivaryaceite.com\/wp-content\/uploads\/2023\/07\/PRESENTACION-PUERTAS-ABIERTAS-ANIVERSARIO-12.jpeg?resize=480%2C361&amp;ssl=1 480w\" width=\"431\" height=\"325\" loading=\"lazy\" data-original-width=\"431\" data-original-height=\"325\" itemprop=\"http:\/\/schema.org\/image\" title=\"PRESENTACION PUERTAS ABIERTAS ANIVERSARIO (12)\" alt=\"PRESENTACION PUERTAS ABIERTAS ANIVERSARIO (12)\" style=\"width: 431px; height: 325px;\" \/> <\/a> <\/div> <\/div> <!-- close group --> <\/div> <!-- close row --> <div class=\"gallery-row\" style=\"width: 1080px; height: 361px;\" data-original-width=\"1080\" data-original-height=\"361\" > <div class=\"gallery-group images-1\" style=\"width: 540px; height: 361px;\" data-original-width=\"540\" data-original-height=\"361\" > <div class=\"tiled-gallery-item tiled-gallery-item-large\" itemprop=\"associatedMedia\" itemscope itemtype=\"http:\/\/schema.org\/ImageObject\"> <a href=\"https:\/\/centrodeolivaryaceite.com\/es\/presentacion-de-la-jornada-de-puertas-abiertas-2023-10o-aniversario\/presentacion-puertas-abiertas-aniversario-13\/\" border=\"0\" itemprop=\"url\"> <meta itemprop=\"width\" content=\"536\"> <meta itemprop=\"height\" content=\"357\"> <img decoding=\"async\" class=\"\" data-attachment-id=\"44256\" data-orig-file=\"https:\/\/centrodeolivaryaceite.com\/wp-content\/uploads\/2023\/07\/PRESENTACION-PUERTAS-ABIERTAS-ANIVERSARIO-13.jpeg\" data-orig-size=\"1600,1066\" data-comments-opened=\"1\" data-image-meta=\"{&quot;aperture&quot;:&quot;0&quot;,&quot;credit&quot;:&quot;&quot;,&quot;camera&quot;:&quot;&quot;,&quot;caption&quot;:&quot;&quot;,&quot;created_timestamp&quot;:&quot;0&quot;,&quot;copyright&quot;:&quot;&quot;,&quot;focal_length&quot;:&quot;0&quot;,&quot;iso&quot;:&quot;0&quot;,&quot;shutter_speed&quot;:&quot;0&quot;,&quot;title&quot;:&quot;&quot;,&quot;orientation&quot;:&quot;0&quot;}\" data-image-title=\"PRESENTACION PUERTAS ABIERTAS ANIVERSARIO (13)\" data-image-description=\"\" data-medium-file=\"https:\/\/i0.wp.com\/centrodeolivaryaceite.com\/wp-content\/uploads\/2023\/07\/PRESENTACION-PUERTAS-ABIERTAS-ANIVERSARIO-13.jpeg?fit=300%2C200&#038;ssl=1\" data-large-file=\"https:\/\/i0.wp.com\/centrodeolivaryaceite.com\/wp-content\/uploads\/2023\/07\/PRESENTACION-PUERTAS-ABIERTAS-ANIVERSARIO-13.jpeg?fit=1024%2C682&#038;ssl=1\" src=\"https:\/\/i0.wp.com\/centrodeolivaryaceite.com\/wp-content\/uploads\/2023\/07\/PRESENTACION-PUERTAS-ABIERTAS-ANIVERSARIO-13.jpeg?w=536&#038;h=357&#038;ssl=1\" srcset=\"https:\/\/i0.wp.com\/centrodeolivaryaceite.com\/wp-content\/uploads\/2023\/07\/PRESENTACION-PUERTAS-ABIERTAS-ANIVERSARIO-13.jpeg?w=1600&amp;ssl=1 1600w, https:\/\/i0.wp.com\/centrodeolivaryaceite.com\/wp-content\/uploads\/2023\/07\/PRESENTACION-PUERTAS-ABIERTAS-ANIVERSARIO-13.jpeg?resize=300%2C200&amp;ssl=1 300w, https:\/\/i0.wp.com\/centrodeolivaryaceite.com\/wp-content\/uploads\/2023\/07\/PRESENTACION-PUERTAS-ABIERTAS-ANIVERSARIO-13.jpeg?resize=1024%2C682&amp;ssl=1 1024w, https:\/\/i0.wp.com\/centrodeolivaryaceite.com\/wp-content\/uploads\/2023\/07\/PRESENTACION-PUERTAS-ABIERTAS-ANIVERSARIO-13.jpeg?resize=768%2C512&amp;ssl=1 768w, https:\/\/i0.wp.com\/centrodeolivaryaceite.com\/wp-content\/uploads\/2023\/07\/PRESENTACION-PUERTAS-ABIERTAS-ANIVERSARIO-13.jpeg?resize=1536%2C1023&amp;ssl=1 1536w, https:\/\/i0.wp.com\/centrodeolivaryaceite.com\/wp-content\/uploads\/2023\/07\/PRESENTACION-PUERTAS-ABIERTAS-ANIVERSARIO-13.jpeg?resize=1080%2C720&amp;ssl=1 1080w, https:\/\/i0.wp.com\/centrodeolivaryaceite.com\/wp-content\/uploads\/2023\/07\/PRESENTACION-PUERTAS-ABIERTAS-ANIVERSARIO-13.jpeg?resize=1280%2C853&amp;ssl=1 1280w, https:\/\/i0.wp.com\/centrodeolivaryaceite.com\/wp-content\/uploads\/2023\/07\/PRESENTACION-PUERTAS-ABIERTAS-ANIVERSARIO-13.jpeg?resize=980%2C653&amp;ssl=1 980w, https:\/\/i0.wp.com\/centrodeolivaryaceite.com\/wp-content\/uploads\/2023\/07\/PRESENTACION-PUERTAS-ABIERTAS-ANIVERSARIO-13.jpeg?resize=480%2C320&amp;ssl=1 480w\" width=\"536\" height=\"357\" loading=\"lazy\" data-original-width=\"536\" data-original-height=\"357\" itemprop=\"http:\/\/schema.org\/image\" title=\"PRESENTACION PUERTAS ABIERTAS ANIVERSARIO (13)\" alt=\"PRESENTACION PUERTAS ABIERTAS ANIVERSARIO (13)\" style=\"width: 536px; height: 357px;\" \/> <\/a> <\/div> <\/div> <!-- close group --> <div class=\"gallery-group images-1\" style=\"width: 540px; height: 361px;\" data-original-width=\"540\" data-original-height=\"361\" > <div class=\"tiled-gallery-item tiled-gallery-item-large\" itemprop=\"associatedMedia\" itemscope itemtype=\"http:\/\/schema.org\/ImageObject\"> <a href=\"https:\/\/centrodeolivaryaceite.com\/es\/presentacion-de-la-jornada-de-puertas-abiertas-2023-10o-aniversario\/presentacion-puertas-abiertas-aniversario-16\/\" border=\"0\" itemprop=\"url\"> <meta itemprop=\"width\" content=\"536\"> <meta itemprop=\"height\" content=\"357\"> <img decoding=\"async\" class=\"\" data-attachment-id=\"44258\" data-orig-file=\"https:\/\/centrodeolivaryaceite.com\/wp-content\/uploads\/2023\/07\/PRESENTACION-PUERTAS-ABIERTAS-ANIVERSARIO-16.jpeg\" data-orig-size=\"1600,1066\" data-comments-opened=\"1\" data-image-meta=\"{&quot;aperture&quot;:&quot;0&quot;,&quot;credit&quot;:&quot;&quot;,&quot;camera&quot;:&quot;&quot;,&quot;caption&quot;:&quot;&quot;,&quot;created_timestamp&quot;:&quot;0&quot;,&quot;copyright&quot;:&quot;&quot;,&quot;focal_length&quot;:&quot;0&quot;,&quot;iso&quot;:&quot;0&quot;,&quot;shutter_speed&quot;:&quot;0&quot;,&quot;title&quot;:&quot;&quot;,&quot;orientation&quot;:&quot;0&quot;}\" data-image-title=\"PRESENTACION PUERTAS ABIERTAS ANIVERSARIO (16)\" data-image-description=\"\" data-medium-file=\"https:\/\/i0.wp.com\/centrodeolivaryaceite.com\/wp-content\/uploads\/2023\/07\/PRESENTACION-PUERTAS-ABIERTAS-ANIVERSARIO-16.jpeg?fit=300%2C200&#038;ssl=1\" data-large-file=\"https:\/\/i0.wp.com\/centrodeolivaryaceite.com\/wp-content\/uploads\/2023\/07\/PRESENTACION-PUERTAS-ABIERTAS-ANIVERSARIO-16.jpeg?fit=1024%2C682&#038;ssl=1\" src=\"https:\/\/i0.wp.com\/centrodeolivaryaceite.com\/wp-content\/uploads\/2023\/07\/PRESENTACION-PUERTAS-ABIERTAS-ANIVERSARIO-16.jpeg?w=536&#038;h=357&#038;ssl=1\" srcset=\"https:\/\/i0.wp.com\/centrodeolivaryaceite.com\/wp-content\/uploads\/2023\/07\/PRESENTACION-PUERTAS-ABIERTAS-ANIVERSARIO-16.jpeg?w=1600&amp;ssl=1 1600w, https:\/\/i0.wp.com\/centrodeolivaryaceite.com\/wp-content\/uploads\/2023\/07\/PRESENTACION-PUERTAS-ABIERTAS-ANIVERSARIO-16.jpeg?resize=300%2C200&amp;ssl=1 300w, https:\/\/i0.wp.com\/centrodeolivaryaceite.com\/wp-content\/uploads\/2023\/07\/PRESENTACION-PUERTAS-ABIERTAS-ANIVERSARIO-16.jpeg?resize=1024%2C682&amp;ssl=1 1024w, https:\/\/i0.wp.com\/centrodeolivaryaceite.com\/wp-content\/uploads\/2023\/07\/PRESENTACION-PUERTAS-ABIERTAS-ANIVERSARIO-16.jpeg?resize=768%2C512&amp;ssl=1 768w, https:\/\/i0.wp.com\/centrodeolivaryaceite.com\/wp-content\/uploads\/2023\/07\/PRESENTACION-PUERTAS-ABIERTAS-ANIVERSARIO-16.jpeg?resize=1536%2C1023&amp;ssl=1 1536w, https:\/\/i0.wp.com\/centrodeolivaryaceite.com\/wp-content\/uploads\/2023\/07\/PRESENTACION-PUERTAS-ABIERTAS-ANIVERSARIO-16.jpeg?resize=1080%2C720&amp;ssl=1 1080w, https:\/\/i0.wp.com\/centrodeolivaryaceite.com\/wp-content\/uploads\/2023\/07\/PRESENTACION-PUERTAS-ABIERTAS-ANIVERSARIO-16.jpeg?resize=1280%2C853&amp;ssl=1 1280w, https:\/\/i0.wp.com\/centrodeolivaryaceite.com\/wp-content\/uploads\/2023\/07\/PRESENTACION-PUERTAS-ABIERTAS-ANIVERSARIO-16.jpeg?resize=980%2C653&amp;ssl=1 980w, https:\/\/i0.wp.com\/centrodeolivaryaceite.com\/wp-content\/uploads\/2023\/07\/PRESENTACION-PUERTAS-ABIERTAS-ANIVERSARIO-16.jpeg?resize=480%2C320&amp;ssl=1 480w\" width=\"536\" height=\"357\" loading=\"lazy\" data-original-width=\"536\" data-original-height=\"357\" itemprop=\"http:\/\/schema.org\/image\" title=\"PRESENTACION PUERTAS ABIERTAS ANIVERSARIO (16)\" alt=\"PRESENTACION PUERTAS ABIERTAS ANIVERSARIO (16)\" style=\"width: 536px; height: 357px;\" \/> <\/a> <\/div> <\/div> <!-- close group --> <\/div> <!-- close row --> <\/div>\n","protected":false},"excerpt":{"rendered":"<p>El Centro de Interpretaci\u00f3n \u201cOlivar y Aceite\u201d est\u00e1 de celebraci\u00f3n, ya que este mes de abril la entidad celebra el 10\u00ba aniversario, y qu\u00e9 mejor manera de conmemorar esta efem\u00e9ride que con una Jornada de Puertas Abiertas, para seguir trabajando en el objetivo con el que se inici\u00f3 este proyecto, la promoci\u00f3n y difusi\u00f3n de [&hellip;]<\/p>\n","protected":false},"author":1,"featured_media":44252,"comment_status":"open","ping_status":"open","sticky":false,"template":"","format":"standard","meta":{"_et_pb_use_builder":"","_et_pb_old_content":"","_et_gb_content_width":"","_jetpack_memberships_contains_paid_content":false,"footnotes":""},"categories":[1],"tags":[],"class_list":["post-44249","post","type-post","status-publish","format-standard","has-post-thumbnail","hentry","category-general"],"jetpack_featured_media_url":"https:\/\/i0.wp.com\/centrodeolivaryaceite.com\/wp-content\/uploads\/2023\/07\/PRESENTACION-PUERTAS-ABIERTAS-ANIVERSARIO-5.jpeg?fit=1600%2C1066&ssl=1","jetpack_sharing_enabled":true,"jetpack_shortlink":"https:\/\/wp.me\/p95A9q-bvH","_links":{"self":[{"href":"https:\/\/centrodeolivaryaceite.com\/es\/wp-json\/wp\/v2\/posts\/44249\/"}],"collection":[{"href":"https:\/\/centrodeolivaryaceite.com\/es\/wp-json\/wp\/v2\/posts\/"}],"about":[{"href":"https:\/\/centrodeolivaryaceite.com\/es\/wp-json\/wp\/v2\/types\/post\/"}],"author":[{"embeddable":true,"href":"https:\/\/centrodeolivaryaceite.com\/es\/wp-json\/wp\/v2\/users\/1\/"}],"replies":[{"embeddable":true,"href":"https:\/\/centrodeolivaryaceite.com\/es\/wp-json\/wp\/v2\/comments\/?post=44249"}],"version-history":[{"count":1,"href":"https:\/\/centrodeolivaryaceite.com\/es\/wp-json\/wp\/v2\/posts\/44249\/revisions\/"}],"predecessor-version":[{"id":44260,"href":"https:\/\/centrodeolivaryaceite.com\/es\/wp-json\/wp\/v2\/posts\/44249\/revisions\/44260\/"}],"wp:featuredmedia":[{"embeddable":true,"href":"https:\/\/centrodeolivaryaceite.com\/es\/wp-json\/wp\/v2\/media\/44252\/"}],"wp:attachment":[{"href":"https:\/\/centrodeolivaryaceite.com\/es\/wp-json\/wp\/v2\/media\/?parent=44249"}],"wp:term":[{"taxonomy":"category","embeddable":true,"href":"https:\/\/centrodeolivaryaceite.com\/es\/wp-json\/wp\/v2\/categories\/?post=44249"},{"taxonomy":"post_tag","embeddable":true,"href":"https:\/\/centrodeolivaryaceite.com\/es\/wp-json\/wp\/v2\/tags\/?post=44249"}],"curies":[{"name":"wp","href":"https:\/\/api.w.org\/{rel}","templated":true}]}}