{"id":44262,"date":"2023-06-16T11:12:38","date_gmt":"2023-06-16T11:12:38","guid":{"rendered":"https:\/\/centrodeolivaryaceite.com\/?p=44262"},"modified":"2023-08-02T11:33:46","modified_gmt":"2023-08-02T11:33:46","slug":"convenio-de-colaboracion-entre-la-asociacion-olivar-y-aceite","status":"publish","type":"post","link":"https:\/\/centrodeolivaryaceite.com\/es\/convenio-de-colaboracion-entre-la-asociacion-olivar-y-aceite\/","title":{"rendered":"Convenio de colaboraci\u00f3n entre la Asociaci\u00f3n Olivar y Aceite"},"content":{"rendered":"<p>Javier G\u00e1mez, presidente de la Asociaci\u00f3n Olivar y Aceite provincia de Ja\u00e9n,\u00a0 entidad gestora del Centro de Interpretaci\u00f3n de \u00dabeda, y \u00a0Cristobal S\u00e1nchez, delegado comercial de la empresa Agromillora Iberia en Andaluc\u00eda, cuya actividad es la producci\u00f3n y comercializaci\u00f3n de \u00e1rboles frutales, olivar y vi\u00f1a,\u00a0 procedieron a la firma de un convenio de colaboraci\u00f3n en el marco de\u00a0 Expoliva.<\/p>\n<p>El objetivo principal de este acuerdo es colaborar en acciones concernientes a la promoci\u00f3n y difusi\u00f3n de la cultura de los aceites de oliva y el olivar, adem\u00e1s de consultor\u00eda, \u00a0formaci\u00f3n y organizaci\u00f3n conjunta de actuaciones como conferencias, seminarios y catas de aceites,\u00a0 sobre el sector agr\u00edcola en general y el olivar principalmente.<\/p>\n<p>Javier G\u00e1mez,\u00a0 presidente de la Asociaci\u00f3n Olivar y Aceite provincia de Ja\u00e9n, indicaba que\u00a0 \u00a0\u201ces un convenio de colaboraci\u00f3n entre el Centro de Interpretaci\u00f3n Olivar y Aceite y la empresa Agromillora, l\u00edderes mundiales en el sector viver\u00edstico, agradeciendo a Cristobal S\u00e1nchez, que haya tenido a bien ofrecer sus servicios, a todos los socios con las condiciones especiales que se ir\u00e1n desarrollando posteriormente en la ejecuci\u00f3n del convenio\u201d.<\/p>\n<p>As\u00ed G\u00e1mez, destac\u00f3 \u201cla importancia que tienen los 85 socios, que apuestan por la Asociaci\u00f3n Olivar y Aceite, adem\u00e1s de empresas punteras del sector como Agromillora, que viene ya colaborando con el Centro en distintas actividades formativas y en las pasadas Jornadas Virgen \u00a0Extra celebradas en 2023, y que firme este convenio de colaboraci\u00f3n en auge del sector, apostando por el\u00a0 desarrollo agr\u00edcola en los viveros y cultivo del olivar\u201d.<\/p>\n<p>Por su parte, Cristobal S\u00e1nchez de Agromillora, se\u00f1alaba que \u00a0\u201cpara nosotros\u00a0 colaborar con el Centro del Olivar y el Aceite es fundamental, nos parece un reto trabajar en la difusi\u00f3n y divulgaci\u00f3n del consumo y la cultura del aceite de oliva virgen extra, aqu\u00ed y en el resto del mundo. Como vivero productor de plantas de olivo en \u00a0todo el mundo, potenciar esa cultura y que siga creciendo, que el consumo del aceite aumente, que se conozca mas all\u00e1 de nuestras fronteras\u00a0 para nosotros es vital. \u00a0No s\u00f3lo somos productores de olivos, ellos son un centro de referencia que trabajan la formaci\u00f3n y\u00a0 la divulgaci\u00f3n, todos contribuimos a que si el consumo de los aceites de oliva crece, estaremos generando una sociedad m\u00e1s sana, saludable \u00a0y mucho m\u00e1s longeva\u201d.<\/p>\n<p><img data-recalc-dims=\"1\" loading=\"lazy\" decoding=\"async\" data-attachment-id=\"44265\" data-permalink=\"https:\/\/centrodeolivaryaceite.com\/es\/convenio-de-colaboracion-entre-la-asociacion-olivar-y-aceite\/convenio-agromillora-3\/\" data-orig-file=\"https:\/\/i0.wp.com\/centrodeolivaryaceite.com\/wp-content\/uploads\/2023\/08\/CONVENIO-AGROMILLORA-3.jpg?fit=1024%2C683&amp;ssl=1\" data-orig-size=\"1024,683\" data-comments-opened=\"1\" data-image-meta=\"{&quot;aperture&quot;:&quot;3.5&quot;,&quot;credit&quot;:&quot;&quot;,&quot;camera&quot;:&quot;Canon EOS 2000D&quot;,&quot;caption&quot;:&quot;&quot;,&quot;created_timestamp&quot;:&quot;1683804258&quot;,&quot;copyright&quot;:&quot;&quot;,&quot;focal_length&quot;:&quot;18&quot;,&quot;iso&quot;:&quot;160&quot;,&quot;shutter_speed&quot;:&quot;0.025&quot;,&quot;title&quot;:&quot;&quot;,&quot;orientation&quot;:&quot;1&quot;}\" data-image-title=\"CONVENIO AGROMILLORA (3)\" data-image-description=\"\" data-image-caption=\"\" data-medium-file=\"https:\/\/i0.wp.com\/centrodeolivaryaceite.com\/wp-content\/uploads\/2023\/08\/CONVENIO-AGROMILLORA-3.jpg?fit=300%2C200&amp;ssl=1\" data-large-file=\"https:\/\/i0.wp.com\/centrodeolivaryaceite.com\/wp-content\/uploads\/2023\/08\/CONVENIO-AGROMILLORA-3.jpg?fit=1024%2C683&amp;ssl=1\" class=\"aligncenter size-full wp-image-44265\" src=\"https:\/\/i0.wp.com\/centrodeolivaryaceite.com\/wp-content\/uploads\/2023\/08\/CONVENIO-AGROMILLORA-3.jpg?resize=1024%2C683&#038;ssl=1\" alt=\"\" width=\"1024\" height=\"683\" srcset=\"https:\/\/centrodeolivaryaceite.com\/wp-content\/uploads\/2023\/08\/CONVENIO-AGROMILLORA-3.jpg 1024w, https:\/\/centrodeolivaryaceite.com\/wp-content\/uploads\/2023\/08\/CONVENIO-AGROMILLORA-3-980x654.jpg 980w, https:\/\/centrodeolivaryaceite.com\/wp-content\/uploads\/2023\/08\/CONVENIO-AGROMILLORA-3-480x320.jpg 480w\" sizes=\"(min-width: 0px) and (max-width: 480px) 480px, (min-width: 481px) and (max-width: 980px) 980px, (min-width: 981px) 1024px, 100vw\" \/><\/p>\n","protected":false},"excerpt":{"rendered":"<p>Javier G\u00e1mez, presidente de la Asociaci\u00f3n Olivar y Aceite provincia de Ja\u00e9n,\u00a0 entidad gestora del Centro de Interpretaci\u00f3n de \u00dabeda, y \u00a0Cristobal S\u00e1nchez, delegado comercial de la empresa Agromillora Iberia en Andaluc\u00eda, cuya actividad es la producci\u00f3n y comercializaci\u00f3n de \u00e1rboles frutales, olivar y vi\u00f1a,\u00a0 procedieron a la firma de un convenio de colaboraci\u00f3n en [&hellip;]<\/p>\n","protected":false},"author":1,"featured_media":44263,"comment_status":"open","ping_status":"open","sticky":false,"template":"","format":"standard","meta":{"_et_pb_use_builder":"","_et_pb_old_content":"","_et_gb_content_width":"","_jetpack_memberships_contains_paid_content":false,"footnotes":""},"categories":[1],"tags":[],"class_list":["post-44262","post","type-post","status-publish","format-standard","has-post-thumbnail","hentry","category-general"],"jetpack_featured_media_url":"https:\/\/i0.wp.com\/centrodeolivaryaceite.com\/wp-content\/uploads\/2023\/08\/CONVENIO-AGROMILLORA-1.jpg?fit=1024%2C683&ssl=1","jetpack_sharing_enabled":true,"jetpack_shortlink":"https:\/\/wp.me\/p95A9q-bvU","_links":{"self":[{"href":"https:\/\/centrodeolivaryaceite.com\/es\/wp-json\/wp\/v2\/posts\/44262\/"}],"collection":[{"href":"https:\/\/centrodeolivaryaceite.com\/es\/wp-json\/wp\/v2\/posts\/"}],"about":[{"href":"https:\/\/centrodeolivaryaceite.com\/es\/wp-json\/wp\/v2\/types\/post\/"}],"author":[{"embeddable":true,"href":"https:\/\/centrodeolivaryaceite.com\/es\/wp-json\/wp\/v2\/users\/1\/"}],"replies":[{"embeddable":true,"href":"https:\/\/centrodeolivaryaceite.com\/es\/wp-json\/wp\/v2\/comments\/?post=44262"}],"version-history":[{"count":1,"href":"https:\/\/centrodeolivaryaceite.com\/es\/wp-json\/wp\/v2\/posts\/44262\/revisions\/"}],"predecessor-version":[{"id":44267,"href":"https:\/\/centrodeolivaryaceite.com\/es\/wp-json\/wp\/v2\/posts\/44262\/revisions\/44267\/"}],"wp:featuredmedia":[{"embeddable":true,"href":"https:\/\/centrodeolivaryaceite.com\/es\/wp-json\/wp\/v2\/media\/44263\/"}],"wp:attachment":[{"href":"https:\/\/centrodeolivaryaceite.com\/es\/wp-json\/wp\/v2\/media\/?parent=44262"}],"wp:term":[{"taxonomy":"category","embeddable":true,"href":"https:\/\/centrodeolivaryaceite.com\/es\/wp-json\/wp\/v2\/categories\/?post=44262"},{"taxonomy":"post_tag","embeddable":true,"href":"https:\/\/centrodeolivaryaceite.com\/es\/wp-json\/wp\/v2\/tags\/?post=44262"}],"curies":[{"name":"wp","href":"https:\/\/api.w.org\/{rel}","templated":true}]}}