{"id":4487,"date":"2015-07-11T10:57:04","date_gmt":"2015-07-11T10:57:04","guid":{"rendered":"http:\/\/centrodeolivaryaceitelaloma.com\/copiablog\/?p=4487"},"modified":"2022-07-29T11:47:44","modified_gmt":"2022-07-29T11:47:44","slug":"nuevas-recetas-de-nuestros-talleres-de-cocina","status":"publish","type":"post","link":"https:\/\/centrodeolivaryaceite.com\/es\/nuevas-recetas-de-nuestros-talleres-de-cocina\/","title":{"rendered":"Nuevas recetas de nuestros Talleres de Cocina"},"content":{"rendered":"<p>[et_pb_section fb_built=\u00bb1&#8243; fullwidth=\u00bbon\u00bb custom_padding_last_edited=\u00bbon|desktop\u00bb admin_label=\u00bbSecci\u00f3n\u00bb _builder_version=\u00bb3.22&#8243; background_color=\u00bb#ffffff\u00bb background_image=\u00bbhttp:\/\/centrodeolivaryaceite.com\/wp-content\/uploads\/2016\/06\/page_header_bg_blue.jpg\u00bb custom_padding_tablet=\u00bb50px|0|50px|0&#8243; transparent_background=\u00bboff\u00bb padding_mobile=\u00bboff\u00bb make_fullwidth=\u00bboff\u00bb use_custom_width=\u00bboff\u00bb width_unit=\u00bbon\u00bb global_module=\u00bb5294&#8243; locked=\u00bboff\u00bb collapsed=\u00bboff\u00bb global_colors_info=\u00bb{}\u00bb custom_padding_phone=\u00bb50px|0|50px|0&#8243;][et_pb_fullwidth_post_title meta=\u00bboff\u00bb featured_image=\u00bboff\u00bb text_color=\u00bblight\u00bb text_background=\u00bbon\u00bb text_bg_color=\u00bbrgba(28,28,28,0.43)\u00bb admin_label=\u00bbT\u00edtulo\u00bb _builder_version=\u00bb4.17.6&#8243; _module_preset=\u00bbdefault\u00bb title_font=\u00bbRoboto Light||||\u00bb title_font_size=\u00bb35px\u00bb title_all_caps=\u00bbon\u00bb background_color=\u00bbrgba(255,255,255,0)\u00bb parallax=\u00bbon\u00bb parallax_method=\u00bboff\u00bb text_orientation=\u00bbcenter\u00bb use_border_color=\u00bboff\u00bb border_color=\u00bb#ffffff\u00bb border_style=\u00bbsolid\u00bb parallax_effect=\u00bbon\u00bb module_bg_color=\u00bbrgba(255,255,255,0)\u00bb global_colors_info=\u00bb{}\u00bb][\/et_pb_fullwidth_post_title][\/et_pb_section][et_pb_section fb_built=\u00bb1&#8243; custom_padding_last_edited=\u00bbon|desktop\u00bb admin_label=\u00bbSecci\u00f3n\u00bb _builder_version=\u00bb4.16&#8243; background_color=\u00bb#ffffff\u00bb custom_padding=\u00bb10px|||\u00bb custom_padding_tablet=\u00bb50px|0|50px|0&#8243; transparent_background=\u00bboff\u00bb padding_mobile=\u00bboff\u00bb make_fullwidth=\u00bboff\u00bb use_custom_width=\u00bboff\u00bb width_unit=\u00bbon\u00bb global_colors_info=\u00bb{}\u00bb custom_padding_phone=\u00bb50px|0|50px|0&#8243;][et_pb_row padding_mobile=\u00bboff\u00bb column_padding_mobile=\u00bbon\u00bb admin_label=\u00bbFila\u00bb _builder_version=\u00bb4.16&#8243; background_size=\u00bbinitial\u00bb background_position=\u00bbtop_left\u00bb background_repeat=\u00bbrepeat\u00bb custom_padding=\u00bb10px|||\u00bb make_fullwidth=\u00bboff\u00bb use_custom_width=\u00bboff\u00bb width_unit=\u00bbon\u00bb global_colors_info=\u00bb{}\u00bb][et_pb_column type=\u00bb4_4&#8243; _builder_version=\u00bb4.16&#8243; custom_padding=\u00bb|||\u00bb global_colors_info=\u00bb{}\u00bb custom_padding__hover=\u00bb|||\u00bb][et_pb_post_title title=\u00bboff\u00bb admin_label=\u00bbT\u00edtulo de publicaci\u00f3n\u00bb _builder_version=\u00bb4.16&#8243; title_all_caps=\u00bboff\u00bb background_color=\u00bbrgba(255,255,255,0)\u00bb parallax=\u00bbon\u00bb parallax_method=\u00bboff\u00bb use_border_color=\u00bboff\u00bb border_color=\u00bb#ffffff\u00bb border_style=\u00bbsolid\u00bb parallax_effect=\u00bbon\u00bb module_bg_color=\u00bbrgba(255,255,255,0)\u00bb global_colors_info=\u00bb{}\u00bb] [\/et_pb_post_title][\/et_pb_column][\/et_pb_row][\/et_pb_section][et_pb_section fb_built=\u00bb1&#8243; specialty=\u00bbon\u00bb custom_padding_last_edited=\u00bbon|desktop\u00bb parallax_method_1=\u00bboff\u00bb parallax_method_2=\u00bboff\u00bb admin_label=\u00bbSecci\u00f3n\u00bb _builder_version=\u00bb4.16&#8243; background_color=\u00bb#ffffff\u00bb custom_padding=\u00bb10px|||\u00bb custom_padding_tablet=\u00bb50px|0|50px|0&#8243; transparent_background=\u00bboff\u00bb padding_mobile=\u00bboff\u00bb make_fullwidth=\u00bboff\u00bb use_custom_width=\u00bboff\u00bb width_unit=\u00bbon\u00bb global_colors_info=\u00bb{}\u00bb custom_padding_phone=\u00bb50px|0|50px|0&#8243;][et_pb_column type=\u00bb2_3&#8243; specialty_columns=\u00bb2&#8243; _builder_version=\u00bb4.16&#8243; custom_padding=\u00bb|||\u00bb global_colors_info=\u00bb{}\u00bb custom_padding__hover=\u00bb|||\u00bb][et_pb_row_inner padding_mobile=\u00bboff\u00bb column_padding_mobile=\u00bbon\u00bb admin_label=\u00bbFila\u00bb _builder_version=\u00bb4.16&#8243; custom_padding=\u00bb0px|||\u00bb global_colors_info=\u00bb{}\u00bb][et_pb_column_inner saved_specialty_column_type=\u00bb2_3&#8243; _builder_version=\u00bb4.16&#8243; custom_padding=\u00bb|||\u00bb global_colors_info=\u00bb{}\u00bb custom_padding__hover=\u00bb|||\u00bb][et_pb_text admin_label=\u00bbText\u00bb _builder_version=\u00bb4.16&#8243; background_size=\u00bbinitial\u00bb background_position=\u00bbtop_left\u00bb background_repeat=\u00bbrepeat\u00bb global_colors_info=\u00bb{}\u00bb]Un pilar fundamental de nuestro Centro de Interpretaci\u00f3n es nuestra aula de cocina en la que desarrollamos diferentes actividades formativas. En nuestros Talleres de Cocina para ni\u00f1os y adultos nos divertimos de igual manera en la cocina, y siempre de la mano de expertos cocineros. Todo ello para fomentar el aumento del\u00a0<strong>consumo Aceite de Oliva Virgen Extra en\u00a0Ja\u00e9n<\/strong>. Os dejamos algunas recetas basadas en el Aceite de Oliva Virgen Extra que desarrollamos en estos Talleres tanto de adultos como de ni\u00f1os:<\/p>\n<p align=\"center\"><a href=\"https:\/\/i0.wp.com\/centrodeolivaryaceite.com\/wp-content\/uploads\/2015\/07\/sopa-fria-de-pepino.jpg\"><img data-recalc-dims=\"1\" loading=\"lazy\" decoding=\"async\" data-attachment-id=\"4488\" data-permalink=\"https:\/\/centrodeolivaryaceite.com\/es\/nuevas-recetas-de-nuestros-talleres-de-cocina\/sopa-fria-de-pepino\/\" data-orig-file=\"https:\/\/i0.wp.com\/centrodeolivaryaceite.com\/wp-content\/uploads\/2015\/07\/sopa-fria-de-pepino.jpg?fit=960%2C637&amp;ssl=1\" data-orig-size=\"960,637\" data-comments-opened=\"1\" data-image-meta=\"{&quot;aperture&quot;:&quot;0&quot;,&quot;credit&quot;:&quot;&quot;,&quot;camera&quot;:&quot;&quot;,&quot;caption&quot;:&quot;&quot;,&quot;created_timestamp&quot;:&quot;0&quot;,&quot;copyright&quot;:&quot;&quot;,&quot;focal_length&quot;:&quot;0&quot;,&quot;iso&quot;:&quot;0&quot;,&quot;shutter_speed&quot;:&quot;0&quot;,&quot;title&quot;:&quot;&quot;,&quot;orientation&quot;:&quot;0&quot;}\" data-image-title=\"sopa fria de pepino\" data-image-description=\"\" data-image-caption=\"\" data-medium-file=\"https:\/\/i0.wp.com\/centrodeolivaryaceite.com\/wp-content\/uploads\/2015\/07\/sopa-fria-de-pepino.jpg?fit=300%2C199&amp;ssl=1\" data-large-file=\"https:\/\/i0.wp.com\/centrodeolivaryaceite.com\/wp-content\/uploads\/2015\/07\/sopa-fria-de-pepino.jpg?fit=960%2C637&amp;ssl=1\" class=\" size-medium wp-image-4488 aligncenter\" src=\"https:\/\/i0.wp.com\/centrodeolivaryaceite.com\/wp-content\/uploads\/2015\/07\/sopa-fria-de-pepino-300x199.jpg?resize=300%2C199\" alt=\"sopa fria de pepino\" width=\"300\" height=\"199\" srcset=\"https:\/\/i0.wp.com\/centrodeolivaryaceite.com\/wp-content\/uploads\/2015\/07\/sopa-fria-de-pepino.jpg?resize=300%2C199&amp;ssl=1 300w, https:\/\/i0.wp.com\/centrodeolivaryaceite.com\/wp-content\/uploads\/2015\/07\/sopa-fria-de-pepino.jpg?resize=768%2C510&amp;ssl=1 768w, https:\/\/i0.wp.com\/centrodeolivaryaceite.com\/wp-content\/uploads\/2015\/07\/sopa-fria-de-pepino.jpg?w=960&amp;ssl=1 960w\" sizes=\"(max-width: 300px) 100vw, 300px\" \/><\/a><\/p>\n<p style=\"text-align: center;\" align=\"center\"><b>SOPA FR\u00cdA DE YOGUR Y PEPINO:<\/b><\/p>\n<p>INGREDIENTES:\u00a02 yogures griegos naturales,\u00a01 pepino entero y otro pelado,\u00a0\u00a01 diente de ajo peque\u00f1o,\u00a0Vinagre de Pedro Ximenez,\u00a0\u200eAOVE\u202c variedad arbequina, sal \u00a0y\u00a0agua.<\/p>\n<p>PREPARACI\u00d3N:<\/p>\n<p>Lavamos los pepinos y pelamos uno de ellos en su mayor\u00eda. Los troceamos y ponemos en el vaso de la batidora. Troceamos tambi\u00e9n el diente de ajo y agregamos un poco de sal, vinagre y aceite de oliva virgen extra de variedad arbequina.<br \/>\nTrituramos todo junto al yogur griego hasta obtener un pur\u00e9 fino. Si resultase muy espeso para nuestro gusto podemos agregar un poco de agua hasta dejar la consistencia deseada. Refrigeramos unas horas o toda la noche y servimos muy, muy fr\u00edo. Para el emplatado podemos acompa\u00f1arlo con ahumados, anchoas, huevas, parmesano, menta o incluso pipas.<\/p>\n<p><a href=\"https:\/\/i0.wp.com\/centrodeolivaryaceite.com\/wp-content\/uploads\/2015\/07\/bizcocho.jpg\"><img data-recalc-dims=\"1\" loading=\"lazy\" decoding=\"async\" data-attachment-id=\"4489\" data-permalink=\"https:\/\/centrodeolivaryaceite.com\/es\/nuevas-recetas-de-nuestros-talleres-de-cocina\/bizcocho\/\" data-orig-file=\"https:\/\/i0.wp.com\/centrodeolivaryaceite.com\/wp-content\/uploads\/2015\/07\/bizcocho.jpg?fit=960%2C960&amp;ssl=1\" data-orig-size=\"960,960\" data-comments-opened=\"1\" data-image-meta=\"{&quot;aperture&quot;:&quot;0&quot;,&quot;credit&quot;:&quot;&quot;,&quot;camera&quot;:&quot;&quot;,&quot;caption&quot;:&quot;&quot;,&quot;created_timestamp&quot;:&quot;0&quot;,&quot;copyright&quot;:&quot;&quot;,&quot;focal_length&quot;:&quot;0&quot;,&quot;iso&quot;:&quot;0&quot;,&quot;shutter_speed&quot;:&quot;0&quot;,&quot;title&quot;:&quot;&quot;,&quot;orientation&quot;:&quot;0&quot;}\" data-image-title=\"bizcocho\" data-image-description=\"\" data-image-caption=\"\" data-medium-file=\"https:\/\/i0.wp.com\/centrodeolivaryaceite.com\/wp-content\/uploads\/2015\/07\/bizcocho.jpg?fit=300%2C300&amp;ssl=1\" data-large-file=\"https:\/\/i0.wp.com\/centrodeolivaryaceite.com\/wp-content\/uploads\/2015\/07\/bizcocho.jpg?fit=960%2C960&amp;ssl=1\" class=\" wp-image-4489 aligncenter\" src=\"https:\/\/i0.wp.com\/centrodeolivaryaceite.com\/wp-content\/uploads\/2015\/07\/bizcocho-300x300.jpg?resize=203%2C203\" alt=\"bizcocho\" width=\"203\" height=\"203\" srcset=\"https:\/\/i0.wp.com\/centrodeolivaryaceite.com\/wp-content\/uploads\/2015\/07\/bizcocho.jpg?resize=300%2C300&amp;ssl=1 300w, https:\/\/i0.wp.com\/centrodeolivaryaceite.com\/wp-content\/uploads\/2015\/07\/bizcocho.jpg?resize=150%2C150&amp;ssl=1 150w, https:\/\/i0.wp.com\/centrodeolivaryaceite.com\/wp-content\/uploads\/2015\/07\/bizcocho.jpg?resize=768%2C768&amp;ssl=1 768w, https:\/\/i0.wp.com\/centrodeolivaryaceite.com\/wp-content\/uploads\/2015\/07\/bizcocho.jpg?w=960&amp;ssl=1 960w\" sizes=\"(max-width: 203px) 100vw, 203px\" \/><\/a><\/p>\n<p style=\"text-align: center;\"><strong>BIZCOCHO GALLETAS EL PRINCIPE<\/strong><\/p>\n<p><span style=\"line-height: 1.5em;\">INGREDIENTES:<\/span><\/p>\n<p>500g de galletas el Pr\u00edncipe,\u00a0200g de az\u00facar, 200g de leche,\u00a0100g de aceite de Oliva Virgen Extra,\u00a03 huevos y 1\u00a0sobre de levadura.<\/p>\n<p>PREPARACI\u00d3N:<\/p>\n<p>Ponemos az\u00facar en la batidora y la hacemos glass y reservamos.\u00a0Picamos bien las galletas, con picadora, batidora o meti\u00e9ndolas en una bolsa y pasando un rodillo por encima. En un bol batimos los huevos, a\u00f1adimos el az\u00facar y batimos, el aceite y leche y batimos, la levadura, batimos y por \u00faltimo echamos las galletas molidas y mezclamos todo bien.\u00a0Horneamos de 25 a 30 minutos aproximadamente a 170\u00ba y presentar espolvoreado con az\u00facar glass.<\/p>\n<p>Os dejamos la fechas de nuestros pr\u00f3ximos Talleres<\/p>\n<p><strong>Talleres de Cocina:<\/strong><\/p>\n<p>&#8211; Taller de Cocina \u201cHelados con AOVE\u201d con Anselmo Ju\u00e1rez. 15 de Julio a las 18:00.<\/p>\n<p><strong>Pr\u00f3ximos Talleres para \u00a0Ni\u00f1os:<\/strong><\/p>\n<p>&#8211;\u00a0JUEGOS EN \u00a0EL MUSEO\u00a022 DE JULIO. 10:30 h.<br \/>\n&#8211; OLEOCOSM\u00c9TICA\u00a030 DE JULIO. 10:30 h.<br \/>\n&#8211; COCINA CON LA DIETA MEDITERR\u00c1NEA\u00a013 DE AGOSTO. 10:30 h.<\/p>\n<p>&nbsp;<\/p>\n<p>&nbsp;<\/p>\n<p style=\"text-align: center;\">\n<p>[\/et_pb_text][et_pb_comments admin_label=\u00bbComentarios\u00bb _builder_version=\u00bb4.16&#8243; use_border_color=\u00bboff\u00bb border_color=\u00bb#ffffff\u00bb border_style=\u00bbsolid\u00bb button_letter_spacing_hover=\u00bb0&#8243; global_colors_info=\u00bb{}\u00bb button_text_size__hover_enabled=\u00bboff\u00bb button_one_text_size__hover_enabled=\u00bboff\u00bb button_two_text_size__hover_enabled=\u00bboff\u00bb button_text_color__hover_enabled=\u00bboff\u00bb button_one_text_color__hover_enabled=\u00bboff\u00bb button_two_text_color__hover_enabled=\u00bboff\u00bb button_border_width__hover_enabled=\u00bboff\u00bb button_one_border_width__hover_enabled=\u00bboff\u00bb button_two_border_width__hover_enabled=\u00bboff\u00bb button_border_color__hover_enabled=\u00bboff\u00bb button_one_border_color__hover_enabled=\u00bboff\u00bb button_two_border_color__hover_enabled=\u00bboff\u00bb button_border_radius__hover_enabled=\u00bboff\u00bb button_one_border_radius__hover_enabled=\u00bboff\u00bb button_two_border_radius__hover_enabled=\u00bboff\u00bb button_letter_spacing__hover_enabled=\u00bbon\u00bb button_letter_spacing__hover=\u00bb0&#8243; button_one_letter_spacing__hover_enabled=\u00bboff\u00bb button_two_letter_spacing__hover_enabled=\u00bboff\u00bb button_bg_color__hover_enabled=\u00bboff\u00bb button_one_bg_color__hover_enabled=\u00bboff\u00bb button_two_bg_color__hover_enabled=\u00bboff\u00bb] [\/et_pb_comments][\/et_pb_column_inner][\/et_pb_row_inner][\/et_pb_column][et_pb_column type=\u00bb1_3&#8243; _builder_version=\u00bb4.16&#8243; custom_padding=\u00bb|||\u00bb global_colors_info=\u00bb{}\u00bb custom_padding__hover=\u00bb|||\u00bb][et_pb_sidebar orientation=\u00bbright\u00bb area=\u00bbsidebar-1&#8243; admin_label=\u00bbBarra lateral\u00bb _builder_version=\u00bb4.16&#8243; remove_border=\u00bboff\u00bb global_colors_info=\u00bb{}\u00bb] [\/et_pb_sidebar][\/et_pb_column][\/et_pb_section][et_pb_section fb_built=\u00bb1&#8243; custom_padding_last_edited=\u00bbon|desktop\u00bb disabled_on=\u00bbon|on|on\u00bb admin_label=\u00bbSecci\u00f3n\u00bb _builder_version=\u00bb3.0.92&#8243; background_color=\u00bb#dedacf\u00bb custom_padding_tablet=\u00bb50px|0|50px|0&#8243; transparent_background=\u00bboff\u00bb padding_mobile=\u00bboff\u00bb make_fullwidth=\u00bboff\u00bb use_custom_width=\u00bboff\u00bb width_unit=\u00bbon\u00bb disabled=\u00bbon\u00bb global_module=\u00bb5116&#8243; collapsed=\u00bboff\u00bb global_colors_info=\u00bb{}\u00bb custom_padding_phone=\u00bb50px|0|50px|0&#8243;][et_pb_row _builder_version=\u00bb4.16&#8243; global_colors_info=\u00bb{}\u00bb][et_pb_column type=\u00bb4_4&#8243; _builder_version=\u00bb4.16&#8243; custom_padding=\u00bb|||\u00bb global_colors_info=\u00bb{}\u00bb custom_padding__hover=\u00bb|||\u00bb][\/et_pb_column][\/et_pb_row][\/et_pb_section][et_pb_section fb_built=\u00bb1&#8243; custom_padding_last_edited=\u00bbon|desktop\u00bb admin_label=\u00bbSecci\u00f3n\u00bb _builder_version=\u00bb3.22&#8243; background_color=\u00bb#ffffff\u00bb custom_padding=\u00bb10px||0px|\u00bb custom_padding_tablet=\u00bb50px|0|50px|0&#8243; transparent_background=\u00bboff\u00bb padding_mobile=\u00bboff\u00bb make_fullwidth=\u00bboff\u00bb use_custom_width=\u00bboff\u00bb width_unit=\u00bbon\u00bb global_module=\u00bb5115&#8243; collapsed=\u00bboff\u00bb global_colors_info=\u00bb{}\u00bb custom_padding_phone=\u00bb50px|0|50px|0&#8243;][et_pb_row padding_mobile=\u00bboff\u00bb column_padding_mobile=\u00bbon\u00bb _builder_version=\u00bb4.16&#8243; background_size=\u00bbinitial\u00bb background_position=\u00bbtop_left\u00bb background_repeat=\u00bbrepeat\u00bb max_width=\u00bb1080px\u00bb custom_padding=\u00bb0px||0px|\u00bb make_fullwidth=\u00bboff\u00bb use_custom_width=\u00bboff\u00bb width_unit=\u00bbon\u00bb global_colors_info=\u00bb{}\u00bb][\/et_pb_row][\/et_pb_section]<\/p>\n","protected":false},"excerpt":{"rendered":"<p>Un pilar fundamental de nuestro Centro de Interpretaci\u00f3n es nuestra aula de cocina en la que desarrollamos diferentes actividades formativas. En nuestros Talleres de Cocina para ni\u00f1os y adultos nos divertimos de igual manera en la cocina, y siempre de la mano de expertos cocineros. Todo ello para fomentar el aumento del\u00a0consumo Aceite de Oliva [&hellip;]<\/p>\n","protected":false},"author":1,"featured_media":4491,"comment_status":"open","ping_status":"open","sticky":false,"template":"","format":"standard","meta":{"_et_pb_use_builder":"on","_et_pb_old_content":"<p>Un pilar fundamental de nuestro Centro de Interpretaci\u00f3n es nuestra aula de cocina en la que desarrollamos diferentes actividades formativas. En nuestros Talleres de Cocina para ni\u00f1os y adultos nos divertimos de igual manera en la cocina, y siempre de la mano de expertos cocineros. Todo ello para fomentar el aumento del\u00a0<strong>consumo Aceite de Oliva Virgen Extra en\u00a0Ja\u00e9n<\/strong>. Os dejamos algunas recetas basadas en el Aceite de Oliva Virgen Extra que desarrollamos en estos Talleres tanto de adultos como de ni\u00f1os:<\/p><p align=\"center\"><a href=\"http:\/\/centrodeolivaryaceite.com\/wp-content\/uploads\/2015\/07\/sopa-fria-de-pepino.jpg\"><img class=\" size-medium wp-image-4488 aligncenter\" src=\"http:\/\/centrodeolivaryaceite.com\/wp-content\/uploads\/2015\/07\/sopa-fria-de-pepino-300x199.jpg\" alt=\"sopa fria de pepino\" width=\"300\" height=\"199\" \/><\/a><\/p><p style=\"text-align: center;\" align=\"center\"><b>SOPA FR\u00cdA DE YOGUR Y PEPINO:<\/b><\/p><p>INGREDIENTES:\u00a02 yogures griegos naturales,\u00a01 pepino entero y otro pelado,\u00a0\u00a01 diente de ajo peque\u00f1o,\u00a0Vinagre de Pedro Ximenez,\u00a0\u200eAOVE\u202c variedad arbequina, sal \u00a0y\u00a0agua.<\/p><p>PREPARACI\u00d3N:<\/p><p>Lavamos los pepinos y pelamos uno de ellos en su mayor\u00eda. Los troceamos y ponemos en el vaso de la batidora. Troceamos tambi\u00e9n el diente de ajo y agregamos un poco de sal, vinagre y aceite de oliva virgen extra de variedad arbequina.<br \/> Trituramos todo junto al yogur griego hasta obtener un pur\u00e9 fino. Si resultase muy espeso para nuestro gusto podemos agregar un poco de agua hasta dejar la consistencia deseada. Refrigeramos unas horas o toda la noche y servimos muy, muy fr\u00edo. Para el emplatado podemos acompa\u00f1arlo con ahumados, anchoas, huevas, parmesano, menta o incluso pipas.<\/p><p><a href=\"http:\/\/centrodeolivaryaceite.com\/wp-content\/uploads\/2015\/07\/bizcocho.jpg\"><img class=\" wp-image-4489 aligncenter\" src=\"http:\/\/centrodeolivaryaceite.com\/wp-content\/uploads\/2015\/07\/bizcocho-300x300.jpg\" alt=\"bizcocho\" width=\"203\" height=\"203\" \/><\/a><\/p><p style=\"text-align: center;\"><strong>BIZCOCHO GALLETAS EL PRINCIPE<\/strong><\/p><p><span style=\"line-height: 1.5em;\">INGREDIENTES:<\/span><\/p><p>500g de galletas el Pr\u00edncipe,\u00a0200g de az\u00facar, 200g de leche,\u00a0100g de aceite de Oliva Virgen Extra,\u00a03 huevos y 1\u00a0sobre de levadura.<\/p><p>PREPARACI\u00d3N:<\/p><p>Ponemos az\u00facar en la batidora y la hacemos glass y reservamos.\u00a0Picamos bien las galletas, con picadora, batidora o meti\u00e9ndolas en una bolsa y pasando un rodillo por encima. En un bol batimos los huevos, a\u00f1adimos el az\u00facar y batimos, el aceite y leche y batimos, la levadura, batimos y por \u00faltimo echamos las galletas molidas y mezclamos todo bien.\u00a0Horneamos de 25 a 30 minutos aproximadamente a 170\u00ba y presentar espolvoreado con az\u00facar glass.<\/p><p>Os dejamos la fechas de nuestros pr\u00f3ximos Talleres<\/p><p><strong>Talleres de Cocina:<\/strong><\/p><p>- Taller de Cocina \u201cHelados con AOVE\u201d con Anselmo Ju\u00e1rez. 15 de Julio a las 18:00.<\/p><p><strong>Pr\u00f3ximos Talleres para \u00a0Ni\u00f1os:<\/strong><\/p><p>-\u00a0JUEGOS EN \u00a0EL MUSEO\u00a022 DE JULIO. 10:30 h.<br \/> - OLEOCOSM\u00c9TICA\u00a030 DE JULIO. 10:30 h.<br \/> - COCINA CON LA DIETA MEDITERR\u00c1NEA\u00a013 DE AGOSTO. 10:30 h.<\/p><p>\u00a0<\/p><p>\u00a0<\/p><p style=\"text-align: center;\">\u00a0<\/p>","_et_gb_content_width":"","_jetpack_memberships_contains_paid_content":false,"footnotes":""},"categories":[37],"tags":[],"class_list":["post-4487","post","type-post","status-publish","format-standard","has-post-thumbnail","hentry","category-gastronomia"],"jetpack_featured_media_url":"https:\/\/i0.wp.com\/centrodeolivaryaceite.com\/wp-content\/uploads\/2015\/07\/taller-cocina-zeitum.jpg?fit=960%2C960&ssl=1","jetpack_sharing_enabled":true,"jetpack_shortlink":"https:\/\/wp.me\/p95A9q-1an","_links":{"self":[{"href":"https:\/\/centrodeolivaryaceite.com\/es\/wp-json\/wp\/v2\/posts\/4487\/"}],"collection":[{"href":"https:\/\/centrodeolivaryaceite.com\/es\/wp-json\/wp\/v2\/posts\/"}],"about":[{"href":"https:\/\/centrodeolivaryaceite.com\/es\/wp-json\/wp\/v2\/types\/post\/"}],"author":[{"embeddable":true,"href":"https:\/\/centrodeolivaryaceite.com\/es\/wp-json\/wp\/v2\/users\/1\/"}],"replies":[{"embeddable":true,"href":"https:\/\/centrodeolivaryaceite.com\/es\/wp-json\/wp\/v2\/comments\/?post=4487"}],"version-history":[{"count":0,"href":"https:\/\/centrodeolivaryaceite.com\/es\/wp-json\/wp\/v2\/posts\/4487\/revisions\/"}],"wp:featuredmedia":[{"embeddable":true,"href":"https:\/\/centrodeolivaryaceite.com\/es\/wp-json\/wp\/v2\/media\/4491\/"}],"wp:attachment":[{"href":"https:\/\/centrodeolivaryaceite.com\/es\/wp-json\/wp\/v2\/media\/?parent=4487"}],"wp:term":[{"taxonomy":"category","embeddable":true,"href":"https:\/\/centrodeolivaryaceite.com\/es\/wp-json\/wp\/v2\/categories\/?post=4487"},{"taxonomy":"post_tag","embeddable":true,"href":"https:\/\/centrodeolivaryaceite.com\/es\/wp-json\/wp\/v2\/tags\/?post=4487"}],"curies":[{"name":"wp","href":"https:\/\/api.w.org\/{rel}","templated":true}]}}