{"id":4520,"date":"2015-08-02T08:57:42","date_gmt":"2015-08-02T08:57:42","guid":{"rendered":"http:\/\/centrodeolivaryaceitelaloma.com\/copiablog\/?p=4520"},"modified":"2022-07-29T11:53:26","modified_gmt":"2022-07-29T11:53:26","slug":"nuevos-cursos-de-cata-de-aceites-de-oliva-virgenes-en-septiembre","status":"publish","type":"post","link":"https:\/\/centrodeolivaryaceite.com\/es\/nuevos-cursos-de-cata-de-aceites-de-oliva-virgenes-en-septiembre\/","title":{"rendered":"Nuevos Cursos de Cata de Aceites de Oliva Virgen en Septiembre"},"content":{"rendered":"<p>[et_pb_section fb_built=\u00bb1&#8243; fullwidth=\u00bbon\u00bb custom_padding_last_edited=\u00bbon|desktop\u00bb admin_label=\u00bbSecci\u00f3n\u00bb _builder_version=\u00bb3.22&#8243; background_color=\u00bb#ffffff\u00bb background_image=\u00bbhttp:\/\/centrodeolivaryaceite.com\/wp-content\/uploads\/2016\/06\/page_header_bg_blue.jpg\u00bb custom_padding_tablet=\u00bb50px|0|50px|0&#8243; transparent_background=\u00bboff\u00bb padding_mobile=\u00bboff\u00bb make_fullwidth=\u00bboff\u00bb use_custom_width=\u00bboff\u00bb width_unit=\u00bbon\u00bb global_module=\u00bb5294&#8243; locked=\u00bboff\u00bb collapsed=\u00bboff\u00bb global_colors_info=\u00bb{}\u00bb custom_padding_phone=\u00bb50px|0|50px|0&#8243;][et_pb_fullwidth_post_title meta=\u00bboff\u00bb featured_image=\u00bboff\u00bb text_color=\u00bblight\u00bb text_background=\u00bbon\u00bb text_bg_color=\u00bbrgba(28,28,28,0.43)\u00bb admin_label=\u00bbT\u00edtulo\u00bb _builder_version=\u00bb4.17.6&#8243; _module_preset=\u00bbdefault\u00bb title_font=\u00bbRoboto Light||||\u00bb title_font_size=\u00bb35px\u00bb title_all_caps=\u00bbon\u00bb background_color=\u00bbrgba(255,255,255,0)\u00bb parallax=\u00bbon\u00bb parallax_method=\u00bboff\u00bb text_orientation=\u00bbcenter\u00bb use_border_color=\u00bboff\u00bb border_color=\u00bb#ffffff\u00bb border_style=\u00bbsolid\u00bb parallax_effect=\u00bbon\u00bb module_bg_color=\u00bbrgba(255,255,255,0)\u00bb global_colors_info=\u00bb{}\u00bb][\/et_pb_fullwidth_post_title][\/et_pb_section][et_pb_section fb_built=\u00bb1&#8243; custom_padding_last_edited=\u00bbon|desktop\u00bb admin_label=\u00bbSecci\u00f3n\u00bb _builder_version=\u00bb4.16&#8243; background_color=\u00bb#ffffff\u00bb custom_padding=\u00bb10px|||\u00bb custom_padding_tablet=\u00bb50px|0|50px|0&#8243; transparent_background=\u00bboff\u00bb padding_mobile=\u00bboff\u00bb make_fullwidth=\u00bboff\u00bb use_custom_width=\u00bboff\u00bb width_unit=\u00bbon\u00bb global_colors_info=\u00bb{}\u00bb custom_padding_phone=\u00bb50px|0|50px|0&#8243;][et_pb_row padding_mobile=\u00bboff\u00bb column_padding_mobile=\u00bbon\u00bb admin_label=\u00bbFila\u00bb _builder_version=\u00bb4.16&#8243; background_size=\u00bbinitial\u00bb background_position=\u00bbtop_left\u00bb background_repeat=\u00bbrepeat\u00bb custom_padding=\u00bb10px|||\u00bb make_fullwidth=\u00bboff\u00bb use_custom_width=\u00bboff\u00bb width_unit=\u00bbon\u00bb global_colors_info=\u00bb{}\u00bb][et_pb_column type=\u00bb4_4&#8243; _builder_version=\u00bb4.16&#8243; custom_padding=\u00bb|||\u00bb global_colors_info=\u00bb{}\u00bb custom_padding__hover=\u00bb|||\u00bb][et_pb_post_title title=\u00bboff\u00bb admin_label=\u00bbT\u00edtulo de publicaci\u00f3n\u00bb _builder_version=\u00bb4.16&#8243; title_all_caps=\u00bboff\u00bb background_color=\u00bbrgba(255,255,255,0)\u00bb parallax=\u00bbon\u00bb parallax_method=\u00bboff\u00bb use_border_color=\u00bboff\u00bb border_color=\u00bb#ffffff\u00bb border_style=\u00bbsolid\u00bb parallax_effect=\u00bbon\u00bb module_bg_color=\u00bbrgba(255,255,255,0)\u00bb global_colors_info=\u00bb{}\u00bb] [\/et_pb_post_title][\/et_pb_column][\/et_pb_row][\/et_pb_section][et_pb_section fb_built=\u00bb1&#8243; specialty=\u00bbon\u00bb custom_padding_last_edited=\u00bbon|desktop\u00bb parallax_method_1=\u00bboff\u00bb parallax_method_2=\u00bboff\u00bb admin_label=\u00bbSecci\u00f3n\u00bb _builder_version=\u00bb4.16&#8243; background_color=\u00bb#ffffff\u00bb custom_padding=\u00bb10px|||\u00bb custom_padding_tablet=\u00bb50px|0|50px|0&#8243; transparent_background=\u00bboff\u00bb padding_mobile=\u00bboff\u00bb make_fullwidth=\u00bboff\u00bb use_custom_width=\u00bboff\u00bb width_unit=\u00bbon\u00bb global_colors_info=\u00bb{}\u00bb custom_padding_phone=\u00bb50px|0|50px|0&#8243;][et_pb_column type=\u00bb2_3&#8243; specialty_columns=\u00bb2&#8243; _builder_version=\u00bb4.16&#8243; custom_padding=\u00bb|||\u00bb global_colors_info=\u00bb{}\u00bb custom_padding__hover=\u00bb|||\u00bb][et_pb_row_inner padding_mobile=\u00bboff\u00bb column_padding_mobile=\u00bbon\u00bb admin_label=\u00bbFila\u00bb _builder_version=\u00bb4.16&#8243; custom_padding=\u00bb0px|||\u00bb global_colors_info=\u00bb{}\u00bb][et_pb_column_inner saved_specialty_column_type=\u00bb2_3&#8243; _builder_version=\u00bb4.16&#8243; custom_padding=\u00bb|||\u00bb global_colors_info=\u00bb{}\u00bb custom_padding__hover=\u00bb|||\u00bb][et_pb_text admin_label=\u00bbText\u00bb _builder_version=\u00bb4.16&#8243; background_size=\u00bbinitial\u00bb background_position=\u00bbtop_left\u00bb background_repeat=\u00bbrepeat\u00bb global_colors_info=\u00bb{}\u00bb]<span style=\"line-height: 1.5em;\">Lanzamos las nuevas ediciones de nuestros Cursos de Cata de Iniciaci\u00f3n y Avanzado para el fin de semana para que puedas formarte con la opci\u00f3n m\u00e1s conveniente para ti. Si no has podido asistir en anteriores ocasiones por tu jornada laboral o por la lejan\u00eda de tu domicilio, esta opci\u00f3n es la ideal para ti.\u00a0<\/span><\/p>\n<h5 style=\"text-align: center;\"><b>Cultura y Sabor\u00a0<\/b><b>(Iniciaci\u00f3n)<\/b><\/h5>\n<p style=\"text-align: center;\">Edici\u00f3n fin de semana 11-12 septiembre(12h)<\/p>\n<h5 style=\"text-align: center;\"><b>Nivel Avanzado<\/b><\/h5>\n<p style=\"text-align: center;\">Edici\u00f3n fin de semana\u00a025-26 septiembre(12h)<\/p>\n<p style=\"text-align: left;\"><span style=\"line-height: 1.5em;\">F\u00f3rmate, de una manera comprimida, en diferentes aspectos te\u00f3ricos, concretos y especializados tanto de la t\u00e9cnica de cata como del mundo ole\u00edcola. Y como ya es costumbre en nuestros\u00a0cursos, disfrutaremos\u00a0de una extensa\u00a0parte pr\u00e1ctica, donde mediante\u00a0catas de aceites abiertas y cerradas de aceites, te ense\u00f1aremos a identificar los atributos negativos y positivos de los aceites, interpretando los perfiles sensoriales y perfeccionando tu habilidad sensorial.<\/span><\/p>\n<p>Adem\u00e1s, como ya es cl\u00e1sico en nuestros\u00a0cursos\u00a0de cata, \u00a0dedicamos una sesi\u00f3n al\u00a0<span style=\"text-decoration: underline;\">maridaje de productos con diferentes AOVEs con diferentes alimentos<\/span>.<\/p>\n<p>Los\u00a0Cursos\u00a0de edici\u00f3n semanal se desarrollar\u00e1n en horario de viernes en horario de tarde\u00a0de 17:00-21:00 y el s\u00e1bado en horario de ma\u00f1ana\u00a010:00-14:00 \u00a0y tarde de 17:00-21:00.<\/p>\n<p>D\u00e9scargate las Gu\u00edas Did\u00e1cticas de estos cursos,con informaci\u00f3n tal como precios\u00a0o contenidos, haciendo click en los siguientes enlaces:<\/p>\n<p style=\"text-align: center;\"><span style=\"color: #3366ff;\"><a style=\"color: #3366ff;\" href=\"http:\/\/centrodeolivaryaceite.com\/wp-content\/uploads\/2015\/08\/GU\u00cdA-DID\u00c1CTICA-CURSO-INICIACI\u00d3N-A-LA-CATA-11-12-SEPTIEMBRE-2015.pdf\">CURSO DE INICIACI\u00d3N A LA CATA DE ACEITES DE OLIVA V\u00cdRGENES. CULTURA Y SABOR.<\/a><\/span><\/p>\n<p style=\"text-align: center;\"><span style=\"color: #3366ff;\"><a style=\"color: #3366ff;\" href=\"http:\/\/centrodeolivaryaceite.com\/wp-content\/uploads\/2015\/08\/GUIA-DID\u00c1CTICA-CURSO-CATA-NIVEL-AVANZADO-EDICION-FIN-SEMANA-25-26-Septiembre-2015.pdf\">CURSO AVANZADO DE CATA DE ACEITES DE OLIVA V\u00cdRGENES.<\/a><\/span><\/p>\n<p style=\"text-align: center;\"><strong>ADEM\u00c1S , SI ERES TRABAJADOR POR CUENTA AJENA, ESTOS CURSOS PUEDEN SER GRATUIITOS A TRAV\u00c9S DE LA FORMACI\u00d3N BONIFICADA.<\/strong><\/p>\n<p><strong>Si deseas m\u00e1s informaci\u00f3n, contacta con nosotros en el mail:\u00a0<a href=\"mailto:info@centrodeolivaryaceitelaloma.com\/copiablog\" target=\"_blank\" rel=\"noopener\">info@<wbr \/>centrodeolivaryaceitelaloma.<wbr \/>com<\/a>\u00a0. El plazo de inscripci\u00f3n se realizar\u00e1 por estricto orden de matriculaci\u00f3n.<\/strong><\/p>\n<p><span style=\"line-height: 1.5em;\">\u00a1\u00a1Disfruta de un mundo de sensaciones, aromas y sabores!!<\/span><\/p>\n<p><a href=\"https:\/\/i0.wp.com\/centrodeolivaryaceite.com\/wp-content\/uploads\/2015\/08\/Cartel-Nuevos-Cursos-de-Cata-Fin-de-Semana-Septiembre-2015.jpg\"><img data-recalc-dims=\"1\" loading=\"lazy\" decoding=\"async\" data-attachment-id=\"4521\" data-permalink=\"https:\/\/centrodeolivaryaceite.com\/es\/nuevos-cursos-de-cata-de-aceites-de-oliva-virgenes-en-septiembre\/cartel-nuevos-cursos-de-cata-fin-de-semana-septiembre-2015\/\" data-orig-file=\"https:\/\/i0.wp.com\/centrodeolivaryaceite.com\/wp-content\/uploads\/2015\/08\/Cartel-Nuevos-Cursos-de-Cata-Fin-de-Semana-Septiembre-2015.jpg?fit=724%2C1024&amp;ssl=1\" data-orig-size=\"724,1024\" data-comments-opened=\"1\" data-image-meta=\"{&quot;aperture&quot;:&quot;0&quot;,&quot;credit&quot;:&quot;&quot;,&quot;camera&quot;:&quot;&quot;,&quot;caption&quot;:&quot;&quot;,&quot;created_timestamp&quot;:&quot;0&quot;,&quot;copyright&quot;:&quot;&quot;,&quot;focal_length&quot;:&quot;0&quot;,&quot;iso&quot;:&quot;0&quot;,&quot;shutter_speed&quot;:&quot;0&quot;,&quot;title&quot;:&quot;&quot;,&quot;orientation&quot;:&quot;0&quot;}\" data-image-title=\"Cartel Nuevos Cursos de Cata Fin de Semana Septiembre 2015\" data-image-description=\"\" data-image-caption=\"\" data-medium-file=\"https:\/\/i0.wp.com\/centrodeolivaryaceite.com\/wp-content\/uploads\/2015\/08\/Cartel-Nuevos-Cursos-de-Cata-Fin-de-Semana-Septiembre-2015.jpg?fit=212%2C300&amp;ssl=1\" data-large-file=\"https:\/\/i0.wp.com\/centrodeolivaryaceite.com\/wp-content\/uploads\/2015\/08\/Cartel-Nuevos-Cursos-de-Cata-Fin-de-Semana-Septiembre-2015.jpg?fit=724%2C1024&amp;ssl=1\" class=\" wp-image-4521 aligncenter\" src=\"https:\/\/i0.wp.com\/centrodeolivaryaceite.com\/wp-content\/uploads\/2015\/08\/Cartel-Nuevos-Cursos-de-Cata-Fin-de-Semana-Septiembre-2015.jpg?resize=386%2C546\" alt=\"Cartel Nuevos Cursos de Cata Fin de Semana Septiembre 2015\" width=\"386\" height=\"546\" srcset=\"https:\/\/i0.wp.com\/centrodeolivaryaceite.com\/wp-content\/uploads\/2015\/08\/Cartel-Nuevos-Cursos-de-Cata-Fin-de-Semana-Septiembre-2015.jpg?w=724&amp;ssl=1 724w, https:\/\/i0.wp.com\/centrodeolivaryaceite.com\/wp-content\/uploads\/2015\/08\/Cartel-Nuevos-Cursos-de-Cata-Fin-de-Semana-Septiembre-2015.jpg?resize=212%2C300&amp;ssl=1 212w\" sizes=\"(max-width: 386px) 100vw, 386px\" \/><\/a><br \/>\n[\/et_pb_text][et_pb_comments admin_label=\u00bbComentarios\u00bb _builder_version=\u00bb4.16&#8243; use_border_color=\u00bboff\u00bb border_color=\u00bb#ffffff\u00bb border_style=\u00bbsolid\u00bb button_letter_spacing_hover=\u00bb0&#8243; global_colors_info=\u00bb{}\u00bb button_text_size__hover_enabled=\u00bboff\u00bb button_one_text_size__hover_enabled=\u00bboff\u00bb button_two_text_size__hover_enabled=\u00bboff\u00bb button_text_color__hover_enabled=\u00bboff\u00bb button_one_text_color__hover_enabled=\u00bboff\u00bb button_two_text_color__hover_enabled=\u00bboff\u00bb button_border_width__hover_enabled=\u00bboff\u00bb button_one_border_width__hover_enabled=\u00bboff\u00bb button_two_border_width__hover_enabled=\u00bboff\u00bb button_border_color__hover_enabled=\u00bboff\u00bb button_one_border_color__hover_enabled=\u00bboff\u00bb button_two_border_color__hover_enabled=\u00bboff\u00bb button_border_radius__hover_enabled=\u00bboff\u00bb button_one_border_radius__hover_enabled=\u00bboff\u00bb button_two_border_radius__hover_enabled=\u00bboff\u00bb button_letter_spacing__hover_enabled=\u00bbon\u00bb button_letter_spacing__hover=\u00bb0&#8243; button_one_letter_spacing__hover_enabled=\u00bboff\u00bb button_two_letter_spacing__hover_enabled=\u00bboff\u00bb button_bg_color__hover_enabled=\u00bboff\u00bb button_one_bg_color__hover_enabled=\u00bboff\u00bb button_two_bg_color__hover_enabled=\u00bboff\u00bb] [\/et_pb_comments][\/et_pb_column_inner][\/et_pb_row_inner][\/et_pb_column][et_pb_column type=\u00bb1_3&#8243; _builder_version=\u00bb4.16&#8243; custom_padding=\u00bb|||\u00bb global_colors_info=\u00bb{}\u00bb custom_padding__hover=\u00bb|||\u00bb][et_pb_sidebar orientation=\u00bbright\u00bb area=\u00bbsidebar-1&#8243; admin_label=\u00bbBarra lateral\u00bb _builder_version=\u00bb4.16&#8243; remove_border=\u00bboff\u00bb global_colors_info=\u00bb{}\u00bb] [\/et_pb_sidebar][\/et_pb_column][\/et_pb_section][et_pb_section fb_built=\u00bb1&#8243; custom_padding_last_edited=\u00bbon|desktop\u00bb disabled_on=\u00bbon|on|on\u00bb admin_label=\u00bbSecci\u00f3n\u00bb _builder_version=\u00bb3.0.92&#8243; background_color=\u00bb#dedacf\u00bb custom_padding_tablet=\u00bb50px|0|50px|0&#8243; transparent_background=\u00bboff\u00bb padding_mobile=\u00bboff\u00bb make_fullwidth=\u00bboff\u00bb use_custom_width=\u00bboff\u00bb width_unit=\u00bbon\u00bb disabled=\u00bbon\u00bb global_module=\u00bb5116&#8243; collapsed=\u00bboff\u00bb global_colors_info=\u00bb{}\u00bb custom_padding_phone=\u00bb50px|0|50px|0&#8243;][et_pb_row _builder_version=\u00bb4.16&#8243; global_colors_info=\u00bb{}\u00bb][et_pb_column type=\u00bb4_4&#8243; _builder_version=\u00bb4.16&#8243; custom_padding=\u00bb|||\u00bb global_colors_info=\u00bb{}\u00bb custom_padding__hover=\u00bb|||\u00bb][\/et_pb_column][\/et_pb_row][\/et_pb_section][et_pb_section fb_built=\u00bb1&#8243; custom_padding_last_edited=\u00bbon|desktop\u00bb admin_label=\u00bbSecci\u00f3n\u00bb _builder_version=\u00bb3.22&#8243; background_color=\u00bb#ffffff\u00bb custom_padding=\u00bb10px||0px|\u00bb custom_padding_tablet=\u00bb50px|0|50px|0&#8243; transparent_background=\u00bboff\u00bb padding_mobile=\u00bboff\u00bb make_fullwidth=\u00bboff\u00bb use_custom_width=\u00bboff\u00bb width_unit=\u00bbon\u00bb global_module=\u00bb5115&#8243; collapsed=\u00bboff\u00bb global_colors_info=\u00bb{}\u00bb custom_padding_phone=\u00bb50px|0|50px|0&#8243;][et_pb_row padding_mobile=\u00bboff\u00bb column_padding_mobile=\u00bbon\u00bb _builder_version=\u00bb4.16&#8243; background_size=\u00bbinitial\u00bb background_position=\u00bbtop_left\u00bb background_repeat=\u00bbrepeat\u00bb max_width=\u00bb1080px\u00bb custom_padding=\u00bb0px||0px|\u00bb make_fullwidth=\u00bboff\u00bb use_custom_width=\u00bboff\u00bb width_unit=\u00bbon\u00bb global_colors_info=\u00bb{}\u00bb][\/et_pb_row][\/et_pb_section]<\/p>\n","protected":false},"excerpt":{"rendered":"<p>Lanzamos las nuevas ediciones de nuestros Cursos de Cata de Iniciaci\u00f3n y Avanzado para el fin de semana para que puedas formarte con la opci\u00f3n m\u00e1s conveniente para ti. Si no has podido asistir en anteriores ocasiones por tu jornada laboral o por la lejan\u00eda de tu domicilio, esta opci\u00f3n es la ideal para ti.\u00a0 [&hellip;]<\/p>\n","protected":false},"author":1,"featured_media":4528,"comment_status":"open","ping_status":"open","sticky":false,"template":"","format":"standard","meta":{"_et_pb_use_builder":"on","_et_pb_old_content":"<p><span style=\"line-height: 1.5em;\">Lanzamos las nuevas ediciones de nuestros Cursos de Cata de Iniciaci\u00f3n y Avanzado para el fin de semana para que puedas formarte con la opci\u00f3n m\u00e1s conveniente para ti. Si no has podido asistir en anteriores ocasiones por tu jornada laboral o por la lejan\u00eda de tu domicilio, esta opci\u00f3n es la ideal para ti.\u00a0<\/span><\/p><h5 style=\"text-align: center;\"><b>Cultura y Sabor\u00a0<\/b><b>(Iniciaci\u00f3n)<\/b><\/h5><p style=\"text-align: center;\">Edici\u00f3n fin de semana 11-12 septiembre(12h)<\/p><h5 style=\"text-align: center;\"><b>Nivel Avanzado<\/b><\/h5><p style=\"text-align: center;\">Edici\u00f3n fin de semana\u00a025-26 septiembre(12h)<\/p><p style=\"text-align: left;\"><span style=\"line-height: 1.5em;\">F\u00f3rmate, de una manera comprimida, en diferentes aspectos te\u00f3ricos, concretos y especializados tanto de la t\u00e9cnica de cata como del mundo ole\u00edcola. Y como ya es costumbre en nuestros\u00a0cursos, disfrutaremos\u00a0de una extensa\u00a0parte pr\u00e1ctica, donde mediante\u00a0catas de aceites abiertas y cerradas de aceites, te ense\u00f1aremos a identificar los atributos negativos y positivos de los aceites, interpretando los perfiles sensoriales y perfeccionando tu habilidad sensorial.<\/span><\/p><p>Adem\u00e1s, como ya es cl\u00e1sico en nuestros\u00a0cursos\u00a0de cata, \u00a0dedicamos una sesi\u00f3n al\u00a0<span style=\"text-decoration: underline;\">maridaje de productos con diferentes AOVEs con diferentes alimentos<\/span>.<\/p><p>Los\u00a0Cursos\u00a0de edici\u00f3n semanal se desarrollar\u00e1n en horario de viernes en horario de tarde\u00a0de 17:00-21:00 y el s\u00e1bado en horario de ma\u00f1ana\u00a010:00-14:00 \u00a0y tarde de 17:00-21:00.<\/p><p>D\u00e9scargate las Gu\u00edas Did\u00e1cticas de estos cursos,con informaci\u00f3n tal como precios\u00a0o contenidos, haciendo click en los siguientes enlaces:<\/p><p style=\"text-align: center;\"><span style=\"color: #3366ff;\"><a style=\"color: #3366ff;\" href=\"http:\/\/centrodeolivaryaceite.com\/wp-content\/uploads\/2015\/08\/GU\u00cdA-DID\u00c1CTICA-CURSO-INICIACI\u00d3N-A-LA-CATA-11-12-SEPTIEMBRE-2015.pdf\">CURSO DE INICIACI\u00d3N A LA CATA DE ACEITES DE OLIVA V\u00cdRGENES. CULTURA Y SABOR.<\/a><\/span><\/p><p style=\"text-align: center;\"><span style=\"color: #3366ff;\"><a style=\"color: #3366ff;\" href=\"http:\/\/centrodeolivaryaceite.com\/wp-content\/uploads\/2015\/08\/GUIA-DID\u00c1CTICA-CURSO-CATA-NIVEL-AVANZADO-EDICION-FIN-SEMANA-25-26-Septiembre-2015.pdf\">CURSO AVANZADO DE CATA DE ACEITES DE OLIVA V\u00cdRGENES.<\/a><\/span><\/p><p style=\"text-align: center;\"><strong>ADEM\u00c1S , SI ERES TRABAJADOR POR CUENTA AJENA, ESTOS CURSOS PUEDEN SER GRATUIITOS A TRAV\u00c9S DE LA FORMACI\u00d3N BONIFICADA.<\/strong><\/p><p><strong>Si deseas m\u00e1s informaci\u00f3n, contacta con nosotros en el mail:\u00a0<a href=\"mailto:info@centrodeolivaryaceitelaloma.com\/copiablog\" target=\"_blank\">info@<wbr \/>centrodeolivaryaceitelaloma.<wbr \/>com<\/a>\u00a0. El plazo de inscripci\u00f3n se realizar\u00e1 por estricto orden de matriculaci\u00f3n.<\/strong><\/p><p><span style=\"line-height: 1.5em;\">\u00a1\u00a1Disfruta de un mundo de sensaciones, aromas y sabores!!<\/span><\/p><p><a href=\"http:\/\/centrodeolivaryaceite.com\/wp-content\/uploads\/2015\/08\/Cartel-Nuevos-Cursos-de-Cata-Fin-de-Semana-Septiembre-2015.jpg\"><img class=\" wp-image-4521 aligncenter\" src=\"http:\/\/centrodeolivaryaceite.com\/wp-content\/uploads\/2015\/08\/Cartel-Nuevos-Cursos-de-Cata-Fin-de-Semana-Septiembre-2015.jpg\" alt=\"Cartel Nuevos Cursos de Cata Fin de Semana Septiembre 2015\" width=\"386\" height=\"546\" \/><\/a><\/p>","_et_gb_content_width":"","_jetpack_memberships_contains_paid_content":false,"footnotes":""},"categories":[1],"tags":[],"class_list":["post-4520","post","type-post","status-publish","format-standard","has-post-thumbnail","hentry","category-general"],"jetpack_featured_media_url":"https:\/\/i0.wp.com\/centrodeolivaryaceite.com\/wp-content\/uploads\/2015\/08\/SAM_1223.jpg?fit=1024%2C768&ssl=1","jetpack_sharing_enabled":true,"jetpack_shortlink":"https:\/\/wp.me\/p95A9q-1aU","_links":{"self":[{"href":"https:\/\/centrodeolivaryaceite.com\/es\/wp-json\/wp\/v2\/posts\/4520\/"}],"collection":[{"href":"https:\/\/centrodeolivaryaceite.com\/es\/wp-json\/wp\/v2\/posts\/"}],"about":[{"href":"https:\/\/centrodeolivaryaceite.com\/es\/wp-json\/wp\/v2\/types\/post\/"}],"author":[{"embeddable":true,"href":"https:\/\/centrodeolivaryaceite.com\/es\/wp-json\/wp\/v2\/users\/1\/"}],"replies":[{"embeddable":true,"href":"https:\/\/centrodeolivaryaceite.com\/es\/wp-json\/wp\/v2\/comments\/?post=4520"}],"version-history":[{"count":0,"href":"https:\/\/centrodeolivaryaceite.com\/es\/wp-json\/wp\/v2\/posts\/4520\/revisions\/"}],"wp:featuredmedia":[{"embeddable":true,"href":"https:\/\/centrodeolivaryaceite.com\/es\/wp-json\/wp\/v2\/media\/4528\/"}],"wp:attachment":[{"href":"https:\/\/centrodeolivaryaceite.com\/es\/wp-json\/wp\/v2\/media\/?parent=4520"}],"wp:term":[{"taxonomy":"category","embeddable":true,"href":"https:\/\/centrodeolivaryaceite.com\/es\/wp-json\/wp\/v2\/categories\/?post=4520"},{"taxonomy":"post_tag","embeddable":true,"href":"https:\/\/centrodeolivaryaceite.com\/es\/wp-json\/wp\/v2\/tags\/?post=4520"}],"curies":[{"name":"wp","href":"https:\/\/api.w.org\/{rel}","templated":true}]}}