{"id":4772,"date":"2016-02-13T19:17:41","date_gmt":"2016-02-13T19:17:41","guid":{"rendered":"http:\/\/centrodeolivaryaceitelaloma.com\/copiablog\/?p=4772"},"modified":"2022-07-29T11:54:38","modified_gmt":"2022-07-29T11:54:38","slug":"i-cata-de-aceite-durante-las-jornadas-gastronomicas-del-renacimiento-2016","status":"publish","type":"post","link":"https:\/\/centrodeolivaryaceite.com\/es\/i-cata-de-aceite-durante-las-jornadas-gastronomicas-del-renacimiento-2016\/","title":{"rendered":"I Cata de Aceite durante las Jornadas Gastron\u00f3micas del Renacimiento 2016"},"content":{"rendered":"<p>[et_pb_section fb_built=\u00bb1&#8243; fullwidth=\u00bbon\u00bb custom_padding_last_edited=\u00bbon|desktop\u00bb admin_label=\u00bbSecci\u00f3n\u00bb _builder_version=\u00bb3.22&#8243; background_color=\u00bb#ffffff\u00bb background_image=\u00bbhttp:\/\/centrodeolivaryaceite.com\/wp-content\/uploads\/2016\/06\/page_header_bg_blue.jpg\u00bb custom_padding_tablet=\u00bb50px|0|50px|0&#8243; custom_padding_phone=\u00bb50px|0|50px|0&#8243; transparent_background=\u00bboff\u00bb padding_mobile=\u00bboff\u00bb make_fullwidth=\u00bboff\u00bb use_custom_width=\u00bboff\u00bb width_unit=\u00bbon\u00bb global_module=\u00bb5294&#8243; locked=\u00bboff\u00bb collapsed=\u00bboff\u00bb global_colors_info=\u00bb{}\u00bb][et_pb_fullwidth_post_title meta=\u00bboff\u00bb featured_image=\u00bboff\u00bb text_color=\u00bblight\u00bb text_background=\u00bbon\u00bb text_bg_color=\u00bbrgba(28,28,28,0.43)\u00bb admin_label=\u00bbT\u00edtulo\u00bb _builder_version=\u00bb4.17.6&#8243; _module_preset=\u00bbdefault\u00bb title_font=\u00bbRoboto Light||||\u00bb title_font_size=\u00bb35px\u00bb title_all_caps=\u00bbon\u00bb background_color=\u00bbrgba(255,255,255,0)\u00bb parallax=\u00bbon\u00bb parallax_method=\u00bboff\u00bb text_orientation=\u00bbcenter\u00bb parallax_effect=\u00bbon\u00bb module_bg_color=\u00bbrgba(255,255,255,0)\u00bb use_border_color=\u00bboff\u00bb border_color=\u00bb#ffffff\u00bb border_style=\u00bbsolid\u00bb global_colors_info=\u00bb{}\u00bb][\/et_pb_fullwidth_post_title][\/et_pb_section][et_pb_section fb_built=\u00bb1&#8243; custom_padding_last_edited=\u00bbon|desktop\u00bb admin_label=\u00bbSecci\u00f3n\u00bb _builder_version=\u00bb4.16&#8243; background_color=\u00bb#ffffff\u00bb custom_padding=\u00bb10px|||\u00bb custom_padding_tablet=\u00bb50px|0|50px|0&#8243; custom_padding_phone=\u00bb50px|0|50px|0&#8243; transparent_background=\u00bboff\u00bb padding_mobile=\u00bboff\u00bb make_fullwidth=\u00bboff\u00bb use_custom_width=\u00bboff\u00bb width_unit=\u00bbon\u00bb global_colors_info=\u00bb{}\u00bb][et_pb_row padding_mobile=\u00bboff\u00bb column_padding_mobile=\u00bbon\u00bb admin_label=\u00bbFila\u00bb _builder_version=\u00bb4.16&#8243; background_size=\u00bbinitial\u00bb background_position=\u00bbtop_left\u00bb background_repeat=\u00bbrepeat\u00bb custom_padding=\u00bb10px|||\u00bb make_fullwidth=\u00bboff\u00bb use_custom_width=\u00bboff\u00bb width_unit=\u00bbon\u00bb global_colors_info=\u00bb{}\u00bb][et_pb_column type=\u00bb4_4&#8243; _builder_version=\u00bb4.16&#8243; custom_padding=\u00bb|||\u00bb global_colors_info=\u00bb{}\u00bb custom_padding__hover=\u00bb|||\u00bb][et_pb_post_title title=\u00bboff\u00bb admin_label=\u00bbT\u00edtulo de publicaci\u00f3n\u00bb _builder_version=\u00bb4.16&#8243; title_all_caps=\u00bboff\u00bb background_color=\u00bbrgba(255,255,255,0)\u00bb parallax=\u00bbon\u00bb parallax_method=\u00bboff\u00bb parallax_effect=\u00bbon\u00bb module_bg_color=\u00bbrgba(255,255,255,0)\u00bb use_border_color=\u00bboff\u00bb border_color=\u00bb#ffffff\u00bb border_style=\u00bbsolid\u00bb global_colors_info=\u00bb{}\u00bb] [\/et_pb_post_title][\/et_pb_column][\/et_pb_row][\/et_pb_section][et_pb_section fb_built=\u00bb1&#8243; specialty=\u00bbon\u00bb custom_padding_last_edited=\u00bbon|desktop\u00bb parallax_method_1=\u00bboff\u00bb parallax_method_2=\u00bboff\u00bb admin_label=\u00bbSecci\u00f3n\u00bb _builder_version=\u00bb4.16&#8243; background_color=\u00bb#ffffff\u00bb custom_padding=\u00bb10px|||\u00bb custom_padding_tablet=\u00bb50px|0|50px|0&#8243; custom_padding_phone=\u00bb50px|0|50px|0&#8243; transparent_background=\u00bboff\u00bb padding_mobile=\u00bboff\u00bb make_fullwidth=\u00bboff\u00bb use_custom_width=\u00bboff\u00bb width_unit=\u00bbon\u00bb global_colors_info=\u00bb{}\u00bb][et_pb_column type=\u00bb2_3&#8243; specialty_columns=\u00bb2&#8243; _builder_version=\u00bb4.16&#8243; custom_padding=\u00bb|||\u00bb global_colors_info=\u00bb{}\u00bb custom_padding__hover=\u00bb|||\u00bb][et_pb_row_inner padding_mobile=\u00bboff\u00bb column_padding_mobile=\u00bbon\u00bb admin_label=\u00bbFila\u00bb _builder_version=\u00bb4.16&#8243; custom_padding=\u00bb0px|||\u00bb global_colors_info=\u00bb{}\u00bb][et_pb_column_inner saved_specialty_column_type=\u00bb2_3&#8243; _builder_version=\u00bb4.16&#8243; custom_padding=\u00bb|||\u00bb global_colors_info=\u00bb{}\u00bb custom_padding__hover=\u00bb|||\u00bb][et_pb_text admin_label=\u00bbText\u00bb _builder_version=\u00bb4.16&#8243; background_size=\u00bbinitial\u00bb background_position=\u00bbtop_left\u00bb background_repeat=\u00bbrepeat\u00bb text_orientation=\u00bbleft\u00bb use_border_color=\u00bboff\u00bb border_color=\u00bb#ffffff\u00bb border_style=\u00bbsolid\u00bb global_colors_info=\u00bb{}\u00bb]Ya son varias las ediciones que nuestro Centro de Interpretaci\u00f3n Olivar y Aceite, situado en la Casa de la Tercia, participa en\u00a0las catas de aceite previstas en el marco de las Jornadas Gastron\u00f3micas en el Renacimiento. Se trata de una propuesta gastron\u00f3mica paralela a la que normalmente tienen los restaurantes y que incluye men\u00fas especiales preparados entre el 16 de enero y el 20 de marzo por nueve restaurantes de \u00dabeda. Durante estas jornadas tienen como otro atractivo a a\u00f1adir\u00a0los AOVEs (aceites de oliva virgen extra)\u00a0de la regi\u00f3n que participan durante los men\u00fas y que se puede degustar con motivo de las dos catas gratuitas anunciadas que celebramos en nuestro aula de formaci\u00f3n.<\/p>\n<p>En la primera de estas catas, celebrada este pasado Jueves d\u00eda 11 de Febrero, participaron socios de nuestra Asociaci\u00f3n, como \u00d1 Organic, Cortijo la Torre y Pagos de Toral, cuyos responsables estuvieron presentes acompa\u00f1ando a la gerente del centro, Soledad Rom\u00e1n, quien dirigi\u00f3 la cata ante medio centenar de participantes.<\/p>\n<p>Como en otro tipo de eventos celebrados en nuestro Centro y que tienen como protagonistas estos aceites, se les hace llegar a los participantes que son AOVEs que se obtienen a partir de zumo de las primeras aceitunas, a\u00fan verdes. Por tanto, los productores hacen un gran sacrificio, tanto en la recolecci\u00f3n como en su producci\u00f3n, ya que la cantidad de aceituna que se necesita para elaborar 1 litro es mucho mayor\u00a0que cuando est\u00e1n en un nivel mayor de maduraci\u00f3n. Este hecho les proporciona unas caracter\u00edsticas \u00a0olfativas y gustativas sobresalientes y exclusivas. Podemos encontrar\u00a0matices notas herb\u00e1ceas muy frescas, a alcachofa, a pl\u00e1tano verde, a tomatera, a almendra verde. Respecto a los sabores que nos dejan, adem\u00e1s del frescor en boca com\u00fan a todos ellos, principalmente viene determinado por la variedad de aceituna. En todos los participantes, salvo uno, fueron picuales, lo cual determina una intensidad notable en amargor y picor en estos AOVEs. Todo ello lo aprendieron los asistentes a la cata, quienes comprobaron que la recolecci\u00f3n temprana ofrece un producto de grand\u00edsima calidad, lo que queda patente en los platos que se elaboran con ellos.<\/p>\n<p>Dentro de las Jornadas Gastron\u00f3micas en el Renacimiento habr\u00e1 una segunda cata con el resto de aceites participantes: Nobleza del Sur, Melgarejo, Cortijo Sp\u00edritu Santo, Oro del Renacimiento y Oro Bail\u00e9n. Ser\u00e1 el 10 de marzo, a las siete de la tarde. Para participar es necesario inscribirse previamente en el propio Centro Olivar y Aceite (953 755 889).<\/p>\n<p><div class=\"tiled-gallery type-rectangular tiled-gallery-unresized\" data-original-width=\"1080\" data-carousel-extra='{&quot;blog_id&quot;:1,&quot;permalink&quot;:&quot;https:\\\/\\\/centrodeolivaryaceite.com\\\/es\\\/i-cata-de-aceite-durante-las-jornadas-gastronomicas-del-renacimiento-2016\\\/&quot;,&quot;likes_blog_id&quot;:134317632}' itemscope itemtype=\"http:\/\/schema.org\/ImageGallery\" > <div class=\"gallery-row\" style=\"width: 1080px; height: 541px;\" data-original-width=\"1080\" data-original-height=\"541\" > <div class=\"gallery-group images-1\" style=\"width: 720px; height: 541px;\" data-original-width=\"720\" data-original-height=\"541\" > <div class=\"tiled-gallery-item tiled-gallery-item-large\" itemprop=\"associatedMedia\" itemscope itemtype=\"http:\/\/schema.org\/ImageObject\"> <a href=\"https:\/\/centrodeolivaryaceite.com\/es\/i-cata-de-aceite-durante-las-jornadas-gastronomicas-del-renacimiento-2016\/cata-jornadas-gastronomicas5-2\/\" border=\"0\" itemprop=\"url\"> <meta itemprop=\"width\" content=\"716\"> <meta itemprop=\"height\" content=\"537\"> <img decoding=\"async\" class=\"\" data-attachment-id=\"5570\" data-orig-file=\"https:\/\/centrodeolivaryaceite.com\/wp-content\/uploads\/2016\/02\/Cata-Jornadas-Gastron\u00f3micas5.jpg\" data-orig-size=\"448,336\" data-comments-opened=\"1\" data-image-meta=\"{&quot;aperture&quot;:&quot;2.6&quot;,&quot;credit&quot;:&quot;&quot;,&quot;camera&quot;:&quot;GT-N7100&quot;,&quot;caption&quot;:&quot;&quot;,&quot;created_timestamp&quot;:&quot;1455218660&quot;,&quot;copyright&quot;:&quot;&quot;,&quot;focal_length&quot;:&quot;3.7&quot;,&quot;iso&quot;:&quot;125&quot;,&quot;shutter_speed&quot;:&quot;0.05&quot;,&quot;title&quot;:&quot;&quot;,&quot;orientation&quot;:&quot;1&quot;}\" data-image-title=\"Cata Jornadas Gastron\u00f3micas5\" data-image-description=\"\" data-medium-file=\"https:\/\/i0.wp.com\/centrodeolivaryaceite.com\/wp-content\/uploads\/2016\/02\/Cata-Jornadas-Gastron%C3%B3micas5.jpg?fit=300%2C225&#038;ssl=1\" data-large-file=\"https:\/\/i0.wp.com\/centrodeolivaryaceite.com\/wp-content\/uploads\/2016\/02\/Cata-Jornadas-Gastron%C3%B3micas5.jpg?fit=448%2C336&#038;ssl=1\" src=\"https:\/\/i0.wp.com\/centrodeolivaryaceite.com\/wp-content\/uploads\/2016\/02\/Cata-Jornadas-Gastron%C3%B3micas5.jpg?w=716&#038;h=537&#038;ssl=1\" width=\"716\" height=\"537\" loading=\"lazy\" data-original-width=\"716\" data-original-height=\"537\" itemprop=\"http:\/\/schema.org\/image\" title=\"Cata Jornadas Gastron\u00f3micas5\" alt=\"Gastronom\u00eda y la cata\" style=\"width: 716px; height: 537px;\" \/> <\/a> <\/div> <\/div> <!-- close group --> <div class=\"gallery-group images-2\" style=\"width: 360px; height: 541px;\" data-original-width=\"360\" data-original-height=\"541\" > <div class=\"tiled-gallery-item tiled-gallery-item-large\" itemprop=\"associatedMedia\" itemscope itemtype=\"http:\/\/schema.org\/ImageObject\"> <a href=\"https:\/\/centrodeolivaryaceite.com\/es\/i-cata-de-aceite-durante-las-jornadas-gastronomicas-del-renacimiento-2016\/cata-jornadas-gastronomicas4-2\/\" border=\"0\" itemprop=\"url\"> <meta itemprop=\"width\" content=\"356\"> <meta itemprop=\"height\" content=\"267\"> <img decoding=\"async\" class=\"\" data-attachment-id=\"5571\" data-orig-file=\"https:\/\/centrodeolivaryaceite.com\/wp-content\/uploads\/2016\/02\/Cata-Jornadas-Gastron\u00f3micas4.jpg\" data-orig-size=\"448,336\" data-comments-opened=\"1\" data-image-meta=\"{&quot;aperture&quot;:&quot;2.6&quot;,&quot;credit&quot;:&quot;&quot;,&quot;camera&quot;:&quot;GT-N7100&quot;,&quot;caption&quot;:&quot;&quot;,&quot;created_timestamp&quot;:&quot;1455218622&quot;,&quot;copyright&quot;:&quot;&quot;,&quot;focal_length&quot;:&quot;3.7&quot;,&quot;iso&quot;:&quot;125&quot;,&quot;shutter_speed&quot;:&quot;0.0666666666667&quot;,&quot;title&quot;:&quot;&quot;,&quot;orientation&quot;:&quot;1&quot;}\" data-image-title=\"Cata Jornadas Gastron\u00f3micas4\" data-image-description=\"\" data-medium-file=\"https:\/\/i0.wp.com\/centrodeolivaryaceite.com\/wp-content\/uploads\/2016\/02\/Cata-Jornadas-Gastron%C3%B3micas4.jpg?fit=300%2C225&#038;ssl=1\" data-large-file=\"https:\/\/i0.wp.com\/centrodeolivaryaceite.com\/wp-content\/uploads\/2016\/02\/Cata-Jornadas-Gastron%C3%B3micas4.jpg?fit=448%2C336&#038;ssl=1\" src=\"https:\/\/i0.wp.com\/centrodeolivaryaceite.com\/wp-content\/uploads\/2016\/02\/Cata-Jornadas-Gastron%C3%B3micas4.jpg?w=356&#038;h=267&#038;ssl=1\" width=\"356\" height=\"267\" loading=\"lazy\" data-original-width=\"356\" data-original-height=\"267\" itemprop=\"http:\/\/schema.org\/image\" title=\"Cata Jornadas Gastron\u00f3micas4\" alt=\"La cata de las jornadas\" style=\"width: 356px; height: 267px;\" \/> <\/a> <\/div> <div class=\"tiled-gallery-item tiled-gallery-item-large\" itemprop=\"associatedMedia\" itemscope itemtype=\"http:\/\/schema.org\/ImageObject\"> <a href=\"https:\/\/centrodeolivaryaceite.com\/es\/i-cata-de-aceite-durante-las-jornadas-gastronomicas-del-renacimiento-2016\/cata-jornadas-gastronomicas3-2\/\" border=\"0\" itemprop=\"url\"> <meta itemprop=\"width\" content=\"356\"> <meta itemprop=\"height\" content=\"266\"> <img decoding=\"async\" class=\"\" data-attachment-id=\"5572\" data-orig-file=\"https:\/\/centrodeolivaryaceite.com\/wp-content\/uploads\/2016\/02\/Cata-Jornadas-Gastron\u00f3micas3.jpg\" data-orig-size=\"448,336\" data-comments-opened=\"1\" data-image-meta=\"{&quot;aperture&quot;:&quot;2.6&quot;,&quot;credit&quot;:&quot;&quot;,&quot;camera&quot;:&quot;GT-N7100&quot;,&quot;caption&quot;:&quot;&quot;,&quot;created_timestamp&quot;:&quot;1455218611&quot;,&quot;copyright&quot;:&quot;&quot;,&quot;focal_length&quot;:&quot;3.7&quot;,&quot;iso&quot;:&quot;125&quot;,&quot;shutter_speed&quot;:&quot;0.05&quot;,&quot;title&quot;:&quot;&quot;,&quot;orientation&quot;:&quot;1&quot;}\" data-image-title=\"Cata Jornadas Gastron\u00f3micas3\" data-image-description=\"\" data-medium-file=\"https:\/\/i0.wp.com\/centrodeolivaryaceite.com\/wp-content\/uploads\/2016\/02\/Cata-Jornadas-Gastron%C3%B3micas3.jpg?fit=300%2C225&#038;ssl=1\" data-large-file=\"https:\/\/i0.wp.com\/centrodeolivaryaceite.com\/wp-content\/uploads\/2016\/02\/Cata-Jornadas-Gastron%C3%B3micas3.jpg?fit=448%2C336&#038;ssl=1\" src=\"https:\/\/i0.wp.com\/centrodeolivaryaceite.com\/wp-content\/uploads\/2016\/02\/Cata-Jornadas-Gastron%C3%B3micas3.jpg?w=356&#038;h=266&#038;ssl=1\" width=\"356\" height=\"266\" loading=\"lazy\" data-original-width=\"356\" data-original-height=\"266\" itemprop=\"http:\/\/schema.org\/image\" title=\"Cata Jornadas Gastron\u00f3micas3\" alt=\"Las Jornadas y su cata\" style=\"width: 356px; height: 266px;\" \/> <\/a> <\/div> <\/div> <!-- close group --> <\/div> <!-- close row --> <div class=\"gallery-row\" style=\"width: 1080px; height: 271px;\" data-original-width=\"1080\" data-original-height=\"271\" > <div class=\"gallery-group images-1\" style=\"width: 360px; height: 271px;\" data-original-width=\"360\" data-original-height=\"271\" > <div class=\"tiled-gallery-item tiled-gallery-item-large\" itemprop=\"associatedMedia\" itemscope itemtype=\"http:\/\/schema.org\/ImageObject\"> <a href=\"https:\/\/centrodeolivaryaceite.com\/es\/i-cata-de-aceite-durante-las-jornadas-gastronomicas-del-renacimiento-2016\/cata-jornadas-gastronomicas2-2\/\" border=\"0\" itemprop=\"url\"> <meta itemprop=\"width\" content=\"356\"> <meta itemprop=\"height\" content=\"267\"> <img decoding=\"async\" class=\"\" data-attachment-id=\"5573\" data-orig-file=\"https:\/\/centrodeolivaryaceite.com\/wp-content\/uploads\/2016\/02\/Cata-Jornadas-Gastron\u00f3micas2.jpg\" data-orig-size=\"448,336\" data-comments-opened=\"1\" data-image-meta=\"{&quot;aperture&quot;:&quot;2.6&quot;,&quot;credit&quot;:&quot;&quot;,&quot;camera&quot;:&quot;GT-N7100&quot;,&quot;caption&quot;:&quot;&quot;,&quot;created_timestamp&quot;:&quot;1455218609&quot;,&quot;copyright&quot;:&quot;&quot;,&quot;focal_length&quot;:&quot;3.7&quot;,&quot;iso&quot;:&quot;125&quot;,&quot;shutter_speed&quot;:&quot;0.05&quot;,&quot;title&quot;:&quot;&quot;,&quot;orientation&quot;:&quot;1&quot;}\" data-image-title=\"Cata Jornadas Gastron\u00f3micas2\" data-image-description=\"\" data-medium-file=\"https:\/\/i0.wp.com\/centrodeolivaryaceite.com\/wp-content\/uploads\/2016\/02\/Cata-Jornadas-Gastron%C3%B3micas2.jpg?fit=300%2C225&#038;ssl=1\" data-large-file=\"https:\/\/i0.wp.com\/centrodeolivaryaceite.com\/wp-content\/uploads\/2016\/02\/Cata-Jornadas-Gastron%C3%B3micas2.jpg?fit=448%2C336&#038;ssl=1\" src=\"https:\/\/i0.wp.com\/centrodeolivaryaceite.com\/wp-content\/uploads\/2016\/02\/Cata-Jornadas-Gastron%C3%B3micas2.jpg?w=356&#038;h=267&#038;ssl=1\" width=\"356\" height=\"267\" loading=\"lazy\" data-original-width=\"356\" data-original-height=\"267\" itemprop=\"http:\/\/schema.org\/image\" title=\"Cata Jornadas Gastron\u00f3micas2\" alt=\"Cata en Jornadas\" style=\"width: 356px; height: 267px;\" \/> <\/a> <\/div> <\/div> <!-- close group --> <div class=\"gallery-group images-1\" style=\"width: 360px; height: 271px;\" data-original-width=\"360\" data-original-height=\"271\" > <div class=\"tiled-gallery-item tiled-gallery-item-large\" itemprop=\"associatedMedia\" itemscope itemtype=\"http:\/\/schema.org\/ImageObject\"> <a href=\"https:\/\/centrodeolivaryaceite.com\/es\/i-cata-de-aceite-durante-las-jornadas-gastronomicas-del-renacimiento-2016\/cata-jornadas-gastronomicas1-2\/\" border=\"0\" itemprop=\"url\"> <meta itemprop=\"width\" content=\"356\"> <meta itemprop=\"height\" content=\"267\"> <img decoding=\"async\" class=\"\" data-attachment-id=\"5574\" data-orig-file=\"https:\/\/centrodeolivaryaceite.com\/wp-content\/uploads\/2016\/02\/Cata-Jornadas-Gastron\u00f3micas1.jpg\" data-orig-size=\"448,336\" data-comments-opened=\"1\" data-image-meta=\"{&quot;aperture&quot;:&quot;2.6&quot;,&quot;credit&quot;:&quot;&quot;,&quot;camera&quot;:&quot;GT-N7100&quot;,&quot;caption&quot;:&quot;&quot;,&quot;created_timestamp&quot;:&quot;1455218571&quot;,&quot;copyright&quot;:&quot;&quot;,&quot;focal_length&quot;:&quot;3.7&quot;,&quot;iso&quot;:&quot;125&quot;,&quot;shutter_speed&quot;:&quot;0.05&quot;,&quot;title&quot;:&quot;&quot;,&quot;orientation&quot;:&quot;1&quot;}\" data-image-title=\"Cata Jornadas Gastron\u00f3micas1\" data-image-description=\"\" data-medium-file=\"https:\/\/i0.wp.com\/centrodeolivaryaceite.com\/wp-content\/uploads\/2016\/02\/Cata-Jornadas-Gastron%C3%B3micas1.jpg?fit=300%2C225&#038;ssl=1\" data-large-file=\"https:\/\/i0.wp.com\/centrodeolivaryaceite.com\/wp-content\/uploads\/2016\/02\/Cata-Jornadas-Gastron%C3%B3micas1.jpg?fit=448%2C336&#038;ssl=1\" src=\"https:\/\/i0.wp.com\/centrodeolivaryaceite.com\/wp-content\/uploads\/2016\/02\/Cata-Jornadas-Gastron%C3%B3micas1.jpg?w=356&#038;h=267&#038;ssl=1\" width=\"356\" height=\"267\" loading=\"lazy\" data-original-width=\"356\" data-original-height=\"267\" itemprop=\"http:\/\/schema.org\/image\" title=\"Cata Jornadas Gastron\u00f3micas1\" alt=\"Jornadas Gatron\u00f3micas\" style=\"width: 356px; height: 267px;\" \/> <\/a> <\/div> <\/div> <!-- close group --> <div class=\"gallery-group images-1\" style=\"width: 360px; height: 271px;\" data-original-width=\"360\" data-original-height=\"271\" > <div class=\"tiled-gallery-item tiled-gallery-item-large\" itemprop=\"associatedMedia\" itemscope itemtype=\"http:\/\/schema.org\/ImageObject\"> <a href=\"https:\/\/centrodeolivaryaceite.com\/es\/i-cata-de-aceite-durante-las-jornadas-gastronomicas-del-renacimiento-2016\/cata-jornadas-gastronomicas6-2\/\" border=\"0\" itemprop=\"url\"> <meta itemprop=\"width\" content=\"356\"> <meta itemprop=\"height\" content=\"267\"> <img decoding=\"async\" class=\"\" data-attachment-id=\"5575\" data-orig-file=\"https:\/\/centrodeolivaryaceite.com\/wp-content\/uploads\/2016\/02\/Cata-Jornadas-Gastron\u00f3micas6.jpg\" data-orig-size=\"448,336\" data-comments-opened=\"1\" data-image-meta=\"{&quot;aperture&quot;:&quot;2.6&quot;,&quot;credit&quot;:&quot;&quot;,&quot;camera&quot;:&quot;GT-N7100&quot;,&quot;caption&quot;:&quot;&quot;,&quot;created_timestamp&quot;:&quot;1455223442&quot;,&quot;copyright&quot;:&quot;&quot;,&quot;focal_length&quot;:&quot;3.7&quot;,&quot;iso&quot;:&quot;125&quot;,&quot;shutter_speed&quot;:&quot;0.05&quot;,&quot;title&quot;:&quot;&quot;,&quot;orientation&quot;:&quot;1&quot;}\" data-image-title=\"Cata Jornadas Gastron\u00f3micas6\" data-image-description=\"\" data-medium-file=\"https:\/\/i0.wp.com\/centrodeolivaryaceite.com\/wp-content\/uploads\/2016\/02\/Cata-Jornadas-Gastron%C3%B3micas6.jpg?fit=300%2C225&#038;ssl=1\" data-large-file=\"https:\/\/i0.wp.com\/centrodeolivaryaceite.com\/wp-content\/uploads\/2016\/02\/Cata-Jornadas-Gastron%C3%B3micas6.jpg?fit=448%2C336&#038;ssl=1\" src=\"https:\/\/i0.wp.com\/centrodeolivaryaceite.com\/wp-content\/uploads\/2016\/02\/Cata-Jornadas-Gastron%C3%B3micas6.jpg?w=356&#038;h=267&#038;ssl=1\" width=\"356\" height=\"267\" loading=\"lazy\" data-original-width=\"356\" data-original-height=\"267\" itemprop=\"http:\/\/schema.org\/image\" title=\"Cata Jornadas Gastron\u00f3micas6\" alt=\"Cata Jornadas\" style=\"width: 356px; height: 267px;\" \/> <\/a> <\/div> <\/div> <!-- close group --> <\/div> <!-- close row --> <\/div><br \/>\n[\/et_pb_text][et_pb_comments admin_label=\u00bbComentarios\u00bb _builder_version=\u00bb4.16&#8243; use_border_color=\u00bboff\u00bb border_color=\u00bb#ffffff\u00bb border_style=\u00bbsolid\u00bb button_letter_spacing_hover=\u00bb0&#8243; global_colors_info=\u00bb{}\u00bb button_text_size__hover_enabled=\u00bboff\u00bb button_one_text_size__hover_enabled=\u00bboff\u00bb button_two_text_size__hover_enabled=\u00bboff\u00bb button_text_color__hover_enabled=\u00bboff\u00bb button_one_text_color__hover_enabled=\u00bboff\u00bb button_two_text_color__hover_enabled=\u00bboff\u00bb button_border_width__hover_enabled=\u00bboff\u00bb button_one_border_width__hover_enabled=\u00bboff\u00bb button_two_border_width__hover_enabled=\u00bboff\u00bb button_border_color__hover_enabled=\u00bboff\u00bb button_one_border_color__hover_enabled=\u00bboff\u00bb button_two_border_color__hover_enabled=\u00bboff\u00bb button_border_radius__hover_enabled=\u00bboff\u00bb button_one_border_radius__hover_enabled=\u00bboff\u00bb button_two_border_radius__hover_enabled=\u00bboff\u00bb button_letter_spacing__hover_enabled=\u00bbon\u00bb button_letter_spacing__hover=\u00bb0&#8243; button_one_letter_spacing__hover_enabled=\u00bboff\u00bb button_two_letter_spacing__hover_enabled=\u00bboff\u00bb button_bg_color__hover_enabled=\u00bboff\u00bb button_one_bg_color__hover_enabled=\u00bboff\u00bb button_two_bg_color__hover_enabled=\u00bboff\u00bb] [\/et_pb_comments][\/et_pb_column_inner][\/et_pb_row_inner][\/et_pb_column][et_pb_column type=\u00bb1_3&#8243; _builder_version=\u00bb4.16&#8243; custom_padding=\u00bb|||\u00bb global_colors_info=\u00bb{}\u00bb custom_padding__hover=\u00bb|||\u00bb][et_pb_sidebar orientation=\u00bbright\u00bb area=\u00bbsidebar-1&#8243; admin_label=\u00bbBarra lateral\u00bb _builder_version=\u00bb4.16&#8243; remove_border=\u00bboff\u00bb global_colors_info=\u00bb{}\u00bb] [\/et_pb_sidebar][\/et_pb_column][\/et_pb_section][et_pb_section fb_built=\u00bb1&#8243; custom_padding_last_edited=\u00bbon|desktop\u00bb disabled_on=\u00bbon|on|on\u00bb admin_label=\u00bbSecci\u00f3n\u00bb _builder_version=\u00bb3.0.92&#8243; background_color=\u00bb#dedacf\u00bb custom_padding_tablet=\u00bb50px|0|50px|0&#8243; custom_padding_phone=\u00bb\u00bb transparent_background=\u00bboff\u00bb padding_mobile=\u00bboff\u00bb make_fullwidth=\u00bboff\u00bb use_custom_width=\u00bboff\u00bb width_unit=\u00bbon\u00bb disabled=\u00bbon\u00bb global_module=\u00bb5116&#8243; collapsed=\u00bboff\u00bb global_colors_info=\u00bb{}\u00bb][et_pb_row _builder_version=\u00bb4.16&#8243; global_colors_info=\u00bb{}\u00bb][et_pb_column type=\u00bb4_4&#8243; _builder_version=\u00bb4.16&#8243; custom_padding=\u00bb|||\u00bb global_colors_info=\u00bb{}\u00bb custom_padding__hover=\u00bb|||\u00bb][\/et_pb_column][\/et_pb_row][\/et_pb_section][et_pb_section fb_built=\u00bb1&#8243; custom_padding_last_edited=\u00bbon|desktop\u00bb admin_label=\u00bbSecci\u00f3n\u00bb _builder_version=\u00bb3.22&#8243; background_color=\u00bb#ffffff\u00bb custom_padding=\u00bb10px||0px|\u00bb custom_padding_tablet=\u00bb50px|0|50px|0&#8243; custom_padding_phone=\u00bb\u00bb transparent_background=\u00bboff\u00bb padding_mobile=\u00bboff\u00bb make_fullwidth=\u00bboff\u00bb use_custom_width=\u00bboff\u00bb width_unit=\u00bbon\u00bb global_module=\u00bb5115&#8243; collapsed=\u00bboff\u00bb global_colors_info=\u00bb{}\u00bb][et_pb_row padding_mobile=\u00bboff\u00bb column_padding_mobile=\u00bbon\u00bb _builder_version=\u00bb4.16&#8243; background_size=\u00bbinitial\u00bb background_position=\u00bbtop_left\u00bb background_repeat=\u00bbrepeat\u00bb max_width=\u00bb1080px\u00bb custom_padding=\u00bb0px||0px|\u00bb make_fullwidth=\u00bboff\u00bb use_custom_width=\u00bboff\u00bb width_unit=\u00bbon\u00bb global_colors_info=\u00bb{}\u00bb][\/et_pb_row][\/et_pb_section]<\/p>\n","protected":false},"excerpt":{"rendered":"<p>Ya son varias las ediciones que nuestro Centro de Interpretaci\u00f3n Olivar y Aceite, situado en la Casa de la Tercia, participa en\u00a0las catas de aceite previstas en el marco de las Jornadas Gastron\u00f3micas en el Renacimiento. Se trata de una propuesta gastron\u00f3mica paralela a la que normalmente tienen los restaurantes y que incluye men\u00fas especiales [&hellip;]<\/p>\n","protected":false},"author":1,"featured_media":4782,"comment_status":"open","ping_status":"open","sticky":false,"template":"","format":"standard","meta":{"_et_pb_use_builder":"on","_et_pb_old_content":"<p>Ya son varias las ediciones que nuestro Centro de Interpretaci\u00f3n Olivar y Aceite, situado en la Casa de la Tercia, participa en\u00a0las catas de aceite previstas en el marco de las Jornadas Gastron\u00f3micas en el Renacimiento. Se trata de una propuesta gastron\u00f3mica paralela a la que normalmente tienen los restaurantes y que incluye men\u00fas especiales preparados entre el 16 de enero y el 20 de marzo por nueve restaurantes de \u00dabeda. Durante estas jornadas tienen como otro atractivo a a\u00f1adir\u00a0los AOVEs (aceites de oliva virgen extra)\u00a0de la regi\u00f3n que participan durante los men\u00fas y que se puede degustar con motivo de las dos catas gratuitas anunciadas que celebramos en nuestro aula de formaci\u00f3n.<\/p><p>En la primera de estas catas, celebrada este pasado Jueves d\u00eda 11 de Febrero, participaron socios de nuestra Asociaci\u00f3n, como \u00d1 Organic, Cortijo la Torre y Pagos de Toral, cuyos responsables estuvieron presentes acompa\u00f1ando a la gerente del centro, Soledad Rom\u00e1n, quien dirigi\u00f3 la cata ante medio centenar de participantes.<\/p><p>Como en otro tipo de eventos celebrados en nuestro Centro y que tienen como protagonistas estos aceites, se les hace llegar a los participantes que son AOVEs que se obtienen a partir de zumo de las primeras aceitunas, a\u00fan verdes. Por tanto, los productores hacen un gran sacrificio, tanto en la recolecci\u00f3n como en su producci\u00f3n, ya que la cantidad de aceituna que se necesita para elaborar 1 litro es mucho mayor\u00a0que cuando est\u00e1n en un nivel mayor de maduraci\u00f3n. Este hecho les proporciona unas caracter\u00edsticas \u00a0olfativas y gustativas sobresalientes y exclusivas. Podemos encontrar\u00a0matices notas herb\u00e1ceas muy frescas, a alcachofa, a pl\u00e1tano verde, a tomatera, a almendra verde. Respecto a los sabores que nos dejan, adem\u00e1s del frescor en boca com\u00fan a todos ellos, principalmente viene determinado por la variedad de aceituna. En todos los participantes, salvo uno, fueron picuales, lo cual determina una intensidad notable en amargor y picor en estos AOVEs. Todo ello lo aprendieron los asistentes a la cata, quienes comprobaron que la recolecci\u00f3n temprana ofrece un producto de grand\u00edsima calidad, lo que queda patente en los platos que se elaboran con ellos.<\/p><p>Dentro de las Jornadas Gastron\u00f3micas en el Renacimiento habr\u00e1 una segunda cata con el resto de aceites participantes: Nobleza del Sur, Melgarejo, Cortijo Sp\u00edritu Santo, Oro del Renacimiento y Oro Bail\u00e9n. Ser\u00e1 el 10 de marzo, a las siete de la tarde. Para participar es necesario inscribirse previamente en el propio Centro Olivar y Aceite (953 755 889).<\/p><p>[gallery ids=\"4775,4776,4777,4778,4779,4780\"]<\/p>","_et_gb_content_width":"","_jetpack_memberships_contains_paid_content":false,"footnotes":""},"categories":[1],"tags":[],"class_list":["post-4772","post","type-post","status-publish","format-standard","has-post-thumbnail","hentry","category-general"],"jetpack_featured_media_url":"https:\/\/i0.wp.com\/centrodeolivaryaceite.com\/wp-content\/uploads\/2016\/02\/cropped-faldc3b3n-jornadas-g-2016.jpg?fit=1000%2C270&ssl=1","jetpack_sharing_enabled":true,"jetpack_shortlink":"https:\/\/wp.me\/p95A9q-1eY","_links":{"self":[{"href":"https:\/\/centrodeolivaryaceite.com\/es\/wp-json\/wp\/v2\/posts\/4772\/"}],"collection":[{"href":"https:\/\/centrodeolivaryaceite.com\/es\/wp-json\/wp\/v2\/posts\/"}],"about":[{"href":"https:\/\/centrodeolivaryaceite.com\/es\/wp-json\/wp\/v2\/types\/post\/"}],"author":[{"embeddable":true,"href":"https:\/\/centrodeolivaryaceite.com\/es\/wp-json\/wp\/v2\/users\/1\/"}],"replies":[{"embeddable":true,"href":"https:\/\/centrodeolivaryaceite.com\/es\/wp-json\/wp\/v2\/comments\/?post=4772"}],"version-history":[{"count":0,"href":"https:\/\/centrodeolivaryaceite.com\/es\/wp-json\/wp\/v2\/posts\/4772\/revisions\/"}],"wp:featuredmedia":[{"embeddable":true,"href":"https:\/\/centrodeolivaryaceite.com\/es\/wp-json\/wp\/v2\/media\/4782\/"}],"wp:attachment":[{"href":"https:\/\/centrodeolivaryaceite.com\/es\/wp-json\/wp\/v2\/media\/?parent=4772"}],"wp:term":[{"taxonomy":"category","embeddable":true,"href":"https:\/\/centrodeolivaryaceite.com\/es\/wp-json\/wp\/v2\/categories\/?post=4772"},{"taxonomy":"post_tag","embeddable":true,"href":"https:\/\/centrodeolivaryaceite.com\/es\/wp-json\/wp\/v2\/tags\/?post=4772"}],"curies":[{"name":"wp","href":"https:\/\/api.w.org\/{rel}","templated":true}]}}