{"id":4853,"date":"2016-02-26T08:36:27","date_gmt":"2016-02-26T08:36:27","guid":{"rendered":"http:\/\/centrodeolivaryaceitelaloma.com\/copiablog\/?p=4853"},"modified":"2022-07-29T11:56:45","modified_gmt":"2022-07-29T11:56:45","slug":"tres-nuevos-socios-se-incorporan-a-la-asociacion-olivar-y-aceite","status":"publish","type":"post","link":"https:\/\/centrodeolivaryaceite.com\/es\/tres-nuevos-socios-se-incorporan-a-la-asociacion-olivar-y-aceite\/","title":{"rendered":"TRES NUEVOS SOCIOS SE INCORPORAN A LA ASOCIACI\u00d3N \u201cOLIVAR Y ACEITE\u201d"},"content":{"rendered":"<p>[et_pb_section fb_built=\u00bb1&#8243; fullwidth=\u00bbon\u00bb custom_padding_last_edited=\u00bbon|desktop\u00bb admin_label=\u00bbSecci\u00f3n\u00bb _builder_version=\u00bb3.22&#8243; background_color=\u00bb#ffffff\u00bb background_image=\u00bbhttp:\/\/centrodeolivaryaceite.com\/wp-content\/uploads\/2016\/06\/page_header_bg_blue.jpg\u00bb custom_padding_tablet=\u00bb50px|0|50px|0&#8243; transparent_background=\u00bboff\u00bb padding_mobile=\u00bboff\u00bb make_fullwidth=\u00bboff\u00bb use_custom_width=\u00bboff\u00bb width_unit=\u00bbon\u00bb global_module=\u00bb5294&#8243; locked=\u00bboff\u00bb collapsed=\u00bboff\u00bb global_colors_info=\u00bb{}\u00bb custom_padding_phone=\u00bb50px|0|50px|0&#8243;][et_pb_fullwidth_post_title meta=\u00bboff\u00bb featured_image=\u00bboff\u00bb text_color=\u00bblight\u00bb text_background=\u00bbon\u00bb text_bg_color=\u00bbrgba(28,28,28,0.43)\u00bb admin_label=\u00bbT\u00edtulo\u00bb _builder_version=\u00bb4.17.6&#8243; _module_preset=\u00bbdefault\u00bb title_font=\u00bbRoboto Light||||\u00bb title_font_size=\u00bb35px\u00bb title_all_caps=\u00bbon\u00bb background_color=\u00bbrgba(255,255,255,0)\u00bb parallax=\u00bbon\u00bb parallax_method=\u00bboff\u00bb text_orientation=\u00bbcenter\u00bb use_border_color=\u00bboff\u00bb border_color=\u00bb#ffffff\u00bb border_style=\u00bbsolid\u00bb parallax_effect=\u00bbon\u00bb module_bg_color=\u00bbrgba(255,255,255,0)\u00bb global_colors_info=\u00bb{}\u00bb][\/et_pb_fullwidth_post_title][\/et_pb_section][et_pb_section fb_built=\u00bb1&#8243; custom_padding_last_edited=\u00bbon|desktop\u00bb admin_label=\u00bbSecci\u00f3n\u00bb _builder_version=\u00bb4.16&#8243; background_color=\u00bb#ffffff\u00bb custom_padding=\u00bb10px|||\u00bb custom_padding_tablet=\u00bb50px|0|50px|0&#8243; transparent_background=\u00bboff\u00bb padding_mobile=\u00bboff\u00bb make_fullwidth=\u00bboff\u00bb use_custom_width=\u00bboff\u00bb width_unit=\u00bbon\u00bb global_colors_info=\u00bb{}\u00bb custom_padding_phone=\u00bb50px|0|50px|0&#8243;][et_pb_row padding_mobile=\u00bboff\u00bb column_padding_mobile=\u00bbon\u00bb admin_label=\u00bbFila\u00bb _builder_version=\u00bb4.16&#8243; background_size=\u00bbinitial\u00bb background_position=\u00bbtop_left\u00bb background_repeat=\u00bbrepeat\u00bb custom_padding=\u00bb10px|||\u00bb make_fullwidth=\u00bboff\u00bb use_custom_width=\u00bboff\u00bb width_unit=\u00bbon\u00bb global_colors_info=\u00bb{}\u00bb][et_pb_column type=\u00bb4_4&#8243; _builder_version=\u00bb4.16&#8243; custom_padding=\u00bb|||\u00bb global_colors_info=\u00bb{}\u00bb custom_padding__hover=\u00bb|||\u00bb][et_pb_post_title title=\u00bboff\u00bb admin_label=\u00bbT\u00edtulo de publicaci\u00f3n\u00bb _builder_version=\u00bb4.16&#8243; title_all_caps=\u00bboff\u00bb background_color=\u00bbrgba(255,255,255,0)\u00bb parallax=\u00bbon\u00bb parallax_method=\u00bboff\u00bb use_border_color=\u00bboff\u00bb border_color=\u00bb#ffffff\u00bb border_style=\u00bbsolid\u00bb parallax_effect=\u00bbon\u00bb module_bg_color=\u00bbrgba(255,255,255,0)\u00bb global_colors_info=\u00bb{}\u00bb] [\/et_pb_post_title][\/et_pb_column][\/et_pb_row][\/et_pb_section][et_pb_section fb_built=\u00bb1&#8243; specialty=\u00bbon\u00bb custom_padding_last_edited=\u00bbon|desktop\u00bb parallax_method_1=\u00bboff\u00bb parallax_method_2=\u00bboff\u00bb admin_label=\u00bbSecci\u00f3n\u00bb _builder_version=\u00bb4.16&#8243; background_color=\u00bb#ffffff\u00bb custom_padding=\u00bb10px|||\u00bb custom_padding_tablet=\u00bb50px|0|50px|0&#8243; transparent_background=\u00bboff\u00bb padding_mobile=\u00bboff\u00bb make_fullwidth=\u00bboff\u00bb use_custom_width=\u00bboff\u00bb width_unit=\u00bbon\u00bb global_colors_info=\u00bb{}\u00bb custom_padding_phone=\u00bb50px|0|50px|0&#8243;][et_pb_column type=\u00bb2_3&#8243; specialty_columns=\u00bb2&#8243; _builder_version=\u00bb4.16&#8243; custom_padding=\u00bb|||\u00bb global_colors_info=\u00bb{}\u00bb custom_padding__hover=\u00bb|||\u00bb][et_pb_row_inner padding_mobile=\u00bboff\u00bb column_padding_mobile=\u00bbon\u00bb admin_label=\u00bbFila\u00bb _builder_version=\u00bb4.16&#8243; custom_padding=\u00bb0px|||\u00bb global_colors_info=\u00bb{}\u00bb][et_pb_column_inner saved_specialty_column_type=\u00bb2_3&#8243; _builder_version=\u00bb4.16&#8243; custom_padding=\u00bb|||\u00bb global_colors_info=\u00bb{}\u00bb custom_padding__hover=\u00bb|||\u00bb][et_pb_text admin_label=\u00bbText\u00bb _builder_version=\u00bb4.16&#8243; background_size=\u00bbinitial\u00bb background_position=\u00bbtop_left\u00bb background_repeat=\u00bbrepeat\u00bb global_colors_info=\u00bb{}\u00bb]La Casa de la Tercia, el hogar donde se ubica el Centro de Interpretaci\u00f3n \u201cOlivar y Aceite\u201d acogi\u00f3 la presentaci\u00f3n de tres nuevos socios, que se unen a la Asociaci\u00f3n Olivar y Aceite Provincia de Ja\u00e9n referente en Oleoturismo en la provincia de Ja\u00e9n.\u00a0Las nuevas empresas que inician su andadura como miembros de la esta asociaci\u00f3n son: IADA Ingenieros, Aceites Padilla y AOVE Picu\u00e9lite. Con la incorporaci\u00f3n de estos tres nuevos miembros superamos la cincuentena de socios y conseguimos que crezca el n\u00famero de personas implicadas en este gran proyecto, cuyo objetivo es la promoci\u00f3n y difusi\u00f3n del aceite de oliva.<\/p>\n<p>La Asociaci\u00f3n Olivar y Aceite no solo se centra en la producci\u00f3n del aceite con los productores, sino que tambi\u00e9n tiene cabida toda la industria y servicios afines que ofrece la ingenier\u00eda agroalimentaria para el desarrollo de las almazaras y el producto con esto estamos implementando el valor del producto, ya que conseguimos un valor a\u00f1adido pues introducimos la tecnolog\u00eda y la modernidad en el desarrollo de la producci\u00f3n del aceite de oliva.<\/p>\n<p>En palabras de nuestro Presidente, \u201cCon esfuerzo, trabajo e ilusi\u00f3n este proyecto sigue adelante y la incorporaci\u00f3n de nuevos socios lo que demuestra es el Centro del Olivar tiene una gran difusi\u00f3n y un gran \u00e9xito, y buena muestra de ello es que el n\u00famero de socios supera la cincuentena\u201d. Respecto a los nuevos asociados os presentamos a:<\/p>\n<ul>\n<li>IADA Ingenieros una empresa que se dedica al asesoramiento para la producci\u00f3n de aceite de calidad en todas sus fases, partiendo del asesoramiento en el campo para obtener un fruto adecuado para obtener aceite de calidad, pasando por la poda, abonado, riego, fertilizaci\u00f3n o la asesoramiento de la almazara para obtener un producto de calidad que mantenga sus cualidades a lo largo del tiempo.<\/li>\n<li>Picu\u00e9lite, una empresa familiar que lleva a\u00f1os dedic\u00e1ndose al olivar y a la producci\u00f3n de aceite de oliva, pero este es el primer a\u00f1o que desarrollan un aceite temprano. \u00a0El objetivo es darle valor a sus aceites, entendiendo que no solo es una grasa para cocinar sino una emoci\u00f3n de sabores, aromas y que al consumirlo en boca sepa a tomate, frutas frescas o almendra verde, por ejemplo.<\/li>\n<li>AOVE Aceites Padilla y Cer\u00e1mica Padilla, una compa\u00f1\u00eda que desde el a\u00f1o 1998\/1999 producen\u00a0aceite de oliva virgen extra de la variedad picual convencional y ecol\u00f3gico y lo distribuyen \u00a0en el mercado nacional siendo\u00a0unos de los primeros productores de aceite de oliva virgen extra de extracci\u00f3n temprana\u201d.<\/li>\n<\/ul>\n<p>Desde aqu\u00ed damos la bienvenida a estos nuevos socios para la Asociaci\u00f3n y nuestra tienda de aceites de Oliva Virgen Extra de \u00dabeda.<\/p>\n<p><a href=\"https:\/\/i0.wp.com\/centrodeolivaryaceite.com\/wp-content\/uploads\/2016\/05\/Presentacion-socios.jpg\"><img data-recalc-dims=\"1\" loading=\"lazy\" decoding=\"async\" data-attachment-id=\"4901\" data-permalink=\"https:\/\/centrodeolivaryaceite.com\/es\/tres-nuevos-socios-se-incorporan-a-la-asociacion-olivar-y-aceite\/presentacion-socios\/\" data-orig-file=\"https:\/\/i0.wp.com\/centrodeolivaryaceite.com\/wp-content\/uploads\/2016\/05\/Presentacion-socios.jpg?fit=640%2C426&amp;ssl=1\" data-orig-size=\"640,426\" data-comments-opened=\"1\" data-image-meta=\"{&quot;aperture&quot;:&quot;0&quot;,&quot;credit&quot;:&quot;&quot;,&quot;camera&quot;:&quot;&quot;,&quot;caption&quot;:&quot;&quot;,&quot;created_timestamp&quot;:&quot;0&quot;,&quot;copyright&quot;:&quot;&quot;,&quot;focal_length&quot;:&quot;0&quot;,&quot;iso&quot;:&quot;0&quot;,&quot;shutter_speed&quot;:&quot;0&quot;,&quot;title&quot;:&quot;&quot;,&quot;orientation&quot;:&quot;0&quot;}\" data-image-title=\"Presentacion socios\" data-image-description=\"\" data-image-caption=\"\" data-medium-file=\"https:\/\/i0.wp.com\/centrodeolivaryaceite.com\/wp-content\/uploads\/2016\/05\/Presentacion-socios.jpg?fit=300%2C200&amp;ssl=1\" data-large-file=\"https:\/\/i0.wp.com\/centrodeolivaryaceite.com\/wp-content\/uploads\/2016\/05\/Presentacion-socios.jpg?fit=640%2C426&amp;ssl=1\" class=\"size-full wp-image-4901 aligncenter\" src=\"https:\/\/i0.wp.com\/centrodeolivaryaceite.com\/wp-content\/uploads\/2016\/05\/Presentacion-socios.jpg?resize=640%2C426\" alt=\"Presentacion socios\" width=\"640\" height=\"426\" srcset=\"https:\/\/i0.wp.com\/centrodeolivaryaceite.com\/wp-content\/uploads\/2016\/05\/Presentacion-socios.jpg?w=640&amp;ssl=1 640w, https:\/\/i0.wp.com\/centrodeolivaryaceite.com\/wp-content\/uploads\/2016\/05\/Presentacion-socios.jpg?resize=300%2C200&amp;ssl=1 300w\" sizes=\"(max-width: 640px) 100vw, 640px\" \/><\/a><\/p>\n<p>&nbsp;<br \/>\n[\/et_pb_text][et_pb_comments admin_label=\u00bbComentarios\u00bb _builder_version=\u00bb4.16&#8243; use_border_color=\u00bboff\u00bb border_color=\u00bb#ffffff\u00bb border_style=\u00bbsolid\u00bb button_letter_spacing_hover=\u00bb0&#8243; global_colors_info=\u00bb{}\u00bb button_text_size__hover_enabled=\u00bboff\u00bb button_one_text_size__hover_enabled=\u00bboff\u00bb button_two_text_size__hover_enabled=\u00bboff\u00bb button_text_color__hover_enabled=\u00bboff\u00bb button_one_text_color__hover_enabled=\u00bboff\u00bb button_two_text_color__hover_enabled=\u00bboff\u00bb button_border_width__hover_enabled=\u00bboff\u00bb button_one_border_width__hover_enabled=\u00bboff\u00bb button_two_border_width__hover_enabled=\u00bboff\u00bb button_border_color__hover_enabled=\u00bboff\u00bb button_one_border_color__hover_enabled=\u00bboff\u00bb button_two_border_color__hover_enabled=\u00bboff\u00bb button_border_radius__hover_enabled=\u00bboff\u00bb button_one_border_radius__hover_enabled=\u00bboff\u00bb button_two_border_radius__hover_enabled=\u00bboff\u00bb button_letter_spacing__hover_enabled=\u00bbon\u00bb button_letter_spacing__hover=\u00bb0&#8243; button_one_letter_spacing__hover_enabled=\u00bboff\u00bb button_two_letter_spacing__hover_enabled=\u00bboff\u00bb button_bg_color__hover_enabled=\u00bboff\u00bb button_one_bg_color__hover_enabled=\u00bboff\u00bb button_two_bg_color__hover_enabled=\u00bboff\u00bb] [\/et_pb_comments][\/et_pb_column_inner][\/et_pb_row_inner][\/et_pb_column][et_pb_column type=\u00bb1_3&#8243; _builder_version=\u00bb4.16&#8243; custom_padding=\u00bb|||\u00bb global_colors_info=\u00bb{}\u00bb custom_padding__hover=\u00bb|||\u00bb][et_pb_sidebar orientation=\u00bbright\u00bb area=\u00bbsidebar-1&#8243; admin_label=\u00bbBarra lateral\u00bb _builder_version=\u00bb4.16&#8243; remove_border=\u00bboff\u00bb global_colors_info=\u00bb{}\u00bb] [\/et_pb_sidebar][\/et_pb_column][\/et_pb_section][et_pb_section fb_built=\u00bb1&#8243; custom_padding_last_edited=\u00bbon|desktop\u00bb disabled_on=\u00bbon|on|on\u00bb admin_label=\u00bbSecci\u00f3n\u00bb _builder_version=\u00bb3.0.92&#8243; background_color=\u00bb#dedacf\u00bb custom_padding_tablet=\u00bb50px|0|50px|0&#8243; transparent_background=\u00bboff\u00bb padding_mobile=\u00bboff\u00bb make_fullwidth=\u00bboff\u00bb use_custom_width=\u00bboff\u00bb width_unit=\u00bbon\u00bb disabled=\u00bbon\u00bb global_module=\u00bb5116&#8243; collapsed=\u00bboff\u00bb global_colors_info=\u00bb{}\u00bb custom_padding_phone=\u00bb50px|0|50px|0&#8243;][et_pb_row _builder_version=\u00bb4.16&#8243; global_colors_info=\u00bb{}\u00bb][et_pb_column type=\u00bb4_4&#8243; _builder_version=\u00bb4.16&#8243; custom_padding=\u00bb|||\u00bb global_colors_info=\u00bb{}\u00bb custom_padding__hover=\u00bb|||\u00bb][\/et_pb_column][\/et_pb_row][\/et_pb_section][et_pb_section fb_built=\u00bb1&#8243; custom_padding_last_edited=\u00bbon|desktop\u00bb admin_label=\u00bbSecci\u00f3n\u00bb _builder_version=\u00bb3.22&#8243; background_color=\u00bb#ffffff\u00bb custom_padding=\u00bb10px||0px|\u00bb custom_padding_tablet=\u00bb50px|0|50px|0&#8243; transparent_background=\u00bboff\u00bb padding_mobile=\u00bboff\u00bb make_fullwidth=\u00bboff\u00bb use_custom_width=\u00bboff\u00bb width_unit=\u00bbon\u00bb global_module=\u00bb5115&#8243; collapsed=\u00bboff\u00bb global_colors_info=\u00bb{}\u00bb custom_padding_phone=\u00bb50px|0|50px|0&#8243;][et_pb_row padding_mobile=\u00bboff\u00bb column_padding_mobile=\u00bbon\u00bb _builder_version=\u00bb4.16&#8243; background_size=\u00bbinitial\u00bb background_position=\u00bbtop_left\u00bb background_repeat=\u00bbrepeat\u00bb max_width=\u00bb1080px\u00bb custom_padding=\u00bb0px||0px|\u00bb make_fullwidth=\u00bboff\u00bb use_custom_width=\u00bboff\u00bb width_unit=\u00bbon\u00bb global_colors_info=\u00bb{}\u00bb][\/et_pb_row][\/et_pb_section]<\/p>\n","protected":false},"excerpt":{"rendered":"<p>La Casa de la Tercia, el hogar donde se ubica el Centro de Interpretaci\u00f3n \u201cOlivar y Aceite\u201d acogi\u00f3 la presentaci\u00f3n de tres nuevos socios, que se unen a la Asociaci\u00f3n Olivar y Aceite Provincia de Ja\u00e9n referente en Oleoturismo en la provincia de Ja\u00e9n.\u00a0Las nuevas empresas que inician su andadura como miembros de la esta [&hellip;]<\/p>\n","protected":false},"author":1,"featured_media":4901,"comment_status":"open","ping_status":"open","sticky":false,"template":"","format":"standard","meta":{"_et_pb_use_builder":"on","_et_pb_old_content":"<p>La Casa de la Tercia, el hogar donde se ubica el Centro de Interpretaci\u00f3n \u201cOlivar y Aceite\u201d acogi\u00f3 la presentaci\u00f3n de tres nuevos socios, que se unen a la Asociaci\u00f3n Olivar y Aceite Provincia de Ja\u00e9n referente en Oleoturismo en la provincia de Ja\u00e9n.\u00a0Las nuevas empresas que inician su andadura como miembros de la esta asociaci\u00f3n son: IADA Ingenieros, Aceites Padilla y AOVE Picu\u00e9lite. Con la incorporaci\u00f3n de estos tres nuevos miembros superamos la cincuentena de socios y conseguimos que crezca el n\u00famero de personas implicadas en este gran proyecto, cuyo objetivo es la promoci\u00f3n y difusi\u00f3n del aceite de oliva.<\/p><p>La Asociaci\u00f3n Olivar y Aceite no solo se centra en la producci\u00f3n del aceite con los productores, sino que tambi\u00e9n tiene cabida toda la industria y servicios afines que ofrece la ingenier\u00eda agroalimentaria para el desarrollo de las almazaras y el producto con esto estamos implementando el valor del producto, ya que conseguimos un valor a\u00f1adido pues introducimos la tecnolog\u00eda y la modernidad en el desarrollo de la producci\u00f3n del aceite de oliva.<\/p><p>En palabras de nuestro Presidente, \u201cCon esfuerzo, trabajo e ilusi\u00f3n este proyecto sigue adelante y la incorporaci\u00f3n de nuevos socios lo que demuestra es el Centro del Olivar tiene una gran difusi\u00f3n y un gran \u00e9xito, y buena muestra de ello es que el n\u00famero de socios supera la cincuentena\u201d. Respecto a los nuevos asociados os presentamos a:<\/p><ul><li>IADA Ingenieros una empresa que se dedica al asesoramiento para la producci\u00f3n de aceite de calidad en todas sus fases, partiendo del asesoramiento en el campo para obtener un fruto adecuado para obtener aceite de calidad, pasando por la poda, abonado, riego, fertilizaci\u00f3n o la asesoramiento de la almazara para obtener un producto de calidad que mantenga sus cualidades a lo largo del tiempo.<\/li><li>Picu\u00e9lite, una empresa familiar que lleva a\u00f1os dedic\u00e1ndose al olivar y a la producci\u00f3n de aceite de oliva, pero este es el primer a\u00f1o que desarrollan un aceite temprano. \u00a0El objetivo es darle valor a sus aceites, entendiendo que no solo es una grasa para cocinar sino una emoci\u00f3n de sabores, aromas y que al consumirlo en boca sepa a tomate, frutas frescas o almendra verde, por ejemplo.<\/li><li>AOVE Aceites Padilla y Cer\u00e1mica Padilla, una compa\u00f1\u00eda que desde el a\u00f1o 1998\/1999 producen\u00a0aceite de oliva virgen extra de la variedad picual convencional y ecol\u00f3gico y lo distribuyen \u00a0en el mercado nacional siendo\u00a0unos de los primeros productores de aceite de oliva virgen extra de extracci\u00f3n temprana\u201d.<\/li><\/ul><p>Desde aqu\u00ed damos la bienvenida a estos nuevos socios para la Asociaci\u00f3n y nuestra tienda de aceites de Oliva Virgen Extra de \u00dabeda.<\/p><p><a href=\"http:\/\/centrodeolivaryaceite.com\/wp-content\/uploads\/2016\/05\/Presentacion-socios.jpg\"><img class=\"size-full wp-image-4901 aligncenter\" src=\"http:\/\/centrodeolivaryaceite.com\/wp-content\/uploads\/2016\/05\/Presentacion-socios.jpg\" alt=\"Presentacion socios\" width=\"640\" height=\"426\" \/><\/a><\/p><p>\u00a0<\/p>","_et_gb_content_width":"","_jetpack_memberships_contains_paid_content":false,"footnotes":""},"categories":[1],"tags":[],"class_list":["post-4853","post","type-post","status-publish","format-standard","has-post-thumbnail","hentry","category-general"],"jetpack_featured_media_url":"https:\/\/i0.wp.com\/centrodeolivaryaceite.com\/wp-content\/uploads\/2016\/05\/Presentacion-socios.jpg?fit=640%2C426&ssl=1","jetpack_sharing_enabled":true,"jetpack_shortlink":"https:\/\/wp.me\/p95A9q-1gh","_links":{"self":[{"href":"https:\/\/centrodeolivaryaceite.com\/es\/wp-json\/wp\/v2\/posts\/4853\/"}],"collection":[{"href":"https:\/\/centrodeolivaryaceite.com\/es\/wp-json\/wp\/v2\/posts\/"}],"about":[{"href":"https:\/\/centrodeolivaryaceite.com\/es\/wp-json\/wp\/v2\/types\/post\/"}],"author":[{"embeddable":true,"href":"https:\/\/centrodeolivaryaceite.com\/es\/wp-json\/wp\/v2\/users\/1\/"}],"replies":[{"embeddable":true,"href":"https:\/\/centrodeolivaryaceite.com\/es\/wp-json\/wp\/v2\/comments\/?post=4853"}],"version-history":[{"count":0,"href":"https:\/\/centrodeolivaryaceite.com\/es\/wp-json\/wp\/v2\/posts\/4853\/revisions\/"}],"wp:featuredmedia":[{"embeddable":true,"href":"https:\/\/centrodeolivaryaceite.com\/es\/wp-json\/wp\/v2\/media\/4901\/"}],"wp:attachment":[{"href":"https:\/\/centrodeolivaryaceite.com\/es\/wp-json\/wp\/v2\/media\/?parent=4853"}],"wp:term":[{"taxonomy":"category","embeddable":true,"href":"https:\/\/centrodeolivaryaceite.com\/es\/wp-json\/wp\/v2\/categories\/?post=4853"},{"taxonomy":"post_tag","embeddable":true,"href":"https:\/\/centrodeolivaryaceite.com\/es\/wp-json\/wp\/v2\/tags\/?post=4853"}],"curies":[{"name":"wp","href":"https:\/\/api.w.org\/{rel}","templated":true}]}}