{"id":4860,"date":"2016-04-02T17:51:58","date_gmt":"2016-04-02T17:51:58","guid":{"rendered":"http:\/\/centrodeolivaryaceitelaloma.com\/copiablog\/?p=4860"},"modified":"2022-07-29T11:57:02","modified_gmt":"2022-07-29T11:57:02","slug":"actividades-en-abril","status":"publish","type":"post","link":"https:\/\/centrodeolivaryaceite.com\/es\/actividades-en-abril\/","title":{"rendered":"OFERTA DE ACTIVIDADES PARA EL MES DE ABRIL"},"content":{"rendered":"<p>[et_pb_section fb_built=\u00bb1&#8243; fullwidth=\u00bbon\u00bb custom_padding_last_edited=\u00bbon|desktop\u00bb admin_label=\u00bbSecci\u00f3n\u00bb _builder_version=\u00bb3.22&#8243; background_color=\u00bb#ffffff\u00bb background_image=\u00bbhttp:\/\/centrodeolivaryaceite.com\/wp-content\/uploads\/2016\/06\/page_header_bg_blue.jpg\u00bb custom_padding_tablet=\u00bb50px|0|50px|0&#8243; transparent_background=\u00bboff\u00bb padding_mobile=\u00bboff\u00bb make_fullwidth=\u00bboff\u00bb use_custom_width=\u00bboff\u00bb width_unit=\u00bbon\u00bb global_module=\u00bb5294&#8243; locked=\u00bboff\u00bb collapsed=\u00bboff\u00bb global_colors_info=\u00bb{}\u00bb custom_padding_phone=\u00bb50px|0|50px|0&#8243;][et_pb_fullwidth_post_title meta=\u00bboff\u00bb featured_image=\u00bboff\u00bb text_color=\u00bblight\u00bb text_background=\u00bbon\u00bb text_bg_color=\u00bbrgba(28,28,28,0.43)\u00bb admin_label=\u00bbT\u00edtulo\u00bb _builder_version=\u00bb4.17.6&#8243; _module_preset=\u00bbdefault\u00bb title_font=\u00bbRoboto Light||||\u00bb title_font_size=\u00bb35px\u00bb title_all_caps=\u00bbon\u00bb background_color=\u00bbrgba(255,255,255,0)\u00bb parallax=\u00bbon\u00bb parallax_method=\u00bboff\u00bb text_orientation=\u00bbcenter\u00bb use_border_color=\u00bboff\u00bb border_color=\u00bb#ffffff\u00bb border_style=\u00bbsolid\u00bb parallax_effect=\u00bbon\u00bb module_bg_color=\u00bbrgba(255,255,255,0)\u00bb global_colors_info=\u00bb{}\u00bb][\/et_pb_fullwidth_post_title][\/et_pb_section][et_pb_section fb_built=\u00bb1&#8243; custom_padding_last_edited=\u00bbon|desktop\u00bb admin_label=\u00bbSecci\u00f3n\u00bb _builder_version=\u00bb4.16&#8243; background_color=\u00bb#ffffff\u00bb custom_padding=\u00bb10px|||\u00bb custom_padding_tablet=\u00bb50px|0|50px|0&#8243; transparent_background=\u00bboff\u00bb padding_mobile=\u00bboff\u00bb make_fullwidth=\u00bboff\u00bb use_custom_width=\u00bboff\u00bb width_unit=\u00bbon\u00bb global_colors_info=\u00bb{}\u00bb custom_padding_phone=\u00bb50px|0|50px|0&#8243;][et_pb_row padding_mobile=\u00bboff\u00bb column_padding_mobile=\u00bbon\u00bb admin_label=\u00bbFila\u00bb _builder_version=\u00bb4.16&#8243; background_size=\u00bbinitial\u00bb background_position=\u00bbtop_left\u00bb background_repeat=\u00bbrepeat\u00bb custom_padding=\u00bb10px|||\u00bb make_fullwidth=\u00bboff\u00bb use_custom_width=\u00bboff\u00bb width_unit=\u00bbon\u00bb global_colors_info=\u00bb{}\u00bb][et_pb_column type=\u00bb4_4&#8243; _builder_version=\u00bb4.16&#8243; custom_padding=\u00bb|||\u00bb global_colors_info=\u00bb{}\u00bb custom_padding__hover=\u00bb|||\u00bb][et_pb_post_title title=\u00bboff\u00bb admin_label=\u00bbT\u00edtulo de publicaci\u00f3n\u00bb _builder_version=\u00bb4.16&#8243; title_all_caps=\u00bboff\u00bb background_color=\u00bbrgba(255,255,255,0)\u00bb parallax=\u00bbon\u00bb parallax_method=\u00bboff\u00bb use_border_color=\u00bboff\u00bb border_color=\u00bb#ffffff\u00bb border_style=\u00bbsolid\u00bb parallax_effect=\u00bbon\u00bb module_bg_color=\u00bbrgba(255,255,255,0)\u00bb global_colors_info=\u00bb{}\u00bb] [\/et_pb_post_title][\/et_pb_column][\/et_pb_row][\/et_pb_section][et_pb_section fb_built=\u00bb1&#8243; specialty=\u00bbon\u00bb custom_padding_last_edited=\u00bbon|desktop\u00bb parallax_method_1=\u00bboff\u00bb parallax_method_2=\u00bboff\u00bb admin_label=\u00bbSecci\u00f3n\u00bb _builder_version=\u00bb4.16&#8243; background_color=\u00bb#ffffff\u00bb custom_padding=\u00bb10px|||\u00bb custom_padding_tablet=\u00bb50px|0|50px|0&#8243; transparent_background=\u00bboff\u00bb padding_mobile=\u00bboff\u00bb make_fullwidth=\u00bboff\u00bb use_custom_width=\u00bboff\u00bb width_unit=\u00bbon\u00bb global_colors_info=\u00bb{}\u00bb custom_padding_phone=\u00bb50px|0|50px|0&#8243;][et_pb_column type=\u00bb2_3&#8243; specialty_columns=\u00bb2&#8243; _builder_version=\u00bb4.16&#8243; custom_padding=\u00bb|||\u00bb global_colors_info=\u00bb{}\u00bb custom_padding__hover=\u00bb|||\u00bb][et_pb_row_inner padding_mobile=\u00bboff\u00bb column_padding_mobile=\u00bbon\u00bb admin_label=\u00bbFila\u00bb _builder_version=\u00bb4.16&#8243; custom_padding=\u00bb0px|||\u00bb global_colors_info=\u00bb{}\u00bb][et_pb_column_inner saved_specialty_column_type=\u00bb2_3&#8243; _builder_version=\u00bb4.16&#8243; custom_padding=\u00bb|||\u00bb global_colors_info=\u00bb{}\u00bb custom_padding__hover=\u00bb|||\u00bb][et_pb_text admin_label=\u00bbText\u00bb _builder_version=\u00bb4.16&#8243; background_size=\u00bbinitial\u00bb background_position=\u00bbtop_left\u00bb background_repeat=\u00bbrepeat\u00bb text_orientation=\u00bbleft\u00bb use_border_color=\u00bboff\u00bb border_color=\u00bb#ffffff\u00bb border_style=\u00bbsolid\u00bb global_colors_info=\u00bb{}\u00bb]Como hemos comentado en varias ocasiones, nuestro objetivo como Centro\u00a0es difundir la cultura del olivar y del aceite, y en el af\u00e1n de ampliar las actividades que oferta con una serie de actividades alternativas que complementen a los talleres de cocina o los cursos de catas de aceite de oliva virgen extra, se ha apostado por la realizaci\u00f3n de actividades diferentes que enriquezcan su planificaci\u00f3n.<\/p>\n<p>As\u00ed este s\u00e1bado d\u00eda 2 de abril el centro desarrollamos el primer taller de Bons\u00e1i y Bons\u00e1i terapia que se realiza en la ciudad. A cargo del desarrollo del Taller se encuentra Joaqu\u00edn Garc\u00eda, gerente de Old Tree Olive, y en el que se busca \u00a0introducir a los asistentes al mismo en esta t\u00e9cnica milenaria proveniente de Jap\u00f3n, las diferentes categor\u00edas que tiene y c\u00f3mo ha evolucionado con el pasar de los a\u00f1os. Dentro de la parte pr\u00e1ctica los alumnos obtendr\u00e1n los conocimientos necesarios para iniciarse en el arte del bons\u00e1i.\u00a0Adem\u00e1s tambi\u00e9n el alumnado conocer\u00e1 las bondades de la Bons\u00e1i\u00a0 Terapia, \u00a0t\u00e9cnica avalada con\u00a0no solo en el equilibrio corporal y mental sino que ha sido utilizada en personas con problemas de concentraci\u00f3n, depresi\u00f3n o personas autistas. El curso es impartido por Andr\u00e9s Molina, un reconocido maestro con m\u00e1s de 25 a\u00f1os de experiencia en este arte milenario.<\/p>\n<p>Por otro lado tambi\u00e9n se desarrollar\u00e1 una\u00a0conferencia acerca de los beneficios de la dieta mediterr\u00e1nea para \u00a0el martes 5 de abril a las 19 horas. Esta charla ser\u00e1 conducida por Amparo Montoro, licenciada en Farmacia y Nutrici\u00f3n y Diet\u00e9tica y Roc\u00edo Rus, diplomada en Nutrici\u00f3n y Diet\u00e9tica as\u00ed como en Tecnolog\u00eda de los Alimentos , bajo el t\u00edtulo \u201cDieta Mediterr\u00e1nea vs Dietas Milagro\u201d. Es clara\u00a0la estrecha relaci\u00f3n existente entre la dieta mediterr\u00e1nea y el aceite de oliva virgen extra,\u00a0 m\u00e1xime cuando la provincia de Ja\u00e9n es una de las mayores productoras de este oro l\u00edquido, que adem\u00e1s es antioxidante. Es importante tener en cuenta que\u00a0las dietas milagro suponen una reducci\u00f3n importante de calor\u00edas, por lo tanto la p\u00e9rdida de peso es considerable pero como no existe una reeducaci\u00f3n nutricional en cuanto se deja esa dieta se vuelve a ganar peso, entrando en una especie de \u201ccirculo vicioso\u201d, donde se pierde y gana peso r\u00e1pidamente, que es nocivo tanto para nuestra salud mental como f\u00edsica\u201d.<\/p>\n<p>Para finalizar tendremos dos ediciones de nuestros Cursos de Cata. El\u00a0 curso de cata de iniciaci\u00f3n se desarrollara los d\u00edas 8 y 9 de abril, su duraci\u00f3n ser\u00e1 de 12 horas. Este est\u00e1 orientado a personas que quieran conocer cu\u00e1les son las bondades y excelencias del aceite de oliva virgen extra y por lo tanto no es necesario tener conocimientos previos. En el mismo adem\u00e1s catar diferentes variedades de aceite tambi\u00e9n habr\u00e1 maridaje del oro l\u00edquido con otros productos.<\/p>\n<p>El curso de cata avanzado se impartir\u00e1 los d\u00edas 22 y 23 de abril, constar\u00e1 de una parte te\u00f3rica y otra pr\u00e1ctica y en \u00e9l se podr\u00e1n probar m\u00e1s de 25 muestras de AOVEs diferentes. Este curso avanzado puede interesar\u00a0 a profesionales del sector agr\u00edcola, estudiantes o titulados con las materias a impartir, profesionales de empresas de turismo, hosteler\u00eda o restauraci\u00f3n, aficionados, amateurs o simplemente para personas que quieran ampliar sus conocimientos en el fascinante mundo del aceite de oliva virgen extra.\u00a0 Recordad que ambos cursos pueden ser bonificados, siendo a coste cero\u00a0 para trabajadores del r\u00e9gimen general o podr\u00e1 obtenerse bonificaci\u00f3n en el 100%\u00a0 de las cotizaciones de la empresa.<\/p>\n<p>Para m\u00e1s informaci\u00f3n pueden dirigirse a la direcci\u00f3n de correo electr\u00f3nico\u00a0 info@centrodeolivaryaceitelaloma.com\/copiablog, \u00a0o bien llamar al tel\u00e9fono 953755889.<\/p>\n<p><a href=\"https:\/\/i0.wp.com\/centrodeolivaryaceite.com\/wp-content\/uploads\/2016\/04\/Cartel-Charla-Dietas-Milagro-Farmacia-Corredera.jpg\"><img data-recalc-dims=\"1\" loading=\"lazy\" decoding=\"async\" data-attachment-id=\"4863\" data-permalink=\"https:\/\/centrodeolivaryaceite.com\/es\/actividades-en-abril\/cartel-charla-dietas-milagro-farmacia-corredera\/\" data-orig-file=\"https:\/\/i0.wp.com\/centrodeolivaryaceite.com\/wp-content\/uploads\/2016\/04\/Cartel-Charla-Dietas-Milagro-Farmacia-Corredera.jpg?fit=1240%2C1754&amp;ssl=1\" data-orig-size=\"1240,1754\" data-comments-opened=\"1\" data-image-meta=\"{&quot;aperture&quot;:&quot;0&quot;,&quot;credit&quot;:&quot;&quot;,&quot;camera&quot;:&quot;&quot;,&quot;caption&quot;:&quot;&quot;,&quot;created_timestamp&quot;:&quot;0&quot;,&quot;copyright&quot;:&quot;&quot;,&quot;focal_length&quot;:&quot;0&quot;,&quot;iso&quot;:&quot;0&quot;,&quot;shutter_speed&quot;:&quot;0&quot;,&quot;title&quot;:&quot;&quot;,&quot;orientation&quot;:&quot;0&quot;}\" data-image-title=\"Cartel Charla Dietas Milagro Farmacia Corredera\" data-image-description=\"\" data-image-caption=\"\" data-medium-file=\"https:\/\/i0.wp.com\/centrodeolivaryaceite.com\/wp-content\/uploads\/2016\/04\/Cartel-Charla-Dietas-Milagro-Farmacia-Corredera.jpg?fit=212%2C300&amp;ssl=1\" data-large-file=\"https:\/\/i0.wp.com\/centrodeolivaryaceite.com\/wp-content\/uploads\/2016\/04\/Cartel-Charla-Dietas-Milagro-Farmacia-Corredera.jpg?fit=724%2C1024&amp;ssl=1\" class=\"wp-image-4863 alignleft\" src=\"https:\/\/i0.wp.com\/centrodeolivaryaceite.com\/wp-content\/uploads\/2016\/04\/Cartel-Charla-Dietas-Milagro-Farmacia-Corredera.jpg?resize=166%2C234\" alt=\"Cartel Charla Dietas Milagro Farmacia Corredera\" width=\"166\" height=\"234\" srcset=\"https:\/\/i0.wp.com\/centrodeolivaryaceite.com\/wp-content\/uploads\/2016\/04\/Cartel-Charla-Dietas-Milagro-Farmacia-Corredera.jpg?w=1240&amp;ssl=1 1240w, https:\/\/i0.wp.com\/centrodeolivaryaceite.com\/wp-content\/uploads\/2016\/04\/Cartel-Charla-Dietas-Milagro-Farmacia-Corredera.jpg?resize=212%2C300&amp;ssl=1 212w, https:\/\/i0.wp.com\/centrodeolivaryaceite.com\/wp-content\/uploads\/2016\/04\/Cartel-Charla-Dietas-Milagro-Farmacia-Corredera.jpg?resize=724%2C1024&amp;ssl=1 724w, https:\/\/i0.wp.com\/centrodeolivaryaceite.com\/wp-content\/uploads\/2016\/04\/Cartel-Charla-Dietas-Milagro-Farmacia-Corredera.jpg?resize=900%2C1273&amp;ssl=1 900w\" sizes=\"(max-width: 166px) 100vw, 166px\" \/><\/a> <a href=\"https:\/\/i0.wp.com\/centrodeolivaryaceite.com\/wp-content\/uploads\/2010\/08\/Cartel-Nuevos-Cursos-de-Cata-Fin-de-Semana-Abril-2016.jpg\"><img data-recalc-dims=\"1\" loading=\"lazy\" decoding=\"async\" data-attachment-id=\"4849\" data-permalink=\"https:\/\/centrodeolivaryaceite.com\/es\/?attachment_id=4849\" data-orig-file=\"https:\/\/i0.wp.com\/centrodeolivaryaceite.com\/wp-content\/uploads\/2010\/08\/Cartel-Nuevos-Cursos-de-Cata-Fin-de-Semana-Abril-2016.jpg?fit=1240%2C1754&amp;ssl=1\" data-orig-size=\"1240,1754\" data-comments-opened=\"1\" data-image-meta=\"{&quot;aperture&quot;:&quot;0&quot;,&quot;credit&quot;:&quot;&quot;,&quot;camera&quot;:&quot;&quot;,&quot;caption&quot;:&quot;&quot;,&quot;created_timestamp&quot;:&quot;0&quot;,&quot;copyright&quot;:&quot;&quot;,&quot;focal_length&quot;:&quot;0&quot;,&quot;iso&quot;:&quot;0&quot;,&quot;shutter_speed&quot;:&quot;0&quot;,&quot;title&quot;:&quot;&quot;,&quot;orientation&quot;:&quot;0&quot;}\" data-image-title=\"Cartel Nuevos Cursos de Cata Fin de Semana Abril 2016\" data-image-description=\"\" data-image-caption=\"\" data-medium-file=\"https:\/\/i0.wp.com\/centrodeolivaryaceite.com\/wp-content\/uploads\/2010\/08\/Cartel-Nuevos-Cursos-de-Cata-Fin-de-Semana-Abril-2016.jpg?fit=212%2C300&amp;ssl=1\" data-large-file=\"https:\/\/i0.wp.com\/centrodeolivaryaceite.com\/wp-content\/uploads\/2010\/08\/Cartel-Nuevos-Cursos-de-Cata-Fin-de-Semana-Abril-2016.jpg?fit=724%2C1024&amp;ssl=1\" class=\"wp-image-4849 alignleft\" src=\"https:\/\/i0.wp.com\/centrodeolivaryaceite.com\/wp-content\/uploads\/2010\/08\/Cartel-Nuevos-Cursos-de-Cata-Fin-de-Semana-Abril-2016.jpg?resize=170%2C241\" alt=\"Cartel Nuevos Cursos de Cata Fin de Semana Abril 2016\" width=\"170\" height=\"241\" srcset=\"https:\/\/i0.wp.com\/centrodeolivaryaceite.com\/wp-content\/uploads\/2010\/08\/Cartel-Nuevos-Cursos-de-Cata-Fin-de-Semana-Abril-2016.jpg?w=1240&amp;ssl=1 1240w, https:\/\/i0.wp.com\/centrodeolivaryaceite.com\/wp-content\/uploads\/2010\/08\/Cartel-Nuevos-Cursos-de-Cata-Fin-de-Semana-Abril-2016.jpg?resize=212%2C300&amp;ssl=1 212w, https:\/\/i0.wp.com\/centrodeolivaryaceite.com\/wp-content\/uploads\/2010\/08\/Cartel-Nuevos-Cursos-de-Cata-Fin-de-Semana-Abril-2016.jpg?resize=724%2C1024&amp;ssl=1 724w, https:\/\/i0.wp.com\/centrodeolivaryaceite.com\/wp-content\/uploads\/2010\/08\/Cartel-Nuevos-Cursos-de-Cata-Fin-de-Semana-Abril-2016.jpg?resize=900%2C1273&amp;ssl=1 900w\" sizes=\"(max-width: 170px) 100vw, 170px\" \/><img data-recalc-dims=\"1\" loading=\"lazy\" decoding=\"async\" data-attachment-id=\"4865\" data-permalink=\"https:\/\/centrodeolivaryaceite.com\/es\/actividades-en-abril\/taller-bonsai\/\" data-orig-file=\"https:\/\/i0.wp.com\/centrodeolivaryaceite.com\/wp-content\/uploads\/2016\/04\/Taller-Bonsai-.jpg?fit=1240%2C1754&amp;ssl=1\" data-orig-size=\"1240,1754\" data-comments-opened=\"1\" data-image-meta=\"{&quot;aperture&quot;:&quot;0&quot;,&quot;credit&quot;:&quot;&quot;,&quot;camera&quot;:&quot;&quot;,&quot;caption&quot;:&quot;&quot;,&quot;created_timestamp&quot;:&quot;0&quot;,&quot;copyright&quot;:&quot;&quot;,&quot;focal_length&quot;:&quot;0&quot;,&quot;iso&quot;:&quot;0&quot;,&quot;shutter_speed&quot;:&quot;0&quot;,&quot;title&quot;:&quot;&quot;,&quot;orientation&quot;:&quot;0&quot;}\" data-image-title=\"Taller Bonsai\" data-image-description=\"\" data-image-caption=\"\" data-medium-file=\"https:\/\/i0.wp.com\/centrodeolivaryaceite.com\/wp-content\/uploads\/2016\/04\/Taller-Bonsai-.jpg?fit=212%2C300&amp;ssl=1\" data-large-file=\"https:\/\/i0.wp.com\/centrodeolivaryaceite.com\/wp-content\/uploads\/2016\/04\/Taller-Bonsai-.jpg?fit=724%2C1024&amp;ssl=1\" class=\"wp-image-4865 alignleft\" src=\"https:\/\/i0.wp.com\/centrodeolivaryaceite.com\/wp-content\/uploads\/2016\/04\/Taller-Bonsai-.jpg?resize=183%2C259\" alt=\"Taller Bonsai\" width=\"183\" height=\"259\" srcset=\"https:\/\/i0.wp.com\/centrodeolivaryaceite.com\/wp-content\/uploads\/2016\/04\/Taller-Bonsai-.jpg?w=1240&amp;ssl=1 1240w, https:\/\/i0.wp.com\/centrodeolivaryaceite.com\/wp-content\/uploads\/2016\/04\/Taller-Bonsai-.jpg?resize=212%2C300&amp;ssl=1 212w, https:\/\/i0.wp.com\/centrodeolivaryaceite.com\/wp-content\/uploads\/2016\/04\/Taller-Bonsai-.jpg?resize=724%2C1024&amp;ssl=1 724w, https:\/\/i0.wp.com\/centrodeolivaryaceite.com\/wp-content\/uploads\/2016\/04\/Taller-Bonsai-.jpg?resize=900%2C1273&amp;ssl=1 900w\" sizes=\"(max-width: 183px) 100vw, 183px\" \/><\/a><br \/>\n[\/et_pb_text][et_pb_comments admin_label=\u00bbComentarios\u00bb _builder_version=\u00bb4.16&#8243; use_border_color=\u00bboff\u00bb border_color=\u00bb#ffffff\u00bb border_style=\u00bbsolid\u00bb button_letter_spacing_hover=\u00bb0&#8243; global_colors_info=\u00bb{}\u00bb button_text_size__hover_enabled=\u00bboff\u00bb button_one_text_size__hover_enabled=\u00bboff\u00bb button_two_text_size__hover_enabled=\u00bboff\u00bb button_text_color__hover_enabled=\u00bboff\u00bb button_one_text_color__hover_enabled=\u00bboff\u00bb button_two_text_color__hover_enabled=\u00bboff\u00bb button_border_width__hover_enabled=\u00bboff\u00bb button_one_border_width__hover_enabled=\u00bboff\u00bb button_two_border_width__hover_enabled=\u00bboff\u00bb button_border_color__hover_enabled=\u00bboff\u00bb button_one_border_color__hover_enabled=\u00bboff\u00bb button_two_border_color__hover_enabled=\u00bboff\u00bb button_border_radius__hover_enabled=\u00bboff\u00bb button_one_border_radius__hover_enabled=\u00bboff\u00bb button_two_border_radius__hover_enabled=\u00bboff\u00bb button_letter_spacing__hover_enabled=\u00bbon\u00bb button_letter_spacing__hover=\u00bb0&#8243; button_one_letter_spacing__hover_enabled=\u00bboff\u00bb button_two_letter_spacing__hover_enabled=\u00bboff\u00bb button_bg_color__hover_enabled=\u00bboff\u00bb button_one_bg_color__hover_enabled=\u00bboff\u00bb button_two_bg_color__hover_enabled=\u00bboff\u00bb] [\/et_pb_comments][\/et_pb_column_inner][\/et_pb_row_inner][\/et_pb_column][et_pb_column type=\u00bb1_3&#8243; _builder_version=\u00bb4.16&#8243; custom_padding=\u00bb|||\u00bb global_colors_info=\u00bb{}\u00bb custom_padding__hover=\u00bb|||\u00bb][et_pb_sidebar orientation=\u00bbright\u00bb area=\u00bbsidebar-1&#8243; admin_label=\u00bbBarra lateral\u00bb _builder_version=\u00bb4.16&#8243; remove_border=\u00bboff\u00bb global_colors_info=\u00bb{}\u00bb] [\/et_pb_sidebar][\/et_pb_column][\/et_pb_section][et_pb_section fb_built=\u00bb1&#8243; custom_padding_last_edited=\u00bbon|desktop\u00bb disabled_on=\u00bbon|on|on\u00bb admin_label=\u00bbSecci\u00f3n\u00bb _builder_version=\u00bb3.0.92&#8243; background_color=\u00bb#dedacf\u00bb custom_padding_tablet=\u00bb50px|0|50px|0&#8243; transparent_background=\u00bboff\u00bb padding_mobile=\u00bboff\u00bb make_fullwidth=\u00bboff\u00bb use_custom_width=\u00bboff\u00bb width_unit=\u00bbon\u00bb disabled=\u00bbon\u00bb global_module=\u00bb5116&#8243; collapsed=\u00bboff\u00bb global_colors_info=\u00bb{}\u00bb custom_padding_phone=\u00bb50px|0|50px|0&#8243;][et_pb_row _builder_version=\u00bb4.16&#8243; global_colors_info=\u00bb{}\u00bb][et_pb_column type=\u00bb4_4&#8243; _builder_version=\u00bb4.16&#8243; custom_padding=\u00bb|||\u00bb global_colors_info=\u00bb{}\u00bb custom_padding__hover=\u00bb|||\u00bb][\/et_pb_column][\/et_pb_row][\/et_pb_section][et_pb_section fb_built=\u00bb1&#8243; custom_padding_last_edited=\u00bbon|desktop\u00bb admin_label=\u00bbSecci\u00f3n\u00bb _builder_version=\u00bb3.22&#8243; background_color=\u00bb#ffffff\u00bb custom_padding=\u00bb10px||0px|\u00bb custom_padding_tablet=\u00bb50px|0|50px|0&#8243; transparent_background=\u00bboff\u00bb padding_mobile=\u00bboff\u00bb make_fullwidth=\u00bboff\u00bb use_custom_width=\u00bboff\u00bb width_unit=\u00bbon\u00bb global_module=\u00bb5115&#8243; collapsed=\u00bboff\u00bb global_colors_info=\u00bb{}\u00bb custom_padding_phone=\u00bb50px|0|50px|0&#8243;][et_pb_row padding_mobile=\u00bboff\u00bb column_padding_mobile=\u00bbon\u00bb _builder_version=\u00bb4.16&#8243; background_size=\u00bbinitial\u00bb background_position=\u00bbtop_left\u00bb background_repeat=\u00bbrepeat\u00bb max_width=\u00bb1080px\u00bb custom_padding=\u00bb0px||0px|\u00bb make_fullwidth=\u00bboff\u00bb use_custom_width=\u00bboff\u00bb width_unit=\u00bbon\u00bb global_colors_info=\u00bb{}\u00bb][\/et_pb_row][\/et_pb_section]<\/p>\n","protected":false},"excerpt":{"rendered":"<p>Como hemos comentado en varias ocasiones, nuestro objetivo como Centro\u00a0es difundir la cultura del olivar y del aceite, y en el af\u00e1n de ampliar las actividades que oferta con una serie de actividades alternativas que complementen a los talleres de cocina o los cursos de catas de aceite de oliva virgen extra, se ha apostado [&hellip;]<\/p>\n","protected":false},"author":1,"featured_media":4862,"comment_status":"open","ping_status":"open","sticky":false,"template":"","format":"standard","meta":{"_et_pb_use_builder":"on","_et_pb_old_content":"<p>Como hemos comentado en varias ocasiones, nuestro objetivo como Centro\u00a0es difundir la cultura del olivar y del aceite, y en el af\u00e1n de ampliar las actividades que oferta con una serie de actividades alternativas que complementen a los talleres de cocina o los cursos de catas de aceite de oliva virgen extra, se ha apostado por la realizaci\u00f3n de actividades diferentes que enriquezcan su planificaci\u00f3n.<\/p><p>As\u00ed este s\u00e1bado d\u00eda 2 de abril el centro desarrollamos el primer taller de Bons\u00e1i y Bons\u00e1i terapia que se realiza en la ciudad. A cargo del desarrollo del Taller se encuentra Joaqu\u00edn Garc\u00eda, gerente de Old Tree Olive, y en el que se busca \u00a0introducir a los asistentes al mismo en esta t\u00e9cnica milenaria proveniente de Jap\u00f3n, las diferentes categor\u00edas que tiene y c\u00f3mo ha evolucionado con el pasar de los a\u00f1os. Dentro de la parte pr\u00e1ctica los alumnos obtendr\u00e1n los conocimientos necesarios para iniciarse en el arte del bons\u00e1i.\u00a0Adem\u00e1s tambi\u00e9n el alumnado conocer\u00e1 las bondades de la Bons\u00e1i\u00a0 Terapia, \u00a0t\u00e9cnica avalada con\u00a0no solo en el equilibrio corporal y mental sino que ha sido utilizada en personas con problemas de concentraci\u00f3n, depresi\u00f3n o personas autistas. El curso es impartido por Andr\u00e9s Molina, un reconocido maestro con m\u00e1s de 25 a\u00f1os de experiencia en este arte milenario.<\/p><p>Por otro lado tambi\u00e9n se desarrollar\u00e1 una\u00a0conferencia acerca de los beneficios de la dieta mediterr\u00e1nea para \u00a0el martes 5 de abril a las 19 horas. Esta charla ser\u00e1 conducida por Amparo Montoro, licenciada en Farmacia y Nutrici\u00f3n y Diet\u00e9tica y Roc\u00edo Rus, diplomada en Nutrici\u00f3n y Diet\u00e9tica as\u00ed como en Tecnolog\u00eda de los Alimentos , bajo el t\u00edtulo \u201cDieta Mediterr\u00e1nea vs Dietas Milagro\u201d. Es clara\u00a0la estrecha relaci\u00f3n existente entre la dieta mediterr\u00e1nea y el aceite de oliva virgen extra,\u00a0 m\u00e1xime cuando la provincia de Ja\u00e9n es una de las mayores productoras de este oro l\u00edquido, que adem\u00e1s es antioxidante. Es importante tener en cuenta que\u00a0las dietas milagro suponen una reducci\u00f3n importante de calor\u00edas, por lo tanto la p\u00e9rdida de peso es considerable pero como no existe una reeducaci\u00f3n nutricional en cuanto se deja esa dieta se vuelve a ganar peso, entrando en una especie de \u201ccirculo vicioso\u201d, donde se pierde y gana peso r\u00e1pidamente, que es nocivo tanto para nuestra salud mental como f\u00edsica\u201d.<\/p><p>Para finalizar tendremos dos ediciones de nuestros Cursos de Cata. El\u00a0 curso de cata de iniciaci\u00f3n se desarrollara los d\u00edas 8 y 9 de abril, su duraci\u00f3n ser\u00e1 de 12 horas. Este est\u00e1 orientado a personas que quieran conocer cu\u00e1les son las bondades y excelencias del aceite de oliva virgen extra y por lo tanto no es necesario tener conocimientos previos. En el mismo adem\u00e1s catar diferentes variedades de aceite tambi\u00e9n habr\u00e1 maridaje del oro l\u00edquido con otros productos.<\/p><p>El curso de cata avanzado se impartir\u00e1 los d\u00edas 22 y 23 de abril, constar\u00e1 de una parte te\u00f3rica y otra pr\u00e1ctica y en \u00e9l se podr\u00e1n probar m\u00e1s de 25 muestras de AOVEs diferentes. Este curso avanzado puede interesar\u00a0 a profesionales del sector agr\u00edcola, estudiantes o titulados con las materias a impartir, profesionales de empresas de turismo, hosteler\u00eda o restauraci\u00f3n, aficionados, amateurs o simplemente para personas que quieran ampliar sus conocimientos en el fascinante mundo del aceite de oliva virgen extra.\u00a0 Recordad que ambos cursos pueden ser bonificados, siendo a coste cero\u00a0 para trabajadores del r\u00e9gimen general o podr\u00e1 obtenerse bonificaci\u00f3n en el 100%\u00a0 de las cotizaciones de la empresa.<\/p><p>Para m\u00e1s informaci\u00f3n pueden dirigirse a la direcci\u00f3n de correo electr\u00f3nico\u00a0 info@centrodeolivaryaceitelaloma.com\/copiablog, \u00a0o bien llamar al tel\u00e9fono 953755889.<\/p><p><a href=\"http:\/\/centrodeolivaryaceite.com\/wp-content\/uploads\/2016\/04\/Cartel-Charla-Dietas-Milagro-Farmacia-Corredera.jpg\"><img class=\"wp-image-4863 alignleft\" src=\"http:\/\/centrodeolivaryaceite.com\/wp-content\/uploads\/2016\/04\/Cartel-Charla-Dietas-Milagro-Farmacia-Corredera.jpg\" alt=\"Cartel Charla Dietas Milagro Farmacia Corredera\" width=\"166\" height=\"234\" \/><\/a> <a href=\"http:\/\/centrodeolivaryaceite.com\/wp-content\/uploads\/2010\/08\/Cartel-Nuevos-Cursos-de-Cata-Fin-de-Semana-Abril-2016.jpg\"><img class=\"wp-image-4849 alignleft\" src=\"http:\/\/centrodeolivaryaceite.com\/wp-content\/uploads\/2010\/08\/Cartel-Nuevos-Cursos-de-Cata-Fin-de-Semana-Abril-2016.jpg\" alt=\"Cartel Nuevos Cursos de Cata Fin de Semana Abril 2016\" width=\"170\" height=\"241\" \/><img class=\"wp-image-4865 alignleft\" src=\"http:\/\/centrodeolivaryaceite.com\/wp-content\/uploads\/2016\/04\/Taller-Bonsai-.jpg\" alt=\"Taller Bonsai\" width=\"181\" height=\"256\" \/><\/a><\/p>","_et_gb_content_width":"","_jetpack_memberships_contains_paid_content":false,"footnotes":""},"categories":[1],"tags":[],"class_list":["post-4860","post","type-post","status-publish","format-standard","has-post-thumbnail","hentry","category-general"],"jetpack_featured_media_url":"https:\/\/i0.wp.com\/centrodeolivaryaceite.com\/wp-content\/uploads\/2016\/04\/DSC_0541-e1459619387220.jpeg?fit=640%2C352&ssl=1","jetpack_sharing_enabled":true,"jetpack_shortlink":"https:\/\/wp.me\/p95A9q-1go","_links":{"self":[{"href":"https:\/\/centrodeolivaryaceite.com\/es\/wp-json\/wp\/v2\/posts\/4860\/"}],"collection":[{"href":"https:\/\/centrodeolivaryaceite.com\/es\/wp-json\/wp\/v2\/posts\/"}],"about":[{"href":"https:\/\/centrodeolivaryaceite.com\/es\/wp-json\/wp\/v2\/types\/post\/"}],"author":[{"embeddable":true,"href":"https:\/\/centrodeolivaryaceite.com\/es\/wp-json\/wp\/v2\/users\/1\/"}],"replies":[{"embeddable":true,"href":"https:\/\/centrodeolivaryaceite.com\/es\/wp-json\/wp\/v2\/comments\/?post=4860"}],"version-history":[{"count":0,"href":"https:\/\/centrodeolivaryaceite.com\/es\/wp-json\/wp\/v2\/posts\/4860\/revisions\/"}],"wp:featuredmedia":[{"embeddable":true,"href":"https:\/\/centrodeolivaryaceite.com\/es\/wp-json\/wp\/v2\/media\/4862\/"}],"wp:attachment":[{"href":"https:\/\/centrodeolivaryaceite.com\/es\/wp-json\/wp\/v2\/media\/?parent=4860"}],"wp:term":[{"taxonomy":"category","embeddable":true,"href":"https:\/\/centrodeolivaryaceite.com\/es\/wp-json\/wp\/v2\/categories\/?post=4860"},{"taxonomy":"post_tag","embeddable":true,"href":"https:\/\/centrodeolivaryaceite.com\/es\/wp-json\/wp\/v2\/tags\/?post=4860"}],"curies":[{"name":"wp","href":"https:\/\/api.w.org\/{rel}","templated":true}]}}