{"id":5027,"date":"2016-06-29T11:10:43","date_gmt":"2016-06-29T11:10:43","guid":{"rendered":"http:\/\/centrodeolivaryaceitelaloma.com\/copiablog\/?p=5027"},"modified":"2022-07-31T17:12:37","modified_gmt":"2022-07-31T17:12:37","slug":"i-maraton-de-cata-de-aove","status":"publish","type":"post","link":"https:\/\/centrodeolivaryaceite.com\/es\/i-maraton-de-cata-de-aove\/","title":{"rendered":"I MARAT\u00d3N DE CATA DE AOVE"},"content":{"rendered":"<p>[et_pb_section fb_built=\u00bb1&#8243; fullwidth=\u00bbon\u00bb custom_padding_last_edited=\u00bbon|desktop\u00bb admin_label=\u00bbSecci\u00f3n\u00bb _builder_version=\u00bb3.22&#8243; background_color=\u00bb#ffffff\u00bb background_image=\u00bbhttp:\/\/centrodeolivaryaceite.com\/wp-content\/uploads\/2016\/06\/page_header_bg_blue.jpg\u00bb custom_padding_tablet=\u00bb50px|0|50px|0&#8243; transparent_background=\u00bboff\u00bb padding_mobile=\u00bboff\u00bb make_fullwidth=\u00bboff\u00bb use_custom_width=\u00bboff\u00bb width_unit=\u00bbon\u00bb global_module=\u00bb5294&#8243; locked=\u00bboff\u00bb collapsed=\u00bboff\u00bb global_colors_info=\u00bb{}\u00bb custom_padding_phone=\u00bb50px|0|50px|0&#8243;][et_pb_fullwidth_post_title meta=\u00bboff\u00bb featured_image=\u00bboff\u00bb text_color=\u00bblight\u00bb text_background=\u00bbon\u00bb text_bg_color=\u00bbrgba(28,28,28,0.43)\u00bb admin_label=\u00bbT\u00edtulo\u00bb _builder_version=\u00bb4.17.6&#8243; _module_preset=\u00bbdefault\u00bb title_font=\u00bbRoboto Light||||\u00bb title_font_size=\u00bb35px\u00bb title_all_caps=\u00bbon\u00bb background_color=\u00bbrgba(255,255,255,0)\u00bb parallax=\u00bbon\u00bb parallax_method=\u00bboff\u00bb text_orientation=\u00bbcenter\u00bb use_border_color=\u00bboff\u00bb border_color=\u00bb#ffffff\u00bb border_style=\u00bbsolid\u00bb parallax_effect=\u00bbon\u00bb module_bg_color=\u00bbrgba(255,255,255,0)\u00bb global_colors_info=\u00bb{}\u00bb][\/et_pb_fullwidth_post_title][\/et_pb_section][et_pb_section fb_built=\u00bb1&#8243; custom_padding_last_edited=\u00bbon|desktop\u00bb admin_label=\u00bbSecci\u00f3n\u00bb _builder_version=\u00bb4.16&#8243; background_color=\u00bb#ffffff\u00bb custom_padding=\u00bb10px|||\u00bb custom_padding_tablet=\u00bb50px|0|50px|0&#8243; transparent_background=\u00bboff\u00bb padding_mobile=\u00bboff\u00bb make_fullwidth=\u00bboff\u00bb use_custom_width=\u00bboff\u00bb width_unit=\u00bbon\u00bb global_colors_info=\u00bb{}\u00bb custom_padding_phone=\u00bb50px|0|50px|0&#8243;][et_pb_row padding_mobile=\u00bboff\u00bb column_padding_mobile=\u00bbon\u00bb admin_label=\u00bbFila\u00bb _builder_version=\u00bb4.16&#8243; background_size=\u00bbinitial\u00bb background_position=\u00bbtop_left\u00bb background_repeat=\u00bbrepeat\u00bb custom_padding=\u00bb10px|||\u00bb make_fullwidth=\u00bboff\u00bb use_custom_width=\u00bboff\u00bb width_unit=\u00bbon\u00bb global_colors_info=\u00bb{}\u00bb][et_pb_column type=\u00bb4_4&#8243; _builder_version=\u00bb4.16&#8243; custom_padding=\u00bb|||\u00bb global_colors_info=\u00bb{}\u00bb custom_padding__hover=\u00bb|||\u00bb][et_pb_post_title title=\u00bboff\u00bb admin_label=\u00bbT\u00edtulo de publicaci\u00f3n\u00bb _builder_version=\u00bb4.16&#8243; title_all_caps=\u00bboff\u00bb background_color=\u00bbrgba(255,255,255,0)\u00bb parallax=\u00bbon\u00bb parallax_method=\u00bboff\u00bb use_border_color=\u00bboff\u00bb border_color=\u00bb#ffffff\u00bb border_style=\u00bbsolid\u00bb parallax_effect=\u00bbon\u00bb module_bg_color=\u00bbrgba(255,255,255,0)\u00bb global_colors_info=\u00bb{}\u00bb] [\/et_pb_post_title][\/et_pb_column][\/et_pb_row][\/et_pb_section][et_pb_section fb_built=\u00bb1&#8243; specialty=\u00bbon\u00bb custom_padding_last_edited=\u00bbon|desktop\u00bb parallax_method_1=\u00bboff\u00bb parallax_method_2=\u00bboff\u00bb admin_label=\u00bbSecci\u00f3n\u00bb _builder_version=\u00bb4.16&#8243; background_color=\u00bb#ffffff\u00bb custom_padding=\u00bb10px|||\u00bb custom_padding_tablet=\u00bb50px|0|50px|0&#8243; transparent_background=\u00bboff\u00bb padding_mobile=\u00bboff\u00bb make_fullwidth=\u00bboff\u00bb use_custom_width=\u00bboff\u00bb width_unit=\u00bbon\u00bb global_colors_info=\u00bb{}\u00bb custom_padding_phone=\u00bb50px|0|50px|0&#8243;][et_pb_column type=\u00bb2_3&#8243; specialty_columns=\u00bb2&#8243; _builder_version=\u00bb4.16&#8243; custom_padding=\u00bb|||\u00bb global_colors_info=\u00bb{}\u00bb custom_padding__hover=\u00bb|||\u00bb][et_pb_row_inner padding_mobile=\u00bboff\u00bb column_padding_mobile=\u00bbon\u00bb admin_label=\u00bbFila\u00bb _builder_version=\u00bb4.16&#8243; custom_padding=\u00bb0px|||\u00bb global_colors_info=\u00bb{}\u00bb][et_pb_column_inner saved_specialty_column_type=\u00bb2_3&#8243; _builder_version=\u00bb4.16&#8243; custom_padding=\u00bb|||\u00bb global_colors_info=\u00bb{}\u00bb custom_padding__hover=\u00bb|||\u00bb][et_pb_text admin_label=\u00bbTexto\u00bb _builder_version=\u00bb4.16&#8243; background_size=\u00bbinitial\u00bb background_position=\u00bbtop_left\u00bb background_repeat=\u00bbrepeat\u00bb global_colors_info=\u00bb{}\u00bb]Recientemente se han presentado\u00a0en las instalaciones del Centro de Interpretaci\u00f3n Olivar y Aceite el primer marat\u00f3n de catas de aceite de oliva virgen extra en la provincia de Ja\u00e9n, los d\u00edas 2 y 3 de julio, enmarcado dentro de las actividades de la Fiestas del Renacimiento\u00a0 con motivo del\u00a0 13\u00ba Aniversario de la\u00a0 declaraci\u00f3n conjunta por la UNESCO a \u00dabeda y Baeza, Patrimonio de la Humanidad.<\/p>\n<p>M\u00e1s de cien referencias, de zumos de aceituna de nuestros socios, adem\u00e1s de otros aceites nacionales e internacionales, podr\u00e1n ser conocidos y degustados por los asistentes a este marat\u00f3n que durar\u00e1 10 horas y se realiza por primera vez en nuestra provincia.<\/p>\n<p>Javier G\u00e1mez, presidente de la Asociaci\u00f3n Olivar y Aceite que gestiona este Centro, afirma que el aceite de oliva forma parte del patrimonio de las ciudades de \u00dabeda y Baeza, por lo que esta novedosa actividad entronca perfectamente con el motivo de celebraci\u00f3n de estas fiestas como es la declaraci\u00f3n conjunta de ambas ciudades como Patrimonio de la Humanidad, adem\u00e1s de cumplir uno de los fines del mismo como es la divulgaci\u00f3n de la cultura del olivo.\u00a0\u201cSe trata pues de un homenaje al patrimonio ole\u00edcola tan importante en nuestra comarca, con un valor a\u00f1adido como es la colaboraci\u00f3n con el proyecto social de la Fundaci\u00f3n Don Bosco, por ello se establecer\u00e1 una entrada simb\u00f3lica de 1 euro para todo aquel interesado en disfrutar de este evento\u201d a\u00f1ade G\u00e1mez.<\/p>\n<p>Un total de 10 horas que se dedicar\u00e1n al conocimiento de la cultura del AOVE y a la cata-degustaci\u00f3n\u00a0 de los caldos de numerosos productores. El\u00a0 evento se celebrar\u00e1 al aire libre, en el patio del museo, en el que diferentes t\u00e9cnicos del centro y productores,\u00a0 atender\u00e1n al p\u00fablico asistente, para que pueda entender y disfrutar de los aromas y sabores de cada uno de los aceites que se degustar\u00e1.<\/p>\n<p>Miriam S\u00e1nchez, educadora de la Fundaci\u00f3n Don Bosco agradeci\u00f3 de forma muy especial la organizaci\u00f3n de esta actividad ya que \u201cva a suponer un empujoncito para seguir con la labor que estamos realizando\u201d a\u00f1adi\u00f3. Adem\u00e1s esta fundaci\u00f3n est\u00e1 muy presente en la sociedad ubetense ya que est\u00e1 desarrollando en la actualidad tres proyectos, como son las casa de acogida que est\u00e1 atendiendo a 8 menores en situaci\u00f3n de desamparo, la escuela de verano para familias en desempleo y con dificultades econ\u00f3micas que acoger\u00e1 a 50 menores con la idea de ampliar este n\u00famero debido a la gran lista de espera, dirigida a menores entre los 3 y los 12 a\u00f1os, donde se les garantizar\u00e1 el desayuno, la comida y la merienda, y por \u00faltimo el proyecto de cocina comunitaria que atiende a una treintena de familias con importantes necesidades y que ofrece diariamente 145 comidas en este taller.<\/p>\n<p style=\"text-align: center;\"><a href=\"http:\/\/centrodeolivaryaceite.com\/i-maraton-de-cata-de-aove\/maraton-de-cata-de-aove2\/\" rel=\"attachment wp-att-5029\"><img data-recalc-dims=\"1\" loading=\"lazy\" decoding=\"async\" data-attachment-id=\"5029\" data-permalink=\"https:\/\/centrodeolivaryaceite.com\/es\/i-maraton-de-cata-de-aove\/maraton-de-cata-de-aove2\/\" data-orig-file=\"https:\/\/i0.wp.com\/centrodeolivaryaceite.com\/wp-content\/uploads\/2016\/06\/maraton-de-cata-de-aove2.jpg?fit=1024%2C683&amp;ssl=1\" data-orig-size=\"1024,683\" data-comments-opened=\"1\" data-image-meta=\"{&quot;aperture&quot;:&quot;4.5&quot;,&quot;credit&quot;:&quot;&quot;,&quot;camera&quot;:&quot;NIKON D7100&quot;,&quot;caption&quot;:&quot;&quot;,&quot;created_timestamp&quot;:&quot;1437140433&quot;,&quot;copyright&quot;:&quot;&quot;,&quot;focal_length&quot;:&quot;34&quot;,&quot;iso&quot;:&quot;640&quot;,&quot;shutter_speed&quot;:&quot;0.0166666666667&quot;,&quot;title&quot;:&quot;&quot;,&quot;orientation&quot;:&quot;1&quot;}\" data-image-title=\"maraton de cata de aove2\" data-image-description=\"\" data-image-caption=\"\" data-medium-file=\"https:\/\/i0.wp.com\/centrodeolivaryaceite.com\/wp-content\/uploads\/2016\/06\/maraton-de-cata-de-aove2.jpg?fit=300%2C200&amp;ssl=1\" data-large-file=\"https:\/\/i0.wp.com\/centrodeolivaryaceite.com\/wp-content\/uploads\/2016\/06\/maraton-de-cata-de-aove2.jpg?fit=1024%2C683&amp;ssl=1\" class=\"alignnone wp-image-5029\" src=\"https:\/\/i0.wp.com\/centrodeolivaryaceite.com\/wp-content\/uploads\/2016\/06\/maraton-de-cata-de-aove2.jpg?resize=494%2C329\" alt=\"maraton de cata de aove2\" width=\"494\" height=\"329\" srcset=\"https:\/\/i0.wp.com\/centrodeolivaryaceite.com\/wp-content\/uploads\/2016\/06\/maraton-de-cata-de-aove2.jpg?w=1024&amp;ssl=1 1024w, https:\/\/i0.wp.com\/centrodeolivaryaceite.com\/wp-content\/uploads\/2016\/06\/maraton-de-cata-de-aove2.jpg?resize=300%2C200&amp;ssl=1 300w, https:\/\/i0.wp.com\/centrodeolivaryaceite.com\/wp-content\/uploads\/2016\/06\/maraton-de-cata-de-aove2.jpg?resize=768%2C512&amp;ssl=1 768w, https:\/\/i0.wp.com\/centrodeolivaryaceite.com\/wp-content\/uploads\/2016\/06\/maraton-de-cata-de-aove2.jpg?resize=900%2C600&amp;ssl=1 900w\" sizes=\"(max-width: 494px) 100vw, 494px\" \/><\/a><\/p>\n<p>[\/et_pb_text][et_pb_comments admin_label=\u00bbComentarios\u00bb _builder_version=\u00bb4.16&#8243; use_border_color=\u00bboff\u00bb border_color=\u00bb#ffffff\u00bb border_style=\u00bbsolid\u00bb button_letter_spacing_hover=\u00bb0&#8243; global_colors_info=\u00bb{}\u00bb button_text_size__hover_enabled=\u00bboff\u00bb button_one_text_size__hover_enabled=\u00bboff\u00bb button_two_text_size__hover_enabled=\u00bboff\u00bb button_text_color__hover_enabled=\u00bboff\u00bb button_one_text_color__hover_enabled=\u00bboff\u00bb button_two_text_color__hover_enabled=\u00bboff\u00bb button_border_width__hover_enabled=\u00bboff\u00bb button_one_border_width__hover_enabled=\u00bboff\u00bb button_two_border_width__hover_enabled=\u00bboff\u00bb button_border_color__hover_enabled=\u00bboff\u00bb button_one_border_color__hover_enabled=\u00bboff\u00bb button_two_border_color__hover_enabled=\u00bboff\u00bb button_border_radius__hover_enabled=\u00bboff\u00bb button_one_border_radius__hover_enabled=\u00bboff\u00bb button_two_border_radius__hover_enabled=\u00bboff\u00bb button_letter_spacing__hover_enabled=\u00bbon\u00bb button_letter_spacing__hover=\u00bb0&#8243; button_one_letter_spacing__hover_enabled=\u00bboff\u00bb button_two_letter_spacing__hover_enabled=\u00bboff\u00bb button_bg_color__hover_enabled=\u00bboff\u00bb button_one_bg_color__hover_enabled=\u00bboff\u00bb button_two_bg_color__hover_enabled=\u00bboff\u00bb] [\/et_pb_comments][\/et_pb_column_inner][\/et_pb_row_inner][\/et_pb_column][et_pb_column type=\u00bb1_3&#8243; _builder_version=\u00bb4.16&#8243; custom_padding=\u00bb|||\u00bb global_colors_info=\u00bb{}\u00bb custom_padding__hover=\u00bb|||\u00bb][et_pb_sidebar orientation=\u00bbright\u00bb area=\u00bbsidebar-1&#8243; admin_label=\u00bbBarra lateral\u00bb _builder_version=\u00bb4.16&#8243; remove_border=\u00bboff\u00bb global_colors_info=\u00bb{}\u00bb] [\/et_pb_sidebar][\/et_pb_column][\/et_pb_section][et_pb_section fb_built=\u00bb1&#8243; custom_padding_last_edited=\u00bbon|desktop\u00bb disabled_on=\u00bbon|on|on\u00bb admin_label=\u00bbSecci\u00f3n\u00bb _builder_version=\u00bb3.0.92&#8243; background_color=\u00bb#dedacf\u00bb custom_padding_tablet=\u00bb50px|0|50px|0&#8243; transparent_background=\u00bboff\u00bb padding_mobile=\u00bboff\u00bb make_fullwidth=\u00bboff\u00bb use_custom_width=\u00bboff\u00bb width_unit=\u00bbon\u00bb disabled=\u00bbon\u00bb global_module=\u00bb5116&#8243; collapsed=\u00bboff\u00bb global_colors_info=\u00bb{}\u00bb custom_padding_phone=\u00bb50px|0|50px|0&#8243;][et_pb_row _builder_version=\u00bb4.16&#8243; global_colors_info=\u00bb{}\u00bb][et_pb_column type=\u00bb4_4&#8243; _builder_version=\u00bb4.16&#8243; custom_padding=\u00bb|||\u00bb global_colors_info=\u00bb{}\u00bb custom_padding__hover=\u00bb|||\u00bb][\/et_pb_column][\/et_pb_row][\/et_pb_section][et_pb_section fb_built=\u00bb1&#8243; custom_padding_last_edited=\u00bbon|desktop\u00bb admin_label=\u00bbSecci\u00f3n\u00bb _builder_version=\u00bb3.22&#8243; background_color=\u00bb#ffffff\u00bb custom_padding=\u00bb10px||0px|\u00bb custom_padding_tablet=\u00bb50px|0|50px|0&#8243; transparent_background=\u00bboff\u00bb padding_mobile=\u00bboff\u00bb make_fullwidth=\u00bboff\u00bb use_custom_width=\u00bboff\u00bb width_unit=\u00bbon\u00bb global_module=\u00bb5115&#8243; collapsed=\u00bboff\u00bb global_colors_info=\u00bb{}\u00bb custom_padding_phone=\u00bb50px|0|50px|0&#8243;][et_pb_row padding_mobile=\u00bboff\u00bb column_padding_mobile=\u00bbon\u00bb _builder_version=\u00bb4.16&#8243; background_size=\u00bbinitial\u00bb background_position=\u00bbtop_left\u00bb background_repeat=\u00bbrepeat\u00bb max_width=\u00bb1080px\u00bb custom_padding=\u00bb0px||0px|\u00bb make_fullwidth=\u00bboff\u00bb use_custom_width=\u00bboff\u00bb width_unit=\u00bbon\u00bb global_colors_info=\u00bb{}\u00bb][\/et_pb_row][\/et_pb_section]<\/p>\n","protected":false},"excerpt":{"rendered":"<p>Recientemente se han presentado\u00a0en las instalaciones del Centro de Interpretaci\u00f3n Olivar y Aceite el primer marat\u00f3n de catas de aceite de oliva virgen extra en la provincia de Ja\u00e9n, los d\u00edas 2 y 3 de julio, enmarcado dentro de las actividades de la Fiestas del Renacimiento\u00a0 con motivo del\u00a0 13\u00ba Aniversario de la\u00a0 declaraci\u00f3n conjunta [&hellip;]<\/p>\n","protected":false},"author":1,"featured_media":5032,"comment_status":"open","ping_status":"open","sticky":false,"template":"","format":"standard","meta":{"_et_pb_use_builder":"on","_et_pb_old_content":"<p>Recientemente se han presentado\u00a0en las instalaciones del Centro de Interpretaci\u00f3n Olivar y Aceite el primer marat\u00f3n de catas de aceite de oliva virgen extra en la provincia de Ja\u00e9n, los d\u00edas 2 y 3 de julio, enmarcado dentro de las actividades de la Fiestas del Renacimiento\u00a0 con motivo del\u00a0 13\u00ba Aniversario de la\u00a0 declaraci\u00f3n conjunta por la UNESCO a \u00dabeda y Baeza, Patrimonio de la Humanidad.<\/p><p>M\u00e1s de cien referencias, de zumos de aceituna de nuestros socios, adem\u00e1s de otros aceites nacionales e internacionales, podr\u00e1n ser conocidos y degustados por los asistentes a este marat\u00f3n que durar\u00e1 10 horas y se realiza por primera vez en nuestra provincia.<\/p><p>Javier G\u00e1mez, presidente de la Asociaci\u00f3n Olivar y Aceite que gestiona este Centro, afirma que el aceite de oliva forma parte del patrimonio de las ciudades de \u00dabeda y Baeza, por lo que esta novedosa actividad entronca perfectamente con el motivo de celebraci\u00f3n de estas fiestas como es la declaraci\u00f3n conjunta de ambas ciudades como Patrimonio de la Humanidad, adem\u00e1s de cumplir uno de los fines del mismo como es la divulgaci\u00f3n de la cultura del olivo.\u00a0\u201cSe trata pues de un homenaje al patrimonio ole\u00edcola tan importante en nuestra comarca, con un valor a\u00f1adido como es la colaboraci\u00f3n con el proyecto social de la Fundaci\u00f3n Don Bosco, por ello se establecer\u00e1 una entrada simb\u00f3lica de 1 euro para todo aquel interesado en disfrutar de este evento\u201d a\u00f1ade G\u00e1mez.<\/p><p>Un total de 10 horas que se dedicar\u00e1n al conocimiento de la cultura del AOVE y a la cata-degustaci\u00f3n\u00a0 de los caldos de numerosos productores. El\u00a0 evento se celebrar\u00e1 al aire libre, en el patio del museo, en el que diferentes t\u00e9cnicos del centro y productores,\u00a0 atender\u00e1n al p\u00fablico asistente, para que pueda entender y disfrutar de los aromas y sabores de cada uno de los aceites que se degustar\u00e1.<\/p><p>Miriam S\u00e1nchez, educadora de la Fundaci\u00f3n Don Bosco agradeci\u00f3 de forma muy especial la organizaci\u00f3n de esta actividad ya que \u201cva a suponer un empujoncito para seguir con la labor que estamos realizando\u201d a\u00f1adi\u00f3. Adem\u00e1s esta fundaci\u00f3n est\u00e1 muy presente en la sociedad ubetense ya que est\u00e1 desarrollando en la actualidad tres proyectos, como son las casa de acogida que est\u00e1 atendiendo a 8 menores en situaci\u00f3n de desamparo, la escuela de verano para familias en desempleo y con dificultades econ\u00f3micas que acoger\u00e1 a 50 menores con la idea de ampliar este n\u00famero debido a la gran lista de espera, dirigida a menores entre los 3 y los 12 a\u00f1os, donde se les garantizar\u00e1 el desayuno, la comida y la merienda, y por \u00faltimo el proyecto de cocina comunitaria que atiende a una treintena de familias con importantes necesidades y que ofrece diariamente 145 comidas en este taller.<\/p><p style=\"text-align: center;\"><a href=\"http:\/\/centrodeolivaryaceite.com\/i-maraton-de-cata-de-aove\/maraton-de-cata-de-aove2\/\" rel=\"attachment wp-att-5029\"><img class=\"alignnone wp-image-5029\" src=\"http:\/\/centrodeolivaryaceite.com\/wp-content\/uploads\/2016\/06\/maraton-de-cata-de-aove2.jpg\" alt=\"maraton de cata de aove2\" width=\"494\" height=\"329\" \/><\/a><\/p>","_et_gb_content_width":"","_jetpack_memberships_contains_paid_content":false,"footnotes":""},"categories":[1],"tags":[],"class_list":["post-5027","post","type-post","status-publish","format-standard","has-post-thumbnail","hentry","category-general"],"jetpack_featured_media_url":"https:\/\/i0.wp.com\/centrodeolivaryaceite.com\/wp-content\/uploads\/2016\/06\/maraton-de-cata-de-aove1.jpg?fit=1024%2C580&ssl=1","jetpack_sharing_enabled":true,"jetpack_shortlink":"https:\/\/wp.me\/p95A9q-1j5","_links":{"self":[{"href":"https:\/\/centrodeolivaryaceite.com\/es\/wp-json\/wp\/v2\/posts\/5027\/"}],"collection":[{"href":"https:\/\/centrodeolivaryaceite.com\/es\/wp-json\/wp\/v2\/posts\/"}],"about":[{"href":"https:\/\/centrodeolivaryaceite.com\/es\/wp-json\/wp\/v2\/types\/post\/"}],"author":[{"embeddable":true,"href":"https:\/\/centrodeolivaryaceite.com\/es\/wp-json\/wp\/v2\/users\/1\/"}],"replies":[{"embeddable":true,"href":"https:\/\/centrodeolivaryaceite.com\/es\/wp-json\/wp\/v2\/comments\/?post=5027"}],"version-history":[{"count":0,"href":"https:\/\/centrodeolivaryaceite.com\/es\/wp-json\/wp\/v2\/posts\/5027\/revisions\/"}],"wp:featuredmedia":[{"embeddable":true,"href":"https:\/\/centrodeolivaryaceite.com\/es\/wp-json\/wp\/v2\/media\/5032\/"}],"wp:attachment":[{"href":"https:\/\/centrodeolivaryaceite.com\/es\/wp-json\/wp\/v2\/media\/?parent=5027"}],"wp:term":[{"taxonomy":"category","embeddable":true,"href":"https:\/\/centrodeolivaryaceite.com\/es\/wp-json\/wp\/v2\/categories\/?post=5027"},{"taxonomy":"post_tag","embeddable":true,"href":"https:\/\/centrodeolivaryaceite.com\/es\/wp-json\/wp\/v2\/tags\/?post=5027"}],"curies":[{"name":"wp","href":"https:\/\/api.w.org\/{rel}","templated":true}]}}