{"id":5930,"date":"2016-09-21T18:47:19","date_gmt":"2016-09-21T18:47:19","guid":{"rendered":"http:\/\/centrodeolivaryaceitelaloma.com\/?p=5930"},"modified":"2022-07-31T17:14:28","modified_gmt":"2022-07-31T17:14:28","slug":"olivar-y-aceite-en-la-34-edicion-de-la-feria-de-maquinaria-agricola-de-ubeda","status":"publish","type":"post","link":"https:\/\/centrodeolivaryaceite.com\/es\/olivar-y-aceite-en-la-34-edicion-de-la-feria-de-maquinaria-agricola-de-ubeda\/","title":{"rendered":"OLIVAR Y ACEITE EN LA 34 EDICI\u00d3N DE LA FERIA DE MAQUINARIA AGR\u00cdCOLA DE \u00daBEDA"},"content":{"rendered":"<p>[et_pb_section fb_built=\u00bb1&#8243; fullwidth=\u00bbon\u00bb custom_padding_last_edited=\u00bbon|desktop\u00bb admin_label=\u00bbSecci\u00f3n\u00bb _builder_version=\u00bb3.22&#8243; background_color=\u00bb#ffffff\u00bb background_image=\u00bbhttp:\/\/centrodeolivaryaceite.com\/wp-content\/uploads\/2016\/06\/page_header_bg_blue.jpg\u00bb custom_padding_tablet=\u00bb50px|0|50px|0&#8243; transparent_background=\u00bboff\u00bb padding_mobile=\u00bboff\u00bb make_fullwidth=\u00bboff\u00bb use_custom_width=\u00bboff\u00bb width_unit=\u00bbon\u00bb global_module=\u00bb5294&#8243; locked=\u00bboff\u00bb collapsed=\u00bboff\u00bb global_colors_info=\u00bb{}\u00bb custom_padding_phone=\u00bb50px|0|50px|0&#8243;][et_pb_fullwidth_post_title meta=\u00bboff\u00bb featured_image=\u00bboff\u00bb text_color=\u00bblight\u00bb text_background=\u00bbon\u00bb text_bg_color=\u00bbrgba(28,28,28,0.43)\u00bb admin_label=\u00bbT\u00edtulo\u00bb _builder_version=\u00bb4.17.6&#8243; _module_preset=\u00bbdefault\u00bb title_font=\u00bbRoboto Light||||\u00bb title_font_size=\u00bb35px\u00bb title_all_caps=\u00bbon\u00bb background_color=\u00bbrgba(255,255,255,0)\u00bb parallax=\u00bbon\u00bb parallax_method=\u00bboff\u00bb text_orientation=\u00bbcenter\u00bb use_border_color=\u00bboff\u00bb border_color=\u00bb#ffffff\u00bb border_style=\u00bbsolid\u00bb parallax_effect=\u00bbon\u00bb module_bg_color=\u00bbrgba(255,255,255,0)\u00bb global_colors_info=\u00bb{}\u00bb][\/et_pb_fullwidth_post_title][\/et_pb_section][et_pb_section fb_built=\u00bb1&#8243; custom_padding_last_edited=\u00bbon|desktop\u00bb admin_label=\u00bbSecci\u00f3n\u00bb _builder_version=\u00bb4.16&#8243; background_color=\u00bb#ffffff\u00bb custom_padding=\u00bb10px|||\u00bb custom_padding_tablet=\u00bb50px|0|50px|0&#8243; transparent_background=\u00bboff\u00bb padding_mobile=\u00bboff\u00bb make_fullwidth=\u00bboff\u00bb use_custom_width=\u00bboff\u00bb width_unit=\u00bbon\u00bb global_colors_info=\u00bb{}\u00bb custom_padding_phone=\u00bb50px|0|50px|0&#8243;][et_pb_row padding_mobile=\u00bboff\u00bb column_padding_mobile=\u00bbon\u00bb admin_label=\u00bbFila\u00bb _builder_version=\u00bb4.16&#8243; background_size=\u00bbinitial\u00bb background_position=\u00bbtop_left\u00bb background_repeat=\u00bbrepeat\u00bb custom_padding=\u00bb10px|||\u00bb make_fullwidth=\u00bboff\u00bb use_custom_width=\u00bboff\u00bb width_unit=\u00bbon\u00bb global_colors_info=\u00bb{}\u00bb][et_pb_column type=\u00bb4_4&#8243; _builder_version=\u00bb4.16&#8243; custom_padding=\u00bb|||\u00bb global_colors_info=\u00bb{}\u00bb custom_padding__hover=\u00bb|||\u00bb][et_pb_post_title title=\u00bboff\u00bb admin_label=\u00bbT\u00edtulo de publicaci\u00f3n\u00bb _builder_version=\u00bb4.16&#8243; title_all_caps=\u00bboff\u00bb background_color=\u00bbrgba(255,255,255,0)\u00bb parallax=\u00bbon\u00bb parallax_method=\u00bboff\u00bb use_border_color=\u00bboff\u00bb border_color=\u00bb#ffffff\u00bb border_style=\u00bbsolid\u00bb parallax_effect=\u00bbon\u00bb module_bg_color=\u00bbrgba(255,255,255,0)\u00bb global_colors_info=\u00bb{}\u00bb] [\/et_pb_post_title][\/et_pb_column][\/et_pb_row][\/et_pb_section][et_pb_section fb_built=\u00bb1&#8243; specialty=\u00bbon\u00bb custom_padding_last_edited=\u00bbon|desktop\u00bb parallax_method_1=\u00bboff\u00bb parallax_method_2=\u00bboff\u00bb admin_label=\u00bbSecci\u00f3n\u00bb _builder_version=\u00bb4.16&#8243; background_color=\u00bb#ffffff\u00bb custom_padding=\u00bb10px|||\u00bb custom_padding_tablet=\u00bb50px|0|50px|0&#8243; transparent_background=\u00bboff\u00bb padding_mobile=\u00bboff\u00bb make_fullwidth=\u00bboff\u00bb use_custom_width=\u00bboff\u00bb width_unit=\u00bbon\u00bb global_colors_info=\u00bb{}\u00bb custom_padding_phone=\u00bb50px|0|50px|0&#8243;][et_pb_column type=\u00bb2_3&#8243; specialty_columns=\u00bb2&#8243; _builder_version=\u00bb4.16&#8243; custom_padding=\u00bb|||\u00bb global_colors_info=\u00bb{}\u00bb custom_padding__hover=\u00bb|||\u00bb][et_pb_row_inner padding_mobile=\u00bboff\u00bb column_padding_mobile=\u00bbon\u00bb admin_label=\u00bbFila\u00bb _builder_version=\u00bb4.16&#8243; custom_padding=\u00bb0px|||\u00bb global_colors_info=\u00bb{}\u00bb][et_pb_column_inner saved_specialty_column_type=\u00bb2_3&#8243; _builder_version=\u00bb4.16&#8243; custom_padding=\u00bb|||\u00bb global_colors_info=\u00bb{}\u00bb custom_padding__hover=\u00bb|||\u00bb][et_pb_text admin_label=\u00bbTexto a reemplazar\u00bb _builder_version=\u00bb4.16&#8243; background_size=\u00bbinitial\u00bb background_position=\u00bbtop_left\u00bb background_repeat=\u00bbrepeat\u00bb text_orientation=\u00bbleft\u00bb use_border_color=\u00bboff\u00bb border_color=\u00bb#ffffff\u00bb border_style=\u00bbsolid\u00bb global_colors_info=\u00bb{}\u00bb]El Centro de Interpretaci\u00f3n \u201cOlivar y Aceite\u201d ha estado presente por partida doble en la trig\u00e9simo cuarta edici\u00f3n de la Feria de Maquinaria Agr\u00edcola, desarrollada del 15 al 18 de septiembre en el recinto ferial, ya que como expres\u00f3 su presidente, Javier G\u00e1mez, \u201cdesde que el centro abriera sus puertas hace algo m\u00e1s de tres a\u00f1os el objetivo de la entidad es promocionar y divulgar la cultura del olivar y el aceite de oliva\u201d. Con respecto a este punto hay que estar presentes en todas las ferias y actividades relacionadas con el olivar desde que se planta la estaca hasta que se comercializa el oro l\u00edquido, asever\u00f3 el presidente.<\/p>\n<p>Por este motivo este a\u00f1o indic\u00f3 G\u00e1mez desde el centro se han impulsado las primeras Jornadas Olivar y Aceite de Oliva, celebradas durante los d\u00edas 16 y 17 de septiembre, en la Carpa de Conferencias de la Feria de la Maquinaria Agr\u00edcola, en horario de 9:00 a 14:30 horas, donde expertos de primer nivel que ofrecieron una serie de conferencias sobre el conocimiento del olivar y el aceite.<\/p>\n<p>La primera de estas acciones comenz\u00f3 a primera hora del 16 de septiembre, que\u00a0 corri\u00f3 a cargo de Mar\u00eda del Mar Manrique, ingeniera agr\u00f3noma y t\u00e9cnica de calidad de la SCA. San Vicente de Mog\u00f3n, que disert\u00f3 sobre \u201cLa producci\u00f3n integrada en olivar\u00a0 como un camino hacia la agricultura sostenible\u201d.\u00a0\u00a0 Explic\u00f3 Manrique que en la cooperativa donde ella es gerente tienen una Asociaci\u00f3n de Producci\u00f3n Integrada (API), y el c\u00f3mo se implanta la agricultura sostenible que se traduce en reducir los inputs para tratar solo cuando sea necesario, por lo tanto nos permite obtener un producto se calidad y seguridad alimentaria. En el sector del olivar solo el 25% de la producci\u00f3n es integrada en otros como el tomate o el arroz, el 90% es producci\u00f3n integrada. Destac\u00f3 Manrique la importancia que el suelo tiene tanto en el olivar como en la calidad del aceite, puesto que como manifest\u00f3 \u201csi no cuidamos el suelo, lo dem\u00e1s no tiene sentido, ya que \u00e9ste es la base de todo, por eso tenemos que cuidarlo aumentando los nutrientes y disminuir la erosi\u00f3n y el aporte de materia org\u00e1nica\u201d, asever\u00f3 Manrique.<\/p>\n<p>A las doce daba comienzo la segunda de las conferencias de la mano de Mar\u00eda Jos\u00e9 Garc\u00eda, ingeniero t\u00e9cnico agr\u00edcola y auditora de Sohiscert, con la charla \u201cLa agricultura ecol\u00f3gica en olivar\u201d. Garc\u00eda fundament\u00f3 su\u00a0 intervenci\u00f3n en la certificaci\u00f3n de agricultura ecolog\u00eda y manejo de suelo as\u00ed como cultivos.<\/p>\n<p>La \u00faltima de las ponencias vers\u00f3 sobre\u00a0 \u201cLa agricultura biodin\u00e1mica como apuesta de futuro\u201d, que fue ofrecida por Noelia Rodr\u00edguez Aranda, experta en Agricultura y Ganader\u00eda Ecol\u00f3gica y Agricultura Biodin\u00e1mica.<\/p>\n<p>Las charlas t\u00e9cnicas del 17 de septiembre comenzaban de la mano de Br\u00edgida Jim\u00e9nez, directora del IFAPA de Cabra-C\u00f3rdoba, con la charla \u2018La calidad en el aceite de oliva, viable y rentable\u2019. Jim\u00e9nez en su conferencia puso el acento en la importancia del agricultor y el papel que juega en la calidad del aceite. Adem\u00e1s indic\u00f3 que hay que cambiar la \u00e9poca de recolecci\u00f3n, evitando el calendario como se ha venido haciendo hasta ahora y basarse en el rendimiento o resultados objetivos. Al finalizar de la conferencia se realiz\u00f3 una cata de diferentes AOVEs, en la que participaron activamente los asistentes a la misma.<\/p>\n<p>El punto y final a estas jornadas lo pusieron \u00a0Mercedes Uceda y\u00a0 Rafael L\u00f3pez, de la empresa \u201cIADA Ingenieros\u201d que expusieron todos los pasos que se dan desde el campo hasta que el aceite llega a la bodega de la almazara. Tambi\u00e9n ofrecieron informaci\u00f3n acerca de los dise\u00f1os de las nuevas almazaras, donde se pueda realizar oleoturismo. Destac\u00f3 Uceda que los agricultores son muy importantes porque son el inicio de la cadena, \u201csi el principio de la cadena no va bien ya no hay m\u00e1s pasos que dar\u201d, afirm\u00f3 Uceda.<\/p>\n<p>Por otro lado el Centro de Interpretaci\u00f3n estuvo presente con un gran stand en la Carpa de Muestras, donde estuvieron presentes varios productores y socios del mismo. De la mano de la entidad se realizaron siete demostraciones gastron\u00f3micas, elaboradas con los mejores productos siendo el aceite de oliva virgen la base de todos ellos, en las que cada chef prepar\u00f3 dos elaboraciones diferentes repartiendo cada uno de los platos en\u00a0 50 tapas para ser degustadas por\u00a0 los asistentes. Entre otros estuvieron presentes grandes cocineros de la provincia como Anselmo Ju\u00e1rez de restaurante \u201cZeitum,\u00a0 Javier Bl\u00e1zquez de restaurante \u201cLa Moratilla\u201d o\u00a0 Montse de la Torre del restaurante \u201cCantina la Estaci\u00f3n\u201d.<\/p>\n<p>Con todas estas iniciativas integradas dentro de la Feria de Maquinaria Agr\u00edcola se quiere poner de manifiesto la importancia que para la calidad de los aceites que se producen en la provincia tiene el agricultor, la innovaci\u00f3n y modernizaci\u00f3n de las m\u00e1quinas, el proceso de elaboraci\u00f3n del oro l\u00edquido\u00a0 o su comercializaci\u00f3n. Todo es importante y juega un papel primordial a la hora de conseguir la mayor calidad en el producto.<\/p>\n<p>Estas jornadas junto con las II Jornadas Virgen Extra. Patrimonio Saludable son las dos grandes apuestas del centro \u201cOlivar\u00a0 y Aceite\u201d, aunque la entidad trabaja todo el a\u00f1o ofreciendo talleres de cocinas dirigidos a todas las edades, cursos de cata para principiantes o avanzados as\u00ed como otras actividades todas ellas relacionadas directamente con el olivar o el aceite de oliva virgen extra.<\/p>\n<p><div class=\"tiled-gallery type-rectangular tiled-gallery-unresized\" data-original-width=\"1080\" data-carousel-extra='{&quot;blog_id&quot;:1,&quot;permalink&quot;:&quot;https:\\\/\\\/centrodeolivaryaceite.com\\\/es\\\/olivar-y-aceite-en-la-34-edicion-de-la-feria-de-maquinaria-agricola-de-ubeda\\\/&quot;,&quot;likes_blog_id&quot;:134317632}' itemscope itemtype=\"http:\/\/schema.org\/ImageGallery\" > <div class=\"gallery-row\" style=\"width: 1080px; height: 482px;\" data-original-width=\"1080\" data-original-height=\"482\" > <div class=\"gallery-group images-1\" style=\"width: 721px; height: 482px;\" data-original-width=\"721\" data-original-height=\"482\" > <div class=\"tiled-gallery-item tiled-gallery-item-large\" itemprop=\"associatedMedia\" itemscope itemtype=\"http:\/\/schema.org\/ImageObject\"> <a href=\"https:\/\/centrodeolivaryaceite.com\/es\/olivar-y-aceite-en-la-34-edicion-de-la-feria-de-maquinaria-agricola-de-ubeda\/fema013\/\" border=\"0\" itemprop=\"url\"> <meta itemprop=\"width\" content=\"717\"> <meta itemprop=\"height\" content=\"478\"> <img decoding=\"async\" class=\"\" data-attachment-id=\"5932\" data-orig-file=\"https:\/\/centrodeolivaryaceite.com\/wp-content\/uploads\/2016\/11\/FEMA013.jpg\" data-orig-size=\"448,299\" data-comments-opened=\"1\" data-image-meta=\"{&quot;aperture&quot;:&quot;0&quot;,&quot;credit&quot;:&quot;&quot;,&quot;camera&quot;:&quot;&quot;,&quot;caption&quot;:&quot;&quot;,&quot;created_timestamp&quot;:&quot;0&quot;,&quot;copyright&quot;:&quot;&quot;,&quot;focal_length&quot;:&quot;0&quot;,&quot;iso&quot;:&quot;0&quot;,&quot;shutter_speed&quot;:&quot;0&quot;,&quot;title&quot;:&quot;&quot;,&quot;orientation&quot;:&quot;0&quot;}\" data-image-title=\"fema013\" data-image-description=\"\" data-medium-file=\"https:\/\/i0.wp.com\/centrodeolivaryaceite.com\/wp-content\/uploads\/2016\/11\/FEMA013.jpg?fit=300%2C200&#038;ssl=1\" data-large-file=\"https:\/\/i0.wp.com\/centrodeolivaryaceite.com\/wp-content\/uploads\/2016\/11\/FEMA013.jpg?fit=448%2C299&#038;ssl=1\" src=\"https:\/\/i0.wp.com\/centrodeolivaryaceite.com\/wp-content\/uploads\/2016\/11\/FEMA013.jpg?w=717&#038;h=478&#038;ssl=1\" srcset=\"https:\/\/i0.wp.com\/centrodeolivaryaceite.com\/wp-content\/uploads\/2016\/11\/FEMA013.jpg?w=448&amp;ssl=1 448w, https:\/\/i0.wp.com\/centrodeolivaryaceite.com\/wp-content\/uploads\/2016\/11\/FEMA013.jpg?resize=300%2C200&amp;ssl=1 300w\" width=\"717\" height=\"478\" loading=\"lazy\" data-original-width=\"717\" data-original-height=\"478\" itemprop=\"http:\/\/schema.org\/image\" title=\"fema013\" alt=\"Ole\u00edcola San Francisco\" style=\"width: 717px; height: 478px;\" \/> <\/a> <\/div> <\/div> <!-- close group --> <div class=\"gallery-group images-2\" style=\"width: 359px; height: 482px;\" data-original-width=\"359\" data-original-height=\"482\" > <div class=\"tiled-gallery-item tiled-gallery-item-large\" itemprop=\"associatedMedia\" itemscope itemtype=\"http:\/\/schema.org\/ImageObject\"> <a href=\"https:\/\/centrodeolivaryaceite.com\/es\/olivar-y-aceite-en-la-34-edicion-de-la-feria-de-maquinaria-agricola-de-ubeda\/fema014\/\" border=\"0\" itemprop=\"url\"> <meta itemprop=\"width\" content=\"355\"> <meta itemprop=\"height\" content=\"237\"> <img decoding=\"async\" class=\"\" data-attachment-id=\"5933\" data-orig-file=\"https:\/\/centrodeolivaryaceite.com\/wp-content\/uploads\/2016\/11\/FEMA014.jpg\" data-orig-size=\"448,299\" data-comments-opened=\"1\" data-image-meta=\"{&quot;aperture&quot;:&quot;0&quot;,&quot;credit&quot;:&quot;&quot;,&quot;camera&quot;:&quot;&quot;,&quot;caption&quot;:&quot;&quot;,&quot;created_timestamp&quot;:&quot;0&quot;,&quot;copyright&quot;:&quot;&quot;,&quot;focal_length&quot;:&quot;0&quot;,&quot;iso&quot;:&quot;0&quot;,&quot;shutter_speed&quot;:&quot;0&quot;,&quot;title&quot;:&quot;&quot;,&quot;orientation&quot;:&quot;0&quot;}\" data-image-title=\"fema014\" data-image-description=\"\" data-medium-file=\"https:\/\/i0.wp.com\/centrodeolivaryaceite.com\/wp-content\/uploads\/2016\/11\/FEMA014.jpg?fit=300%2C200&#038;ssl=1\" data-large-file=\"https:\/\/i0.wp.com\/centrodeolivaryaceite.com\/wp-content\/uploads\/2016\/11\/FEMA014.jpg?fit=448%2C299&#038;ssl=1\" src=\"https:\/\/i0.wp.com\/centrodeolivaryaceite.com\/wp-content\/uploads\/2016\/11\/FEMA014.jpg?w=355&#038;h=237&#038;ssl=1\" srcset=\"https:\/\/i0.wp.com\/centrodeolivaryaceite.com\/wp-content\/uploads\/2016\/11\/FEMA014.jpg?w=448&amp;ssl=1 448w, https:\/\/i0.wp.com\/centrodeolivaryaceite.com\/wp-content\/uploads\/2016\/11\/FEMA014.jpg?resize=300%2C200&amp;ssl=1 300w\" width=\"355\" height=\"237\" loading=\"lazy\" data-original-width=\"355\" data-original-height=\"237\" itemprop=\"http:\/\/schema.org\/image\" title=\"fema014\" alt=\"Cosm\u00e9tica de Olivo\" style=\"width: 355px; height: 237px;\" \/> <\/a> <\/div> <div class=\"tiled-gallery-item tiled-gallery-item-large\" itemprop=\"associatedMedia\" itemscope itemtype=\"http:\/\/schema.org\/ImageObject\"> <a href=\"https:\/\/centrodeolivaryaceite.com\/es\/olivar-y-aceite-en-la-34-edicion-de-la-feria-de-maquinaria-agricola-de-ubeda\/fema015\/\" border=\"0\" itemprop=\"url\"> <meta itemprop=\"width\" content=\"355\"> <meta itemprop=\"height\" content=\"237\"> <img decoding=\"async\" class=\"\" data-attachment-id=\"5934\" data-orig-file=\"https:\/\/centrodeolivaryaceite.com\/wp-content\/uploads\/2016\/11\/FEMA015.jpg\" data-orig-size=\"448,299\" data-comments-opened=\"1\" data-image-meta=\"{&quot;aperture&quot;:&quot;0&quot;,&quot;credit&quot;:&quot;&quot;,&quot;camera&quot;:&quot;&quot;,&quot;caption&quot;:&quot;&quot;,&quot;created_timestamp&quot;:&quot;0&quot;,&quot;copyright&quot;:&quot;&quot;,&quot;focal_length&quot;:&quot;0&quot;,&quot;iso&quot;:&quot;0&quot;,&quot;shutter_speed&quot;:&quot;0&quot;,&quot;title&quot;:&quot;&quot;,&quot;orientation&quot;:&quot;0&quot;}\" data-image-title=\"fema015\" data-image-description=\"\" data-medium-file=\"https:\/\/i0.wp.com\/centrodeolivaryaceite.com\/wp-content\/uploads\/2016\/11\/FEMA015.jpg?fit=300%2C200&#038;ssl=1\" data-large-file=\"https:\/\/i0.wp.com\/centrodeolivaryaceite.com\/wp-content\/uploads\/2016\/11\/FEMA015.jpg?fit=448%2C299&#038;ssl=1\" src=\"https:\/\/i0.wp.com\/centrodeolivaryaceite.com\/wp-content\/uploads\/2016\/11\/FEMA015.jpg?w=355&#038;h=237&#038;ssl=1\" srcset=\"https:\/\/i0.wp.com\/centrodeolivaryaceite.com\/wp-content\/uploads\/2016\/11\/FEMA015.jpg?w=448&amp;ssl=1 448w, https:\/\/i0.wp.com\/centrodeolivaryaceite.com\/wp-content\/uploads\/2016\/11\/FEMA015.jpg?resize=300%2C200&amp;ssl=1 300w\" width=\"355\" height=\"237\" loading=\"lazy\" data-original-width=\"355\" data-original-height=\"237\" itemprop=\"http:\/\/schema.org\/image\" title=\"fema015\" alt=\"Pradolivo\" style=\"width: 355px; height: 237px;\" \/> <\/a> <\/div> <\/div> <!-- close group --> <\/div> <!-- close row --> <div class=\"gallery-row\" style=\"width: 1080px; height: 242px;\" data-original-width=\"1080\" data-original-height=\"242\" > <div class=\"gallery-group images-1\" style=\"width: 360px; height: 242px;\" data-original-width=\"360\" data-original-height=\"242\" > <div class=\"tiled-gallery-item tiled-gallery-item-large\" itemprop=\"associatedMedia\" itemscope itemtype=\"http:\/\/schema.org\/ImageObject\"> <a href=\"https:\/\/centrodeolivaryaceite.com\/es\/olivar-y-aceite-en-la-34-edicion-de-la-feria-de-maquinaria-agricola-de-ubeda\/fema016\/\" border=\"0\" itemprop=\"url\"> <meta itemprop=\"width\" content=\"356\"> <meta itemprop=\"height\" content=\"238\"> <img decoding=\"async\" class=\"\" data-attachment-id=\"5935\" data-orig-file=\"https:\/\/centrodeolivaryaceite.com\/wp-content\/uploads\/2016\/11\/FEMA016.jpg\" data-orig-size=\"448,299\" data-comments-opened=\"1\" data-image-meta=\"{&quot;aperture&quot;:&quot;0&quot;,&quot;credit&quot;:&quot;&quot;,&quot;camera&quot;:&quot;&quot;,&quot;caption&quot;:&quot;&quot;,&quot;created_timestamp&quot;:&quot;0&quot;,&quot;copyright&quot;:&quot;&quot;,&quot;focal_length&quot;:&quot;0&quot;,&quot;iso&quot;:&quot;0&quot;,&quot;shutter_speed&quot;:&quot;0&quot;,&quot;title&quot;:&quot;&quot;,&quot;orientation&quot;:&quot;0&quot;}\" data-image-title=\"fema016\" data-image-description=\"\" data-medium-file=\"https:\/\/i0.wp.com\/centrodeolivaryaceite.com\/wp-content\/uploads\/2016\/11\/FEMA016.jpg?fit=300%2C200&#038;ssl=1\" data-large-file=\"https:\/\/i0.wp.com\/centrodeolivaryaceite.com\/wp-content\/uploads\/2016\/11\/FEMA016.jpg?fit=448%2C299&#038;ssl=1\" src=\"https:\/\/i0.wp.com\/centrodeolivaryaceite.com\/wp-content\/uploads\/2016\/11\/FEMA016.jpg?w=356&#038;h=238&#038;ssl=1\" srcset=\"https:\/\/i0.wp.com\/centrodeolivaryaceite.com\/wp-content\/uploads\/2016\/11\/FEMA016.jpg?w=448&amp;ssl=1 448w, https:\/\/i0.wp.com\/centrodeolivaryaceite.com\/wp-content\/uploads\/2016\/11\/FEMA016.jpg?resize=300%2C200&amp;ssl=1 300w\" width=\"356\" height=\"238\" loading=\"lazy\" data-original-width=\"356\" data-original-height=\"238\" itemprop=\"http:\/\/schema.org\/image\" title=\"fema016\" alt=\"Haza la Centenosa\" style=\"width: 356px; height: 238px;\" \/> <\/a> <\/div> <\/div> <!-- close group --> <div class=\"gallery-group images-1\" style=\"width: 360px; height: 242px;\" data-original-width=\"360\" data-original-height=\"242\" > <div class=\"tiled-gallery-item tiled-gallery-item-large\" itemprop=\"associatedMedia\" itemscope itemtype=\"http:\/\/schema.org\/ImageObject\"> <a href=\"https:\/\/centrodeolivaryaceite.com\/es\/olivar-y-aceite-en-la-34-edicion-de-la-feria-de-maquinaria-agricola-de-ubeda\/fema017\/\" border=\"0\" itemprop=\"url\"> <meta itemprop=\"width\" content=\"356\"> <meta itemprop=\"height\" content=\"238\"> <img decoding=\"async\" class=\"\" data-attachment-id=\"5936\" data-orig-file=\"https:\/\/centrodeolivaryaceite.com\/wp-content\/uploads\/2016\/11\/FEMA017.jpg\" data-orig-size=\"448,299\" data-comments-opened=\"1\" data-image-meta=\"{&quot;aperture&quot;:&quot;0&quot;,&quot;credit&quot;:&quot;&quot;,&quot;camera&quot;:&quot;&quot;,&quot;caption&quot;:&quot;&quot;,&quot;created_timestamp&quot;:&quot;0&quot;,&quot;copyright&quot;:&quot;&quot;,&quot;focal_length&quot;:&quot;0&quot;,&quot;iso&quot;:&quot;0&quot;,&quot;shutter_speed&quot;:&quot;0&quot;,&quot;title&quot;:&quot;&quot;,&quot;orientation&quot;:&quot;0&quot;}\" data-image-title=\"fema017\" data-image-description=\"\" data-medium-file=\"https:\/\/i0.wp.com\/centrodeolivaryaceite.com\/wp-content\/uploads\/2016\/11\/FEMA017.jpg?fit=300%2C200&#038;ssl=1\" data-large-file=\"https:\/\/i0.wp.com\/centrodeolivaryaceite.com\/wp-content\/uploads\/2016\/11\/FEMA017.jpg?fit=448%2C299&#038;ssl=1\" src=\"https:\/\/i0.wp.com\/centrodeolivaryaceite.com\/wp-content\/uploads\/2016\/11\/FEMA017.jpg?w=356&#038;h=238&#038;ssl=1\" srcset=\"https:\/\/i0.wp.com\/centrodeolivaryaceite.com\/wp-content\/uploads\/2016\/11\/FEMA017.jpg?w=448&amp;ssl=1 448w, https:\/\/i0.wp.com\/centrodeolivaryaceite.com\/wp-content\/uploads\/2016\/11\/FEMA017.jpg?resize=300%2C200&amp;ssl=1 300w\" width=\"356\" height=\"238\" loading=\"lazy\" data-original-width=\"356\" data-original-height=\"238\" itemprop=\"http:\/\/schema.org\/image\" title=\"fema017\" alt=\"Picu\u00e9lite\" style=\"width: 356px; height: 238px;\" \/> <\/a> <\/div> <\/div> <!-- close group --> <div class=\"gallery-group images-1\" style=\"width: 360px; height: 242px;\" data-original-width=\"360\" data-original-height=\"242\" > <div class=\"tiled-gallery-item tiled-gallery-item-large\" itemprop=\"associatedMedia\" itemscope itemtype=\"http:\/\/schema.org\/ImageObject\"> <a href=\"https:\/\/centrodeolivaryaceite.com\/es\/olivar-y-aceite-en-la-34-edicion-de-la-feria-de-maquinaria-agricola-de-ubeda\/fema018\/\" border=\"0\" itemprop=\"url\"> <meta itemprop=\"width\" content=\"356\"> <meta itemprop=\"height\" content=\"238\"> <img decoding=\"async\" class=\"\" data-attachment-id=\"5937\" data-orig-file=\"https:\/\/centrodeolivaryaceite.com\/wp-content\/uploads\/2016\/11\/FEMA018.jpg\" data-orig-size=\"448,299\" data-comments-opened=\"1\" data-image-meta=\"{&quot;aperture&quot;:&quot;0&quot;,&quot;credit&quot;:&quot;&quot;,&quot;camera&quot;:&quot;&quot;,&quot;caption&quot;:&quot;&quot;,&quot;created_timestamp&quot;:&quot;0&quot;,&quot;copyright&quot;:&quot;&quot;,&quot;focal_length&quot;:&quot;0&quot;,&quot;iso&quot;:&quot;0&quot;,&quot;shutter_speed&quot;:&quot;0&quot;,&quot;title&quot;:&quot;&quot;,&quot;orientation&quot;:&quot;0&quot;}\" data-image-title=\"fema018\" data-image-description=\"\" data-medium-file=\"https:\/\/i0.wp.com\/centrodeolivaryaceite.com\/wp-content\/uploads\/2016\/11\/FEMA018.jpg?fit=300%2C200&#038;ssl=1\" data-large-file=\"https:\/\/i0.wp.com\/centrodeolivaryaceite.com\/wp-content\/uploads\/2016\/11\/FEMA018.jpg?fit=448%2C299&#038;ssl=1\" src=\"https:\/\/i0.wp.com\/centrodeolivaryaceite.com\/wp-content\/uploads\/2016\/11\/FEMA018.jpg?w=356&#038;h=238&#038;ssl=1\" srcset=\"https:\/\/i0.wp.com\/centrodeolivaryaceite.com\/wp-content\/uploads\/2016\/11\/FEMA018.jpg?w=448&amp;ssl=1 448w, https:\/\/i0.wp.com\/centrodeolivaryaceite.com\/wp-content\/uploads\/2016\/11\/FEMA018.jpg?resize=300%2C200&amp;ssl=1 300w\" width=\"356\" height=\"238\" loading=\"lazy\" data-original-width=\"356\" data-original-height=\"238\" itemprop=\"http:\/\/schema.org\/image\" title=\"fema018\" alt=\"Campo de Tosca\" style=\"width: 356px; height: 238px;\" \/> <\/a> <\/div> <\/div> <!-- close group --> <\/div> <!-- close row --> <div class=\"gallery-row\" style=\"width: 1080px; height: 482px;\" data-original-width=\"1080\" data-original-height=\"482\" > <div class=\"gallery-group images-2\" style=\"width: 359px; height: 482px;\" data-original-width=\"359\" data-original-height=\"482\" > <div class=\"tiled-gallery-item tiled-gallery-item-large\" itemprop=\"associatedMedia\" itemscope itemtype=\"http:\/\/schema.org\/ImageObject\"> <a href=\"https:\/\/centrodeolivaryaceite.com\/es\/olivar-y-aceite-en-la-34-edicion-de-la-feria-de-maquinaria-agricola-de-ubeda\/fema019\/\" border=\"0\" itemprop=\"url\"> <meta itemprop=\"width\" content=\"355\"> <meta itemprop=\"height\" content=\"237\"> <img decoding=\"async\" class=\"\" data-attachment-id=\"5938\" data-orig-file=\"https:\/\/centrodeolivaryaceite.com\/wp-content\/uploads\/2016\/11\/FEMA019.jpg\" data-orig-size=\"448,299\" data-comments-opened=\"1\" data-image-meta=\"{&quot;aperture&quot;:&quot;0&quot;,&quot;credit&quot;:&quot;&quot;,&quot;camera&quot;:&quot;&quot;,&quot;caption&quot;:&quot;&quot;,&quot;created_timestamp&quot;:&quot;0&quot;,&quot;copyright&quot;:&quot;&quot;,&quot;focal_length&quot;:&quot;0&quot;,&quot;iso&quot;:&quot;0&quot;,&quot;shutter_speed&quot;:&quot;0&quot;,&quot;title&quot;:&quot;&quot;,&quot;orientation&quot;:&quot;0&quot;}\" data-image-title=\"fema019\" data-image-description=\"\" data-medium-file=\"https:\/\/i0.wp.com\/centrodeolivaryaceite.com\/wp-content\/uploads\/2016\/11\/FEMA019.jpg?fit=300%2C200&#038;ssl=1\" data-large-file=\"https:\/\/i0.wp.com\/centrodeolivaryaceite.com\/wp-content\/uploads\/2016\/11\/FEMA019.jpg?fit=448%2C299&#038;ssl=1\" src=\"https:\/\/i0.wp.com\/centrodeolivaryaceite.com\/wp-content\/uploads\/2016\/11\/FEMA019.jpg?w=355&#038;h=237&#038;ssl=1\" srcset=\"https:\/\/i0.wp.com\/centrodeolivaryaceite.com\/wp-content\/uploads\/2016\/11\/FEMA019.jpg?w=448&amp;ssl=1 448w, https:\/\/i0.wp.com\/centrodeolivaryaceite.com\/wp-content\/uploads\/2016\/11\/FEMA019.jpg?resize=300%2C200&amp;ssl=1 300w\" width=\"355\" height=\"237\" loading=\"lazy\" data-original-width=\"355\" data-original-height=\"237\" itemprop=\"http:\/\/schema.org\/image\" title=\"fema019\" alt=\"Florencio Aguilera\" style=\"width: 355px; height: 237px;\" \/> <\/a> <\/div> <div class=\"tiled-gallery-item tiled-gallery-item-large\" itemprop=\"associatedMedia\" itemscope itemtype=\"http:\/\/schema.org\/ImageObject\"> <a href=\"https:\/\/centrodeolivaryaceite.com\/es\/olivar-y-aceite-en-la-34-edicion-de-la-feria-de-maquinaria-agricola-de-ubeda\/fema020\/\" border=\"0\" itemprop=\"url\"> <meta itemprop=\"width\" content=\"355\"> <meta itemprop=\"height\" content=\"237\"> <img decoding=\"async\" class=\"\" data-attachment-id=\"5939\" data-orig-file=\"https:\/\/centrodeolivaryaceite.com\/wp-content\/uploads\/2016\/11\/FEMA020.jpg\" data-orig-size=\"448,299\" data-comments-opened=\"1\" data-image-meta=\"{&quot;aperture&quot;:&quot;0&quot;,&quot;credit&quot;:&quot;&quot;,&quot;camera&quot;:&quot;&quot;,&quot;caption&quot;:&quot;&quot;,&quot;created_timestamp&quot;:&quot;0&quot;,&quot;copyright&quot;:&quot;&quot;,&quot;focal_length&quot;:&quot;0&quot;,&quot;iso&quot;:&quot;0&quot;,&quot;shutter_speed&quot;:&quot;0&quot;,&quot;title&quot;:&quot;&quot;,&quot;orientation&quot;:&quot;0&quot;}\" data-image-title=\"fema020\" data-image-description=\"\" data-medium-file=\"https:\/\/i0.wp.com\/centrodeolivaryaceite.com\/wp-content\/uploads\/2016\/11\/FEMA020.jpg?fit=300%2C200&#038;ssl=1\" data-large-file=\"https:\/\/i0.wp.com\/centrodeolivaryaceite.com\/wp-content\/uploads\/2016\/11\/FEMA020.jpg?fit=448%2C299&#038;ssl=1\" src=\"https:\/\/i0.wp.com\/centrodeolivaryaceite.com\/wp-content\/uploads\/2016\/11\/FEMA020.jpg?w=355&#038;h=237&#038;ssl=1\" srcset=\"https:\/\/i0.wp.com\/centrodeolivaryaceite.com\/wp-content\/uploads\/2016\/11\/FEMA020.jpg?w=448&amp;ssl=1 448w, https:\/\/i0.wp.com\/centrodeolivaryaceite.com\/wp-content\/uploads\/2016\/11\/FEMA020.jpg?resize=300%2C200&amp;ssl=1 300w\" width=\"355\" height=\"237\" loading=\"lazy\" data-original-width=\"355\" data-original-height=\"237\" itemprop=\"http:\/\/schema.org\/image\" title=\"fema020\" alt=\"Old Olive Tree\" style=\"width: 355px; height: 237px;\" \/> <\/a> <\/div> <\/div> <!-- close group --> <div class=\"gallery-group images-1\" style=\"width: 721px; height: 482px;\" data-original-width=\"721\" data-original-height=\"482\" > <div class=\"tiled-gallery-item tiled-gallery-item-large\" itemprop=\"associatedMedia\" itemscope itemtype=\"http:\/\/schema.org\/ImageObject\"> <a href=\"https:\/\/centrodeolivaryaceite.com\/es\/olivar-y-aceite-en-la-34-edicion-de-la-feria-de-maquinaria-agricola-de-ubeda\/fema021\/\" border=\"0\" itemprop=\"url\"> <meta itemprop=\"width\" content=\"717\"> <meta itemprop=\"height\" content=\"478\"> <img decoding=\"async\" class=\"\" data-attachment-id=\"5940\" data-orig-file=\"https:\/\/centrodeolivaryaceite.com\/wp-content\/uploads\/2016\/11\/FEMA021.jpg\" data-orig-size=\"448,299\" data-comments-opened=\"1\" data-image-meta=\"{&quot;aperture&quot;:&quot;0&quot;,&quot;credit&quot;:&quot;&quot;,&quot;camera&quot;:&quot;&quot;,&quot;caption&quot;:&quot;&quot;,&quot;created_timestamp&quot;:&quot;0&quot;,&quot;copyright&quot;:&quot;&quot;,&quot;focal_length&quot;:&quot;0&quot;,&quot;iso&quot;:&quot;0&quot;,&quot;shutter_speed&quot;:&quot;0&quot;,&quot;title&quot;:&quot;&quot;,&quot;orientation&quot;:&quot;0&quot;}\" data-image-title=\"fema021\" data-image-description=\"\" data-medium-file=\"https:\/\/i0.wp.com\/centrodeolivaryaceite.com\/wp-content\/uploads\/2016\/11\/FEMA021.jpg?fit=300%2C200&#038;ssl=1\" data-large-file=\"https:\/\/i0.wp.com\/centrodeolivaryaceite.com\/wp-content\/uploads\/2016\/11\/FEMA021.jpg?fit=448%2C299&#038;ssl=1\" src=\"https:\/\/i0.wp.com\/centrodeolivaryaceite.com\/wp-content\/uploads\/2016\/11\/FEMA021.jpg?w=717&#038;h=478&#038;ssl=1\" srcset=\"https:\/\/i0.wp.com\/centrodeolivaryaceite.com\/wp-content\/uploads\/2016\/11\/FEMA021.jpg?w=448&amp;ssl=1 448w, https:\/\/i0.wp.com\/centrodeolivaryaceite.com\/wp-content\/uploads\/2016\/11\/FEMA021.jpg?resize=300%2C200&amp;ssl=1 300w\" width=\"717\" height=\"478\" loading=\"lazy\" data-original-width=\"717\" data-original-height=\"478\" itemprop=\"http:\/\/schema.org\/image\" title=\"fema021\" alt=\"Notaliv\" style=\"width: 717px; height: 478px;\" \/> <\/a> <\/div> <\/div> <!-- close group --> <\/div> <!-- close row --> <div class=\"gallery-row\" style=\"width: 1080px; height: 362px;\" data-original-width=\"1080\" data-original-height=\"362\" > <div class=\"gallery-group images-1\" style=\"width: 540px; height: 362px;\" data-original-width=\"540\" data-original-height=\"362\" > <div class=\"tiled-gallery-item tiled-gallery-item-large\" itemprop=\"associatedMedia\" itemscope itemtype=\"http:\/\/schema.org\/ImageObject\"> <a href=\"https:\/\/centrodeolivaryaceite.com\/es\/olivar-y-aceite-en-la-34-edicion-de-la-feria-de-maquinaria-agricola-de-ubeda\/fema022\/\" border=\"0\" itemprop=\"url\"> <meta itemprop=\"width\" content=\"536\"> <meta itemprop=\"height\" content=\"358\"> <img decoding=\"async\" class=\"\" data-attachment-id=\"5941\" data-orig-file=\"https:\/\/centrodeolivaryaceite.com\/wp-content\/uploads\/2016\/11\/FEMA022.jpg\" data-orig-size=\"448,299\" data-comments-opened=\"1\" data-image-meta=\"{&quot;aperture&quot;:&quot;0&quot;,&quot;credit&quot;:&quot;&quot;,&quot;camera&quot;:&quot;&quot;,&quot;caption&quot;:&quot;&quot;,&quot;created_timestamp&quot;:&quot;0&quot;,&quot;copyright&quot;:&quot;&quot;,&quot;focal_length&quot;:&quot;0&quot;,&quot;iso&quot;:&quot;0&quot;,&quot;shutter_speed&quot;:&quot;0&quot;,&quot;title&quot;:&quot;&quot;,&quot;orientation&quot;:&quot;0&quot;}\" data-image-title=\"fema022\" data-image-description=\"\" data-medium-file=\"https:\/\/i0.wp.com\/centrodeolivaryaceite.com\/wp-content\/uploads\/2016\/11\/FEMA022.jpg?fit=300%2C200&#038;ssl=1\" data-large-file=\"https:\/\/i0.wp.com\/centrodeolivaryaceite.com\/wp-content\/uploads\/2016\/11\/FEMA022.jpg?fit=448%2C299&#038;ssl=1\" src=\"https:\/\/i0.wp.com\/centrodeolivaryaceite.com\/wp-content\/uploads\/2016\/11\/FEMA022.jpg?w=536&#038;h=358&#038;ssl=1\" srcset=\"https:\/\/i0.wp.com\/centrodeolivaryaceite.com\/wp-content\/uploads\/2016\/11\/FEMA022.jpg?w=448&amp;ssl=1 448w, https:\/\/i0.wp.com\/centrodeolivaryaceite.com\/wp-content\/uploads\/2016\/11\/FEMA022.jpg?resize=300%2C200&amp;ssl=1 300w\" width=\"536\" height=\"358\" loading=\"lazy\" data-original-width=\"536\" data-original-height=\"358\" itemprop=\"http:\/\/schema.org\/image\" title=\"fema022\" alt=\"Demostraci\u00f3n\" style=\"width: 536px; height: 358px;\" \/> <\/a> <\/div> <\/div> <!-- close group --> <div class=\"gallery-group images-1\" style=\"width: 540px; height: 362px;\" data-original-width=\"540\" data-original-height=\"362\" > <div class=\"tiled-gallery-item tiled-gallery-item-large\" itemprop=\"associatedMedia\" itemscope itemtype=\"http:\/\/schema.org\/ImageObject\"> <a href=\"https:\/\/centrodeolivaryaceite.com\/es\/olivar-y-aceite-en-la-34-edicion-de-la-feria-de-maquinaria-agricola-de-ubeda\/fema023\/\" border=\"0\" itemprop=\"url\"> <meta itemprop=\"width\" content=\"536\"> <meta itemprop=\"height\" content=\"358\"> <img decoding=\"async\" class=\"\" data-attachment-id=\"5942\" data-orig-file=\"https:\/\/centrodeolivaryaceite.com\/wp-content\/uploads\/2016\/11\/FEMA023.jpg\" data-orig-size=\"448,299\" data-comments-opened=\"1\" data-image-meta=\"{&quot;aperture&quot;:&quot;0&quot;,&quot;credit&quot;:&quot;&quot;,&quot;camera&quot;:&quot;&quot;,&quot;caption&quot;:&quot;&quot;,&quot;created_timestamp&quot;:&quot;0&quot;,&quot;copyright&quot;:&quot;&quot;,&quot;focal_length&quot;:&quot;0&quot;,&quot;iso&quot;:&quot;0&quot;,&quot;shutter_speed&quot;:&quot;0&quot;,&quot;title&quot;:&quot;&quot;,&quot;orientation&quot;:&quot;0&quot;}\" data-image-title=\"fema023\" data-image-description=\"\" data-medium-file=\"https:\/\/i0.wp.com\/centrodeolivaryaceite.com\/wp-content\/uploads\/2016\/11\/FEMA023.jpg?fit=300%2C200&#038;ssl=1\" data-large-file=\"https:\/\/i0.wp.com\/centrodeolivaryaceite.com\/wp-content\/uploads\/2016\/11\/FEMA023.jpg?fit=448%2C299&#038;ssl=1\" src=\"https:\/\/i0.wp.com\/centrodeolivaryaceite.com\/wp-content\/uploads\/2016\/11\/FEMA023.jpg?w=536&#038;h=358&#038;ssl=1\" srcset=\"https:\/\/i0.wp.com\/centrodeolivaryaceite.com\/wp-content\/uploads\/2016\/11\/FEMA023.jpg?w=448&amp;ssl=1 448w, https:\/\/i0.wp.com\/centrodeolivaryaceite.com\/wp-content\/uploads\/2016\/11\/FEMA023.jpg?resize=300%2C200&amp;ssl=1 300w\" width=\"536\" height=\"358\" loading=\"lazy\" data-original-width=\"536\" data-original-height=\"358\" itemprop=\"http:\/\/schema.org\/image\" title=\"fema023\" alt=\"Anselmo en FEMA\" style=\"width: 536px; height: 358px;\" \/> <\/a> <\/div> <\/div> <!-- close group --> <\/div> <!-- close row --> <div class=\"gallery-row\" style=\"width: 1080px; height: 482px;\" data-original-width=\"1080\" data-original-height=\"482\" > <div class=\"gallery-group images-1\" style=\"width: 721px; height: 482px;\" data-original-width=\"721\" data-original-height=\"482\" > <div class=\"tiled-gallery-item tiled-gallery-item-large\" itemprop=\"associatedMedia\" itemscope itemtype=\"http:\/\/schema.org\/ImageObject\"> <a href=\"https:\/\/centrodeolivaryaceite.com\/es\/olivar-y-aceite-en-la-34-edicion-de-la-feria-de-maquinaria-agricola-de-ubeda\/fema024\/\" border=\"0\" itemprop=\"url\"> <meta itemprop=\"width\" content=\"717\"> <meta itemprop=\"height\" content=\"478\"> <img decoding=\"async\" class=\"\" data-attachment-id=\"5943\" data-orig-file=\"https:\/\/centrodeolivaryaceite.com\/wp-content\/uploads\/2016\/11\/FEMA024.jpg\" data-orig-size=\"448,299\" data-comments-opened=\"1\" data-image-meta=\"{&quot;aperture&quot;:&quot;0&quot;,&quot;credit&quot;:&quot;&quot;,&quot;camera&quot;:&quot;&quot;,&quot;caption&quot;:&quot;&quot;,&quot;created_timestamp&quot;:&quot;0&quot;,&quot;copyright&quot;:&quot;&quot;,&quot;focal_length&quot;:&quot;0&quot;,&quot;iso&quot;:&quot;0&quot;,&quot;shutter_speed&quot;:&quot;0&quot;,&quot;title&quot;:&quot;&quot;,&quot;orientation&quot;:&quot;0&quot;}\" data-image-title=\"fema024\" data-image-description=\"\" data-medium-file=\"https:\/\/i0.wp.com\/centrodeolivaryaceite.com\/wp-content\/uploads\/2016\/11\/FEMA024.jpg?fit=300%2C200&#038;ssl=1\" data-large-file=\"https:\/\/i0.wp.com\/centrodeolivaryaceite.com\/wp-content\/uploads\/2016\/11\/FEMA024.jpg?fit=448%2C299&#038;ssl=1\" src=\"https:\/\/i0.wp.com\/centrodeolivaryaceite.com\/wp-content\/uploads\/2016\/11\/FEMA024.jpg?w=717&#038;h=478&#038;ssl=1\" srcset=\"https:\/\/i0.wp.com\/centrodeolivaryaceite.com\/wp-content\/uploads\/2016\/11\/FEMA024.jpg?w=448&amp;ssl=1 448w, https:\/\/i0.wp.com\/centrodeolivaryaceite.com\/wp-content\/uploads\/2016\/11\/FEMA024.jpg?resize=300%2C200&amp;ssl=1 300w\" width=\"717\" height=\"478\" loading=\"lazy\" data-original-width=\"717\" data-original-height=\"478\" itemprop=\"http:\/\/schema.org\/image\" title=\"fema024\" alt=\"Inauguraci\u00f3n FEMA 2016\" style=\"width: 717px; height: 478px;\" \/> <\/a> <\/div> <\/div> <!-- close group --> <div class=\"gallery-group images-2\" style=\"width: 359px; height: 482px;\" data-original-width=\"359\" data-original-height=\"482\" > <div class=\"tiled-gallery-item tiled-gallery-item-large\" itemprop=\"associatedMedia\" itemscope itemtype=\"http:\/\/schema.org\/ImageObject\"> <a href=\"https:\/\/centrodeolivaryaceite.com\/es\/olivar-y-aceite-en-la-34-edicion-de-la-feria-de-maquinaria-agricola-de-ubeda\/fema025\/\" border=\"0\" itemprop=\"url\"> <meta itemprop=\"width\" content=\"355\"> <meta itemprop=\"height\" content=\"237\"> <img decoding=\"async\" class=\"\" data-attachment-id=\"5944\" data-orig-file=\"https:\/\/centrodeolivaryaceite.com\/wp-content\/uploads\/2016\/11\/FEMA025.jpg\" data-orig-size=\"448,299\" data-comments-opened=\"1\" data-image-meta=\"{&quot;aperture&quot;:&quot;0&quot;,&quot;credit&quot;:&quot;&quot;,&quot;camera&quot;:&quot;&quot;,&quot;caption&quot;:&quot;&quot;,&quot;created_timestamp&quot;:&quot;0&quot;,&quot;copyright&quot;:&quot;&quot;,&quot;focal_length&quot;:&quot;0&quot;,&quot;iso&quot;:&quot;0&quot;,&quot;shutter_speed&quot;:&quot;0&quot;,&quot;title&quot;:&quot;&quot;,&quot;orientation&quot;:&quot;0&quot;}\" data-image-title=\"fema025\" data-image-description=\"\" data-medium-file=\"https:\/\/i0.wp.com\/centrodeolivaryaceite.com\/wp-content\/uploads\/2016\/11\/FEMA025.jpg?fit=300%2C200&#038;ssl=1\" data-large-file=\"https:\/\/i0.wp.com\/centrodeolivaryaceite.com\/wp-content\/uploads\/2016\/11\/FEMA025.jpg?fit=448%2C299&#038;ssl=1\" src=\"https:\/\/i0.wp.com\/centrodeolivaryaceite.com\/wp-content\/uploads\/2016\/11\/FEMA025.jpg?w=355&#038;h=237&#038;ssl=1\" srcset=\"https:\/\/i0.wp.com\/centrodeolivaryaceite.com\/wp-content\/uploads\/2016\/11\/FEMA025.jpg?w=448&amp;ssl=1 448w, https:\/\/i0.wp.com\/centrodeolivaryaceite.com\/wp-content\/uploads\/2016\/11\/FEMA025.jpg?resize=300%2C200&amp;ssl=1 300w\" width=\"355\" height=\"237\" loading=\"lazy\" data-original-width=\"355\" data-original-height=\"237\" itemprop=\"http:\/\/schema.org\/image\" title=\"fema025\" alt=\"Showcooking Zeitum\" style=\"width: 355px; height: 237px;\" \/> <\/a> <\/div> <div class=\"tiled-gallery-item tiled-gallery-item-large\" itemprop=\"associatedMedia\" itemscope itemtype=\"http:\/\/schema.org\/ImageObject\"> <a href=\"https:\/\/centrodeolivaryaceite.com\/es\/olivar-y-aceite-en-la-34-edicion-de-la-feria-de-maquinaria-agricola-de-ubeda\/fema026\/\" border=\"0\" itemprop=\"url\"> <meta itemprop=\"width\" content=\"355\"> <meta itemprop=\"height\" content=\"237\"> <img decoding=\"async\" class=\"\" data-attachment-id=\"5945\" data-orig-file=\"https:\/\/centrodeolivaryaceite.com\/wp-content\/uploads\/2016\/11\/FEMA026.jpg\" data-orig-size=\"448,299\" data-comments-opened=\"1\" data-image-meta=\"{&quot;aperture&quot;:&quot;0&quot;,&quot;credit&quot;:&quot;&quot;,&quot;camera&quot;:&quot;&quot;,&quot;caption&quot;:&quot;&quot;,&quot;created_timestamp&quot;:&quot;0&quot;,&quot;copyright&quot;:&quot;&quot;,&quot;focal_length&quot;:&quot;0&quot;,&quot;iso&quot;:&quot;0&quot;,&quot;shutter_speed&quot;:&quot;0&quot;,&quot;title&quot;:&quot;&quot;,&quot;orientation&quot;:&quot;0&quot;}\" data-image-title=\"fema026\" data-image-description=\"\" data-medium-file=\"https:\/\/i0.wp.com\/centrodeolivaryaceite.com\/wp-content\/uploads\/2016\/11\/FEMA026.jpg?fit=300%2C200&#038;ssl=1\" data-large-file=\"https:\/\/i0.wp.com\/centrodeolivaryaceite.com\/wp-content\/uploads\/2016\/11\/FEMA026.jpg?fit=448%2C299&#038;ssl=1\" src=\"https:\/\/i0.wp.com\/centrodeolivaryaceite.com\/wp-content\/uploads\/2016\/11\/FEMA026.jpg?w=355&#038;h=237&#038;ssl=1\" srcset=\"https:\/\/i0.wp.com\/centrodeolivaryaceite.com\/wp-content\/uploads\/2016\/11\/FEMA026.jpg?w=448&amp;ssl=1 448w, https:\/\/i0.wp.com\/centrodeolivaryaceite.com\/wp-content\/uploads\/2016\/11\/FEMA026.jpg?resize=300%2C200&amp;ssl=1 300w\" width=\"355\" height=\"237\" loading=\"lazy\" data-original-width=\"355\" data-original-height=\"237\" itemprop=\"http:\/\/schema.org\/image\" title=\"fema026\" alt=\"Toni Olivares\" style=\"width: 355px; height: 237px;\" \/> <\/a> <\/div> <\/div> <!-- close group --> <\/div> <!-- close row --> <div class=\"gallery-row\" style=\"width: 1080px; height: 242px;\" data-original-width=\"1080\" data-original-height=\"242\" > <div class=\"gallery-group images-1\" style=\"width: 360px; height: 242px;\" data-original-width=\"360\" data-original-height=\"242\" > <div class=\"tiled-gallery-item tiled-gallery-item-large\" itemprop=\"associatedMedia\" itemscope itemtype=\"http:\/\/schema.org\/ImageObject\"> <a href=\"https:\/\/centrodeolivaryaceite.com\/es\/olivar-y-aceite-en-la-34-edicion-de-la-feria-de-maquinaria-agricola-de-ubeda\/fema027\/\" border=\"0\" itemprop=\"url\"> <meta itemprop=\"width\" content=\"356\"> <meta itemprop=\"height\" content=\"238\"> <img decoding=\"async\" class=\"\" data-attachment-id=\"5946\" data-orig-file=\"https:\/\/centrodeolivaryaceite.com\/wp-content\/uploads\/2016\/11\/FEMA027.jpg\" data-orig-size=\"448,299\" data-comments-opened=\"1\" data-image-meta=\"{&quot;aperture&quot;:&quot;0&quot;,&quot;credit&quot;:&quot;&quot;,&quot;camera&quot;:&quot;&quot;,&quot;caption&quot;:&quot;&quot;,&quot;created_timestamp&quot;:&quot;0&quot;,&quot;copyright&quot;:&quot;&quot;,&quot;focal_length&quot;:&quot;0&quot;,&quot;iso&quot;:&quot;0&quot;,&quot;shutter_speed&quot;:&quot;0&quot;,&quot;title&quot;:&quot;&quot;,&quot;orientation&quot;:&quot;0&quot;}\" data-image-title=\"fema027\" data-image-description=\"\" data-medium-file=\"https:\/\/i0.wp.com\/centrodeolivaryaceite.com\/wp-content\/uploads\/2016\/11\/FEMA027.jpg?fit=300%2C200&#038;ssl=1\" data-large-file=\"https:\/\/i0.wp.com\/centrodeolivaryaceite.com\/wp-content\/uploads\/2016\/11\/FEMA027.jpg?fit=448%2C299&#038;ssl=1\" src=\"https:\/\/i0.wp.com\/centrodeolivaryaceite.com\/wp-content\/uploads\/2016\/11\/FEMA027.jpg?w=356&#038;h=238&#038;ssl=1\" srcset=\"https:\/\/i0.wp.com\/centrodeolivaryaceite.com\/wp-content\/uploads\/2016\/11\/FEMA027.jpg?w=448&amp;ssl=1 448w, https:\/\/i0.wp.com\/centrodeolivaryaceite.com\/wp-content\/uploads\/2016\/11\/FEMA027.jpg?resize=300%2C200&amp;ssl=1 300w\" width=\"356\" height=\"238\" loading=\"lazy\" data-original-width=\"356\" data-original-height=\"238\" itemprop=\"http:\/\/schema.org\/image\" title=\"fema027\" alt=\"Restaurante Zeitum\" style=\"width: 356px; height: 238px;\" \/> <\/a> <\/div> <\/div> <!-- close group --> <div class=\"gallery-group images-1\" style=\"width: 360px; height: 242px;\" data-original-width=\"360\" data-original-height=\"242\" > <div class=\"tiled-gallery-item tiled-gallery-item-large\" itemprop=\"associatedMedia\" itemscope itemtype=\"http:\/\/schema.org\/ImageObject\"> <a href=\"https:\/\/centrodeolivaryaceite.com\/es\/olivar-y-aceite-en-la-34-edicion-de-la-feria-de-maquinaria-agricola-de-ubeda\/fema028\/\" border=\"0\" itemprop=\"url\"> <meta itemprop=\"width\" content=\"356\"> <meta itemprop=\"height\" content=\"238\"> <img decoding=\"async\" class=\"\" data-attachment-id=\"5947\" data-orig-file=\"https:\/\/centrodeolivaryaceite.com\/wp-content\/uploads\/2016\/11\/FEMA028.jpg\" data-orig-size=\"448,299\" data-comments-opened=\"1\" data-image-meta=\"{&quot;aperture&quot;:&quot;0&quot;,&quot;credit&quot;:&quot;&quot;,&quot;camera&quot;:&quot;&quot;,&quot;caption&quot;:&quot;&quot;,&quot;created_timestamp&quot;:&quot;0&quot;,&quot;copyright&quot;:&quot;&quot;,&quot;focal_length&quot;:&quot;0&quot;,&quot;iso&quot;:&quot;0&quot;,&quot;shutter_speed&quot;:&quot;0&quot;,&quot;title&quot;:&quot;&quot;,&quot;orientation&quot;:&quot;0&quot;}\" data-image-title=\"fema028\" data-image-description=\"\" data-medium-file=\"https:\/\/i0.wp.com\/centrodeolivaryaceite.com\/wp-content\/uploads\/2016\/11\/FEMA028.jpg?fit=300%2C200&#038;ssl=1\" data-large-file=\"https:\/\/i0.wp.com\/centrodeolivaryaceite.com\/wp-content\/uploads\/2016\/11\/FEMA028.jpg?fit=448%2C299&#038;ssl=1\" src=\"https:\/\/i0.wp.com\/centrodeolivaryaceite.com\/wp-content\/uploads\/2016\/11\/FEMA028.jpg?w=356&#038;h=238&#038;ssl=1\" srcset=\"https:\/\/i0.wp.com\/centrodeolivaryaceite.com\/wp-content\/uploads\/2016\/11\/FEMA028.jpg?w=448&amp;ssl=1 448w, https:\/\/i0.wp.com\/centrodeolivaryaceite.com\/wp-content\/uploads\/2016\/11\/FEMA028.jpg?resize=300%2C200&amp;ssl=1 300w\" width=\"356\" height=\"238\" loading=\"lazy\" data-original-width=\"356\" data-original-height=\"238\" itemprop=\"http:\/\/schema.org\/image\" title=\"fema028\" alt=\"Anselmo Ju\u00e1rez\" style=\"width: 356px; height: 238px;\" \/> <\/a> <\/div> <\/div> <!-- close group --> <div class=\"gallery-group images-1\" style=\"width: 360px; height: 242px;\" data-original-width=\"360\" data-original-height=\"242\" > <div class=\"tiled-gallery-item tiled-gallery-item-large\" itemprop=\"associatedMedia\" itemscope itemtype=\"http:\/\/schema.org\/ImageObject\"> <a href=\"https:\/\/centrodeolivaryaceite.com\/es\/olivar-y-aceite-en-la-34-edicion-de-la-feria-de-maquinaria-agricola-de-ubeda\/fema029\/\" border=\"0\" itemprop=\"url\"> <meta itemprop=\"width\" content=\"356\"> <meta itemprop=\"height\" content=\"238\"> <img decoding=\"async\" class=\"\" data-attachment-id=\"5948\" data-orig-file=\"https:\/\/centrodeolivaryaceite.com\/wp-content\/uploads\/2016\/11\/FEMA029.jpg\" data-orig-size=\"448,299\" data-comments-opened=\"1\" data-image-meta=\"{&quot;aperture&quot;:&quot;0&quot;,&quot;credit&quot;:&quot;&quot;,&quot;camera&quot;:&quot;&quot;,&quot;caption&quot;:&quot;&quot;,&quot;created_timestamp&quot;:&quot;0&quot;,&quot;copyright&quot;:&quot;&quot;,&quot;focal_length&quot;:&quot;0&quot;,&quot;iso&quot;:&quot;0&quot;,&quot;shutter_speed&quot;:&quot;0&quot;,&quot;title&quot;:&quot;&quot;,&quot;orientation&quot;:&quot;0&quot;}\" data-image-title=\"fema029\" data-image-description=\"\" data-medium-file=\"https:\/\/i0.wp.com\/centrodeolivaryaceite.com\/wp-content\/uploads\/2016\/11\/FEMA029.jpg?fit=300%2C200&#038;ssl=1\" data-large-file=\"https:\/\/i0.wp.com\/centrodeolivaryaceite.com\/wp-content\/uploads\/2016\/11\/FEMA029.jpg?fit=448%2C299&#038;ssl=1\" src=\"https:\/\/i0.wp.com\/centrodeolivaryaceite.com\/wp-content\/uploads\/2016\/11\/FEMA029.jpg?w=356&#038;h=238&#038;ssl=1\" srcset=\"https:\/\/i0.wp.com\/centrodeolivaryaceite.com\/wp-content\/uploads\/2016\/11\/FEMA029.jpg?w=448&amp;ssl=1 448w, https:\/\/i0.wp.com\/centrodeolivaryaceite.com\/wp-content\/uploads\/2016\/11\/FEMA029.jpg?resize=300%2C200&amp;ssl=1 300w\" width=\"356\" height=\"238\" loading=\"lazy\" data-original-width=\"356\" data-original-height=\"238\" itemprop=\"http:\/\/schema.org\/image\" title=\"fema029\" alt=\"Zeitum\" style=\"width: 356px; height: 238px;\" \/> <\/a> <\/div> <\/div> <!-- close group --> <\/div> <!-- close row --> <div class=\"gallery-row\" style=\"width: 1080px; height: 482px;\" data-original-width=\"1080\" data-original-height=\"482\" > <div class=\"gallery-group images-2\" style=\"width: 359px; height: 482px;\" data-original-width=\"359\" data-original-height=\"482\" > <div class=\"tiled-gallery-item tiled-gallery-item-large\" itemprop=\"associatedMedia\" itemscope itemtype=\"http:\/\/schema.org\/ImageObject\"> <a href=\"https:\/\/centrodeolivaryaceite.com\/es\/olivar-y-aceite-en-la-34-edicion-de-la-feria-de-maquinaria-agricola-de-ubeda\/fema030\/\" border=\"0\" itemprop=\"url\"> <meta itemprop=\"width\" content=\"355\"> <meta itemprop=\"height\" content=\"237\"> <img decoding=\"async\" class=\"\" data-attachment-id=\"5949\" data-orig-file=\"https:\/\/centrodeolivaryaceite.com\/wp-content\/uploads\/2016\/11\/FEMA030.jpg\" data-orig-size=\"448,299\" data-comments-opened=\"1\" data-image-meta=\"{&quot;aperture&quot;:&quot;0&quot;,&quot;credit&quot;:&quot;&quot;,&quot;camera&quot;:&quot;&quot;,&quot;caption&quot;:&quot;&quot;,&quot;created_timestamp&quot;:&quot;0&quot;,&quot;copyright&quot;:&quot;&quot;,&quot;focal_length&quot;:&quot;0&quot;,&quot;iso&quot;:&quot;0&quot;,&quot;shutter_speed&quot;:&quot;0&quot;,&quot;title&quot;:&quot;&quot;,&quot;orientation&quot;:&quot;0&quot;}\" data-image-title=\"fema030\" data-image-description=\"\" data-medium-file=\"https:\/\/i0.wp.com\/centrodeolivaryaceite.com\/wp-content\/uploads\/2016\/11\/FEMA030.jpg?fit=300%2C200&#038;ssl=1\" data-large-file=\"https:\/\/i0.wp.com\/centrodeolivaryaceite.com\/wp-content\/uploads\/2016\/11\/FEMA030.jpg?fit=448%2C299&#038;ssl=1\" src=\"https:\/\/i0.wp.com\/centrodeolivaryaceite.com\/wp-content\/uploads\/2016\/11\/FEMA030.jpg?w=355&#038;h=237&#038;ssl=1\" srcset=\"https:\/\/i0.wp.com\/centrodeolivaryaceite.com\/wp-content\/uploads\/2016\/11\/FEMA030.jpg?w=448&amp;ssl=1 448w, https:\/\/i0.wp.com\/centrodeolivaryaceite.com\/wp-content\/uploads\/2016\/11\/FEMA030.jpg?resize=300%2C200&amp;ssl=1 300w\" width=\"355\" height=\"237\" loading=\"lazy\" data-original-width=\"355\" data-original-height=\"237\" itemprop=\"http:\/\/schema.org\/image\" title=\"fema030\" alt=\"Probando tapas\" style=\"width: 355px; height: 237px;\" \/> <\/a> <\/div> <div class=\"tiled-gallery-item tiled-gallery-item-large\" itemprop=\"associatedMedia\" itemscope itemtype=\"http:\/\/schema.org\/ImageObject\"> <a href=\"https:\/\/centrodeolivaryaceite.com\/es\/olivar-y-aceite-en-la-34-edicion-de-la-feria-de-maquinaria-agricola-de-ubeda\/fema031\/\" border=\"0\" itemprop=\"url\"> <meta itemprop=\"width\" content=\"355\"> <meta itemprop=\"height\" content=\"237\"> <img decoding=\"async\" class=\"\" data-attachment-id=\"5950\" data-orig-file=\"https:\/\/centrodeolivaryaceite.com\/wp-content\/uploads\/2016\/11\/FEMA031.jpg\" data-orig-size=\"448,299\" data-comments-opened=\"1\" data-image-meta=\"{&quot;aperture&quot;:&quot;0&quot;,&quot;credit&quot;:&quot;&quot;,&quot;camera&quot;:&quot;&quot;,&quot;caption&quot;:&quot;&quot;,&quot;created_timestamp&quot;:&quot;0&quot;,&quot;copyright&quot;:&quot;&quot;,&quot;focal_length&quot;:&quot;0&quot;,&quot;iso&quot;:&quot;0&quot;,&quot;shutter_speed&quot;:&quot;0&quot;,&quot;title&quot;:&quot;&quot;,&quot;orientation&quot;:&quot;0&quot;}\" data-image-title=\"fema031\" data-image-description=\"\" data-medium-file=\"https:\/\/i0.wp.com\/centrodeolivaryaceite.com\/wp-content\/uploads\/2016\/11\/FEMA031.jpg?fit=300%2C200&#038;ssl=1\" data-large-file=\"https:\/\/i0.wp.com\/centrodeolivaryaceite.com\/wp-content\/uploads\/2016\/11\/FEMA031.jpg?fit=448%2C299&#038;ssl=1\" src=\"https:\/\/i0.wp.com\/centrodeolivaryaceite.com\/wp-content\/uploads\/2016\/11\/FEMA031.jpg?w=355&#038;h=237&#038;ssl=1\" srcset=\"https:\/\/i0.wp.com\/centrodeolivaryaceite.com\/wp-content\/uploads\/2016\/11\/FEMA031.jpg?w=448&amp;ssl=1 448w, https:\/\/i0.wp.com\/centrodeolivaryaceite.com\/wp-content\/uploads\/2016\/11\/FEMA031.jpg?resize=300%2C200&amp;ssl=1 300w\" width=\"355\" height=\"237\" loading=\"lazy\" data-original-width=\"355\" data-original-height=\"237\" itemprop=\"http:\/\/schema.org\/image\" title=\"fema031\" alt=\"Conferencia\" style=\"width: 355px; height: 237px;\" \/> <\/a> <\/div> <\/div> <!-- close group --> <div class=\"gallery-group images-1\" style=\"width: 721px; height: 482px;\" data-original-width=\"721\" data-original-height=\"482\" > <div class=\"tiled-gallery-item tiled-gallery-item-large\" itemprop=\"associatedMedia\" itemscope itemtype=\"http:\/\/schema.org\/ImageObject\"> <a href=\"https:\/\/centrodeolivaryaceite.com\/es\/olivar-y-aceite-en-la-34-edicion-de-la-feria-de-maquinaria-agricola-de-ubeda\/fema032\/\" border=\"0\" itemprop=\"url\"> <meta itemprop=\"width\" content=\"717\"> <meta itemprop=\"height\" content=\"478\"> <img decoding=\"async\" class=\"\" data-attachment-id=\"5951\" data-orig-file=\"https:\/\/centrodeolivaryaceite.com\/wp-content\/uploads\/2016\/11\/FEMA032.jpg\" data-orig-size=\"448,299\" data-comments-opened=\"1\" data-image-meta=\"{&quot;aperture&quot;:&quot;0&quot;,&quot;credit&quot;:&quot;&quot;,&quot;camera&quot;:&quot;&quot;,&quot;caption&quot;:&quot;&quot;,&quot;created_timestamp&quot;:&quot;0&quot;,&quot;copyright&quot;:&quot;&quot;,&quot;focal_length&quot;:&quot;0&quot;,&quot;iso&quot;:&quot;0&quot;,&quot;shutter_speed&quot;:&quot;0&quot;,&quot;title&quot;:&quot;&quot;,&quot;orientation&quot;:&quot;0&quot;}\" data-image-title=\"fema032\" data-image-description=\"\" data-medium-file=\"https:\/\/i0.wp.com\/centrodeolivaryaceite.com\/wp-content\/uploads\/2016\/11\/FEMA032.jpg?fit=300%2C200&#038;ssl=1\" data-large-file=\"https:\/\/i0.wp.com\/centrodeolivaryaceite.com\/wp-content\/uploads\/2016\/11\/FEMA032.jpg?fit=448%2C299&#038;ssl=1\" src=\"https:\/\/i0.wp.com\/centrodeolivaryaceite.com\/wp-content\/uploads\/2016\/11\/FEMA032.jpg?w=717&#038;h=478&#038;ssl=1\" srcset=\"https:\/\/i0.wp.com\/centrodeolivaryaceite.com\/wp-content\/uploads\/2016\/11\/FEMA032.jpg?w=448&amp;ssl=1 448w, https:\/\/i0.wp.com\/centrodeolivaryaceite.com\/wp-content\/uploads\/2016\/11\/FEMA032.jpg?resize=300%2C200&amp;ssl=1 300w\" width=\"717\" height=\"478\" loading=\"lazy\" data-original-width=\"717\" data-original-height=\"478\" itemprop=\"http:\/\/schema.org\/image\" title=\"fema032\" alt=\"Showcooking FEMA 2016\" style=\"width: 717px; height: 478px;\" \/> <\/a> <\/div> <\/div> <!-- close group --> <\/div> <!-- close row --> <div class=\"gallery-row\" style=\"width: 1080px; height: 362px;\" data-original-width=\"1080\" data-original-height=\"362\" > <div class=\"gallery-group images-1\" style=\"width: 540px; height: 362px;\" data-original-width=\"540\" data-original-height=\"362\" > <div class=\"tiled-gallery-item tiled-gallery-item-large\" itemprop=\"associatedMedia\" itemscope itemtype=\"http:\/\/schema.org\/ImageObject\"> <a href=\"https:\/\/centrodeolivaryaceite.com\/es\/olivar-y-aceite-en-la-34-edicion-de-la-feria-de-maquinaria-agricola-de-ubeda\/fema033\/\" border=\"0\" itemprop=\"url\"> <meta itemprop=\"width\" content=\"536\"> <meta itemprop=\"height\" content=\"358\"> <img decoding=\"async\" class=\"\" data-attachment-id=\"5952\" data-orig-file=\"https:\/\/centrodeolivaryaceite.com\/wp-content\/uploads\/2016\/11\/FEMA033.jpg\" data-orig-size=\"448,299\" data-comments-opened=\"1\" data-image-meta=\"{&quot;aperture&quot;:&quot;0&quot;,&quot;credit&quot;:&quot;&quot;,&quot;camera&quot;:&quot;&quot;,&quot;caption&quot;:&quot;&quot;,&quot;created_timestamp&quot;:&quot;0&quot;,&quot;copyright&quot;:&quot;&quot;,&quot;focal_length&quot;:&quot;0&quot;,&quot;iso&quot;:&quot;0&quot;,&quot;shutter_speed&quot;:&quot;0&quot;,&quot;title&quot;:&quot;&quot;,&quot;orientation&quot;:&quot;0&quot;}\" data-image-title=\"fema033\" data-image-description=\"\" data-medium-file=\"https:\/\/i0.wp.com\/centrodeolivaryaceite.com\/wp-content\/uploads\/2016\/11\/FEMA033.jpg?fit=300%2C200&#038;ssl=1\" data-large-file=\"https:\/\/i0.wp.com\/centrodeolivaryaceite.com\/wp-content\/uploads\/2016\/11\/FEMA033.jpg?fit=448%2C299&#038;ssl=1\" src=\"https:\/\/i0.wp.com\/centrodeolivaryaceite.com\/wp-content\/uploads\/2016\/11\/FEMA033.jpg?w=536&#038;h=358&#038;ssl=1\" srcset=\"https:\/\/i0.wp.com\/centrodeolivaryaceite.com\/wp-content\/uploads\/2016\/11\/FEMA033.jpg?w=448&amp;ssl=1 448w, https:\/\/i0.wp.com\/centrodeolivaryaceite.com\/wp-content\/uploads\/2016\/11\/FEMA033.jpg?resize=300%2C200&amp;ssl=1 300w\" width=\"536\" height=\"358\" loading=\"lazy\" data-original-width=\"536\" data-original-height=\"358\" itemprop=\"http:\/\/schema.org\/image\" title=\"fema033\" alt=\"Asistentes FEMA 2016\" style=\"width: 536px; height: 358px;\" \/> <\/a> <\/div> <\/div> <!-- close group --> <div class=\"gallery-group images-1\" style=\"width: 540px; height: 362px;\" data-original-width=\"540\" data-original-height=\"362\" > <div class=\"tiled-gallery-item tiled-gallery-item-large\" itemprop=\"associatedMedia\" itemscope itemtype=\"http:\/\/schema.org\/ImageObject\"> <a href=\"https:\/\/centrodeolivaryaceite.com\/es\/olivar-y-aceite-en-la-34-edicion-de-la-feria-de-maquinaria-agricola-de-ubeda\/fema034\/\" border=\"0\" itemprop=\"url\"> <meta itemprop=\"width\" content=\"536\"> <meta itemprop=\"height\" content=\"358\"> <img decoding=\"async\" class=\"\" data-attachment-id=\"5953\" data-orig-file=\"https:\/\/centrodeolivaryaceite.com\/wp-content\/uploads\/2016\/11\/FEMA034.jpg\" data-orig-size=\"448,299\" data-comments-opened=\"1\" data-image-meta=\"{&quot;aperture&quot;:&quot;0&quot;,&quot;credit&quot;:&quot;&quot;,&quot;camera&quot;:&quot;&quot;,&quot;caption&quot;:&quot;&quot;,&quot;created_timestamp&quot;:&quot;0&quot;,&quot;copyright&quot;:&quot;&quot;,&quot;focal_length&quot;:&quot;0&quot;,&quot;iso&quot;:&quot;0&quot;,&quot;shutter_speed&quot;:&quot;0&quot;,&quot;title&quot;:&quot;&quot;,&quot;orientation&quot;:&quot;0&quot;}\" data-image-title=\"fema034\" data-image-description=\"\" data-medium-file=\"https:\/\/i0.wp.com\/centrodeolivaryaceite.com\/wp-content\/uploads\/2016\/11\/FEMA034.jpg?fit=300%2C200&#038;ssl=1\" data-large-file=\"https:\/\/i0.wp.com\/centrodeolivaryaceite.com\/wp-content\/uploads\/2016\/11\/FEMA034.jpg?fit=448%2C299&#038;ssl=1\" src=\"https:\/\/i0.wp.com\/centrodeolivaryaceite.com\/wp-content\/uploads\/2016\/11\/FEMA034.jpg?w=536&#038;h=358&#038;ssl=1\" srcset=\"https:\/\/i0.wp.com\/centrodeolivaryaceite.com\/wp-content\/uploads\/2016\/11\/FEMA034.jpg?w=448&amp;ssl=1 448w, https:\/\/i0.wp.com\/centrodeolivaryaceite.com\/wp-content\/uploads\/2016\/11\/FEMA034.jpg?resize=300%2C200&amp;ssl=1 300w\" width=\"536\" height=\"358\" loading=\"lazy\" data-original-width=\"536\" data-original-height=\"358\" itemprop=\"http:\/\/schema.org\/image\" title=\"fema034\" alt=\"Chef Asador de Santiago\" style=\"width: 536px; height: 358px;\" \/> <\/a> <\/div> <\/div> <!-- close group --> <\/div> <!-- close row --> <div class=\"gallery-row\" style=\"width: 1080px; height: 482px;\" data-original-width=\"1080\" data-original-height=\"482\" > <div class=\"gallery-group images-1\" style=\"width: 721px; height: 482px;\" data-original-width=\"721\" data-original-height=\"482\" > <div class=\"tiled-gallery-item tiled-gallery-item-large\" itemprop=\"associatedMedia\" itemscope itemtype=\"http:\/\/schema.org\/ImageObject\"> <a href=\"https:\/\/centrodeolivaryaceite.com\/es\/olivar-y-aceite-en-la-34-edicion-de-la-feria-de-maquinaria-agricola-de-ubeda\/fema035\/\" border=\"0\" itemprop=\"url\"> <meta itemprop=\"width\" content=\"717\"> <meta itemprop=\"height\" content=\"478\"> <img decoding=\"async\" class=\"\" data-attachment-id=\"5954\" data-orig-file=\"https:\/\/centrodeolivaryaceite.com\/wp-content\/uploads\/2016\/11\/FEMA035.jpg\" data-orig-size=\"448,299\" data-comments-opened=\"1\" data-image-meta=\"{&quot;aperture&quot;:&quot;0&quot;,&quot;credit&quot;:&quot;&quot;,&quot;camera&quot;:&quot;&quot;,&quot;caption&quot;:&quot;&quot;,&quot;created_timestamp&quot;:&quot;0&quot;,&quot;copyright&quot;:&quot;&quot;,&quot;focal_length&quot;:&quot;0&quot;,&quot;iso&quot;:&quot;0&quot;,&quot;shutter_speed&quot;:&quot;0&quot;,&quot;title&quot;:&quot;&quot;,&quot;orientation&quot;:&quot;0&quot;}\" data-image-title=\"fema035\" data-image-description=\"\" data-medium-file=\"https:\/\/i0.wp.com\/centrodeolivaryaceite.com\/wp-content\/uploads\/2016\/11\/FEMA035.jpg?fit=300%2C200&#038;ssl=1\" data-large-file=\"https:\/\/i0.wp.com\/centrodeolivaryaceite.com\/wp-content\/uploads\/2016\/11\/FEMA035.jpg?fit=448%2C299&#038;ssl=1\" src=\"https:\/\/i0.wp.com\/centrodeolivaryaceite.com\/wp-content\/uploads\/2016\/11\/FEMA035.jpg?w=717&#038;h=478&#038;ssl=1\" srcset=\"https:\/\/i0.wp.com\/centrodeolivaryaceite.com\/wp-content\/uploads\/2016\/11\/FEMA035.jpg?w=448&amp;ssl=1 448w, https:\/\/i0.wp.com\/centrodeolivaryaceite.com\/wp-content\/uploads\/2016\/11\/FEMA035.jpg?resize=300%2C200&amp;ssl=1 300w\" width=\"717\" height=\"478\" loading=\"lazy\" data-original-width=\"717\" data-original-height=\"478\" itemprop=\"http:\/\/schema.org\/image\" title=\"fema035\" alt=\"Kiko Higueras\" style=\"width: 717px; height: 478px;\" \/> <\/a> <\/div> <\/div> <!-- close group --> <div class=\"gallery-group images-2\" style=\"width: 359px; height: 482px;\" data-original-width=\"359\" data-original-height=\"482\" > <div class=\"tiled-gallery-item tiled-gallery-item-large\" itemprop=\"associatedMedia\" itemscope itemtype=\"http:\/\/schema.org\/ImageObject\"> <a href=\"https:\/\/centrodeolivaryaceite.com\/es\/olivar-y-aceite-en-la-34-edicion-de-la-feria-de-maquinaria-agricola-de-ubeda\/fema036\/\" border=\"0\" itemprop=\"url\"> <meta itemprop=\"width\" content=\"355\"> <meta itemprop=\"height\" content=\"237\"> <img decoding=\"async\" class=\"\" data-attachment-id=\"5955\" data-orig-file=\"https:\/\/centrodeolivaryaceite.com\/wp-content\/uploads\/2016\/11\/FEMA036.jpg\" data-orig-size=\"448,299\" data-comments-opened=\"1\" data-image-meta=\"{&quot;aperture&quot;:&quot;0&quot;,&quot;credit&quot;:&quot;&quot;,&quot;camera&quot;:&quot;&quot;,&quot;caption&quot;:&quot;&quot;,&quot;created_timestamp&quot;:&quot;0&quot;,&quot;copyright&quot;:&quot;&quot;,&quot;focal_length&quot;:&quot;0&quot;,&quot;iso&quot;:&quot;0&quot;,&quot;shutter_speed&quot;:&quot;0&quot;,&quot;title&quot;:&quot;&quot;,&quot;orientation&quot;:&quot;0&quot;}\" data-image-title=\"fema036\" data-image-description=\"\" data-medium-file=\"https:\/\/i0.wp.com\/centrodeolivaryaceite.com\/wp-content\/uploads\/2016\/11\/FEMA036.jpg?fit=300%2C200&#038;ssl=1\" data-large-file=\"https:\/\/i0.wp.com\/centrodeolivaryaceite.com\/wp-content\/uploads\/2016\/11\/FEMA036.jpg?fit=448%2C299&#038;ssl=1\" src=\"https:\/\/i0.wp.com\/centrodeolivaryaceite.com\/wp-content\/uploads\/2016\/11\/FEMA036.jpg?w=355&#038;h=237&#038;ssl=1\" srcset=\"https:\/\/i0.wp.com\/centrodeolivaryaceite.com\/wp-content\/uploads\/2016\/11\/FEMA036.jpg?w=448&amp;ssl=1 448w, https:\/\/i0.wp.com\/centrodeolivaryaceite.com\/wp-content\/uploads\/2016\/11\/FEMA036.jpg?resize=300%2C200&amp;ssl=1 300w\" width=\"355\" height=\"237\" loading=\"lazy\" data-original-width=\"355\" data-original-height=\"237\" itemprop=\"http:\/\/schema.org\/image\" title=\"fema036\" alt=\"Cocinero de Asador de Santiago\" style=\"width: 355px; height: 237px;\" \/> <\/a> <\/div> <div class=\"tiled-gallery-item tiled-gallery-item-large\" itemprop=\"associatedMedia\" itemscope itemtype=\"http:\/\/schema.org\/ImageObject\"> <a href=\"https:\/\/centrodeolivaryaceite.com\/es\/olivar-y-aceite-en-la-34-edicion-de-la-feria-de-maquinaria-agricola-de-ubeda\/fema037\/\" border=\"0\" itemprop=\"url\"> <meta itemprop=\"width\" content=\"355\"> <meta itemprop=\"height\" content=\"237\"> <img decoding=\"async\" class=\"\" data-attachment-id=\"5956\" data-orig-file=\"https:\/\/centrodeolivaryaceite.com\/wp-content\/uploads\/2016\/11\/FEMA037.jpg\" data-orig-size=\"448,299\" data-comments-opened=\"1\" data-image-meta=\"{&quot;aperture&quot;:&quot;0&quot;,&quot;credit&quot;:&quot;&quot;,&quot;camera&quot;:&quot;&quot;,&quot;caption&quot;:&quot;&quot;,&quot;created_timestamp&quot;:&quot;0&quot;,&quot;copyright&quot;:&quot;&quot;,&quot;focal_length&quot;:&quot;0&quot;,&quot;iso&quot;:&quot;0&quot;,&quot;shutter_speed&quot;:&quot;0&quot;,&quot;title&quot;:&quot;&quot;,&quot;orientation&quot;:&quot;0&quot;}\" data-image-title=\"fema037\" data-image-description=\"\" data-medium-file=\"https:\/\/i0.wp.com\/centrodeolivaryaceite.com\/wp-content\/uploads\/2016\/11\/FEMA037.jpg?fit=300%2C200&#038;ssl=1\" data-large-file=\"https:\/\/i0.wp.com\/centrodeolivaryaceite.com\/wp-content\/uploads\/2016\/11\/FEMA037.jpg?fit=448%2C299&#038;ssl=1\" src=\"https:\/\/i0.wp.com\/centrodeolivaryaceite.com\/wp-content\/uploads\/2016\/11\/FEMA037.jpg?w=355&#038;h=237&#038;ssl=1\" srcset=\"https:\/\/i0.wp.com\/centrodeolivaryaceite.com\/wp-content\/uploads\/2016\/11\/FEMA037.jpg?w=448&amp;ssl=1 448w, https:\/\/i0.wp.com\/centrodeolivaryaceite.com\/wp-content\/uploads\/2016\/11\/FEMA037.jpg?resize=300%2C200&amp;ssl=1 300w\" width=\"355\" height=\"237\" loading=\"lazy\" data-original-width=\"355\" data-original-height=\"237\" itemprop=\"http:\/\/schema.org\/image\" title=\"fema037\" alt=\"Asador de Santiago\" style=\"width: 355px; height: 237px;\" \/> <\/a> <\/div> <\/div> <!-- close group --> <\/div> <!-- close row --> <div class=\"gallery-row\" style=\"width: 1080px; height: 242px;\" data-original-width=\"1080\" data-original-height=\"242\" > <div class=\"gallery-group images-1\" style=\"width: 360px; height: 242px;\" data-original-width=\"360\" data-original-height=\"242\" > <div class=\"tiled-gallery-item tiled-gallery-item-large\" itemprop=\"associatedMedia\" itemscope itemtype=\"http:\/\/schema.org\/ImageObject\"> <a href=\"https:\/\/centrodeolivaryaceite.com\/es\/olivar-y-aceite-en-la-34-edicion-de-la-feria-de-maquinaria-agricola-de-ubeda\/fema038\/\" border=\"0\" itemprop=\"url\"> <meta itemprop=\"width\" content=\"356\"> <meta itemprop=\"height\" content=\"238\"> <img decoding=\"async\" class=\"\" data-attachment-id=\"5957\" data-orig-file=\"https:\/\/centrodeolivaryaceite.com\/wp-content\/uploads\/2016\/11\/FEMA038.jpg\" data-orig-size=\"448,299\" data-comments-opened=\"1\" data-image-meta=\"{&quot;aperture&quot;:&quot;0&quot;,&quot;credit&quot;:&quot;&quot;,&quot;camera&quot;:&quot;&quot;,&quot;caption&quot;:&quot;&quot;,&quot;created_timestamp&quot;:&quot;0&quot;,&quot;copyright&quot;:&quot;&quot;,&quot;focal_length&quot;:&quot;0&quot;,&quot;iso&quot;:&quot;0&quot;,&quot;shutter_speed&quot;:&quot;0&quot;,&quot;title&quot;:&quot;&quot;,&quot;orientation&quot;:&quot;0&quot;}\" data-image-title=\"fema038\" data-image-description=\"\" data-medium-file=\"https:\/\/i0.wp.com\/centrodeolivaryaceite.com\/wp-content\/uploads\/2016\/11\/FEMA038.jpg?fit=300%2C200&#038;ssl=1\" data-large-file=\"https:\/\/i0.wp.com\/centrodeolivaryaceite.com\/wp-content\/uploads\/2016\/11\/FEMA038.jpg?fit=448%2C299&#038;ssl=1\" src=\"https:\/\/i0.wp.com\/centrodeolivaryaceite.com\/wp-content\/uploads\/2016\/11\/FEMA038.jpg?w=356&#038;h=238&#038;ssl=1\" srcset=\"https:\/\/i0.wp.com\/centrodeolivaryaceite.com\/wp-content\/uploads\/2016\/11\/FEMA038.jpg?w=448&amp;ssl=1 448w, https:\/\/i0.wp.com\/centrodeolivaryaceite.com\/wp-content\/uploads\/2016\/11\/FEMA038.jpg?resize=300%2C200&amp;ssl=1 300w\" width=\"356\" height=\"238\" loading=\"lazy\" data-original-width=\"356\" data-original-height=\"238\" itemprop=\"http:\/\/schema.org\/image\" title=\"fema038\" alt=\"Asador de Santiago\" style=\"width: 356px; height: 238px;\" \/> <\/a> <\/div> <\/div> <!-- close group --> <div class=\"gallery-group images-1\" style=\"width: 360px; height: 242px;\" data-original-width=\"360\" data-original-height=\"242\" > <div class=\"tiled-gallery-item tiled-gallery-item-large\" itemprop=\"associatedMedia\" itemscope itemtype=\"http:\/\/schema.org\/ImageObject\"> <a href=\"https:\/\/centrodeolivaryaceite.com\/es\/olivar-y-aceite-en-la-34-edicion-de-la-feria-de-maquinaria-agricola-de-ubeda\/fema039\/\" border=\"0\" itemprop=\"url\"> <meta itemprop=\"width\" content=\"356\"> <meta itemprop=\"height\" content=\"238\"> <img decoding=\"async\" class=\"\" data-attachment-id=\"5958\" data-orig-file=\"https:\/\/centrodeolivaryaceite.com\/wp-content\/uploads\/2016\/11\/FEMA039.jpg\" data-orig-size=\"448,299\" data-comments-opened=\"1\" data-image-meta=\"{&quot;aperture&quot;:&quot;0&quot;,&quot;credit&quot;:&quot;&quot;,&quot;camera&quot;:&quot;&quot;,&quot;caption&quot;:&quot;&quot;,&quot;created_timestamp&quot;:&quot;0&quot;,&quot;copyright&quot;:&quot;&quot;,&quot;focal_length&quot;:&quot;0&quot;,&quot;iso&quot;:&quot;0&quot;,&quot;shutter_speed&quot;:&quot;0&quot;,&quot;title&quot;:&quot;&quot;,&quot;orientation&quot;:&quot;0&quot;}\" data-image-title=\"fema039\" data-image-description=\"\" data-medium-file=\"https:\/\/i0.wp.com\/centrodeolivaryaceite.com\/wp-content\/uploads\/2016\/11\/FEMA039.jpg?fit=300%2C200&#038;ssl=1\" data-large-file=\"https:\/\/i0.wp.com\/centrodeolivaryaceite.com\/wp-content\/uploads\/2016\/11\/FEMA039.jpg?fit=448%2C299&#038;ssl=1\" src=\"https:\/\/i0.wp.com\/centrodeolivaryaceite.com\/wp-content\/uploads\/2016\/11\/FEMA039.jpg?w=356&#038;h=238&#038;ssl=1\" srcset=\"https:\/\/i0.wp.com\/centrodeolivaryaceite.com\/wp-content\/uploads\/2016\/11\/FEMA039.jpg?w=448&amp;ssl=1 448w, https:\/\/i0.wp.com\/centrodeolivaryaceite.com\/wp-content\/uploads\/2016\/11\/FEMA039.jpg?resize=300%2C200&amp;ssl=1 300w\" width=\"356\" height=\"238\" loading=\"lazy\" data-original-width=\"356\" data-original-height=\"238\" itemprop=\"http:\/\/schema.org\/image\" title=\"fema039\" alt=\"Br\u00edgida en FEMA\" style=\"width: 356px; height: 238px;\" \/> <\/a> <\/div> <\/div> <!-- close group --> <div class=\"gallery-group images-1\" style=\"width: 360px; height: 242px;\" data-original-width=\"360\" data-original-height=\"242\" > <div class=\"tiled-gallery-item tiled-gallery-item-large\" itemprop=\"associatedMedia\" itemscope itemtype=\"http:\/\/schema.org\/ImageObject\"> <a href=\"https:\/\/centrodeolivaryaceite.com\/es\/olivar-y-aceite-en-la-34-edicion-de-la-feria-de-maquinaria-agricola-de-ubeda\/fema040\/\" border=\"0\" itemprop=\"url\"> <meta itemprop=\"width\" content=\"356\"> <meta itemprop=\"height\" content=\"238\"> <img decoding=\"async\" class=\"\" data-attachment-id=\"5959\" data-orig-file=\"https:\/\/centrodeolivaryaceite.com\/wp-content\/uploads\/2016\/11\/FEMA040.jpg\" data-orig-size=\"448,299\" data-comments-opened=\"1\" data-image-meta=\"{&quot;aperture&quot;:&quot;0&quot;,&quot;credit&quot;:&quot;&quot;,&quot;camera&quot;:&quot;&quot;,&quot;caption&quot;:&quot;&quot;,&quot;created_timestamp&quot;:&quot;0&quot;,&quot;copyright&quot;:&quot;&quot;,&quot;focal_length&quot;:&quot;0&quot;,&quot;iso&quot;:&quot;0&quot;,&quot;shutter_speed&quot;:&quot;0&quot;,&quot;title&quot;:&quot;&quot;,&quot;orientation&quot;:&quot;0&quot;}\" data-image-title=\"fema040\" data-image-description=\"\" data-medium-file=\"https:\/\/i0.wp.com\/centrodeolivaryaceite.com\/wp-content\/uploads\/2016\/11\/FEMA040.jpg?fit=300%2C200&#038;ssl=1\" data-large-file=\"https:\/\/i0.wp.com\/centrodeolivaryaceite.com\/wp-content\/uploads\/2016\/11\/FEMA040.jpg?fit=448%2C299&#038;ssl=1\" src=\"https:\/\/i0.wp.com\/centrodeolivaryaceite.com\/wp-content\/uploads\/2016\/11\/FEMA040.jpg?w=356&#038;h=238&#038;ssl=1\" srcset=\"https:\/\/i0.wp.com\/centrodeolivaryaceite.com\/wp-content\/uploads\/2016\/11\/FEMA040.jpg?w=448&amp;ssl=1 448w, https:\/\/i0.wp.com\/centrodeolivaryaceite.com\/wp-content\/uploads\/2016\/11\/FEMA040.jpg?resize=300%2C200&amp;ssl=1 300w\" width=\"356\" height=\"238\" loading=\"lazy\" data-original-width=\"356\" data-original-height=\"238\" itemprop=\"http:\/\/schema.org\/image\" title=\"fema040\" alt=\"Br\u00edgida Jim\u00e9nez\" style=\"width: 356px; height: 238px;\" \/> <\/a> <\/div> <\/div> <!-- close group --> <\/div> <!-- close row --> <div class=\"gallery-row\" style=\"width: 1080px; height: 482px;\" data-original-width=\"1080\" data-original-height=\"482\" > <div class=\"gallery-group images-2\" style=\"width: 359px; height: 482px;\" data-original-width=\"359\" data-original-height=\"482\" > <div class=\"tiled-gallery-item tiled-gallery-item-large\" itemprop=\"associatedMedia\" itemscope itemtype=\"http:\/\/schema.org\/ImageObject\"> <a href=\"https:\/\/centrodeolivaryaceite.com\/es\/olivar-y-aceite-en-la-34-edicion-de-la-feria-de-maquinaria-agricola-de-ubeda\/fema001\/\" border=\"0\" itemprop=\"url\"> <meta itemprop=\"width\" content=\"355\"> <meta itemprop=\"height\" content=\"237\"> <img decoding=\"async\" class=\"\" data-attachment-id=\"5960\" data-orig-file=\"https:\/\/centrodeolivaryaceite.com\/wp-content\/uploads\/2016\/11\/FEMA001.jpg\" data-orig-size=\"448,299\" data-comments-opened=\"1\" data-image-meta=\"{&quot;aperture&quot;:&quot;0&quot;,&quot;credit&quot;:&quot;&quot;,&quot;camera&quot;:&quot;&quot;,&quot;caption&quot;:&quot;&quot;,&quot;created_timestamp&quot;:&quot;0&quot;,&quot;copyright&quot;:&quot;&quot;,&quot;focal_length&quot;:&quot;0&quot;,&quot;iso&quot;:&quot;0&quot;,&quot;shutter_speed&quot;:&quot;0&quot;,&quot;title&quot;:&quot;&quot;,&quot;orientation&quot;:&quot;0&quot;}\" data-image-title=\"fema001\" data-image-description=\"\" data-medium-file=\"https:\/\/i0.wp.com\/centrodeolivaryaceite.com\/wp-content\/uploads\/2016\/11\/FEMA001.jpg?fit=300%2C200&#038;ssl=1\" data-large-file=\"https:\/\/i0.wp.com\/centrodeolivaryaceite.com\/wp-content\/uploads\/2016\/11\/FEMA001.jpg?fit=448%2C299&#038;ssl=1\" src=\"https:\/\/i0.wp.com\/centrodeolivaryaceite.com\/wp-content\/uploads\/2016\/11\/FEMA001.jpg?w=355&#038;h=237&#038;ssl=1\" srcset=\"https:\/\/i0.wp.com\/centrodeolivaryaceite.com\/wp-content\/uploads\/2016\/11\/FEMA001.jpg?w=448&amp;ssl=1 448w, https:\/\/i0.wp.com\/centrodeolivaryaceite.com\/wp-content\/uploads\/2016\/11\/FEMA001.jpg?resize=300%2C200&amp;ssl=1 300w\" width=\"355\" height=\"237\" loading=\"lazy\" data-original-width=\"355\" data-original-height=\"237\" itemprop=\"http:\/\/schema.org\/image\" title=\"fema001\" alt=\"FEMA 2016\" style=\"width: 355px; height: 237px;\" \/> <\/a> <\/div> <div class=\"tiled-gallery-item tiled-gallery-item-large\" itemprop=\"associatedMedia\" itemscope itemtype=\"http:\/\/schema.org\/ImageObject\"> <a href=\"https:\/\/centrodeolivaryaceite.com\/es\/olivar-y-aceite-en-la-34-edicion-de-la-feria-de-maquinaria-agricola-de-ubeda\/fema002\/\" border=\"0\" itemprop=\"url\"> <meta itemprop=\"width\" content=\"355\"> <meta itemprop=\"height\" content=\"237\"> <img decoding=\"async\" class=\"\" data-attachment-id=\"5961\" data-orig-file=\"https:\/\/centrodeolivaryaceite.com\/wp-content\/uploads\/2016\/11\/FEMA002.jpg\" data-orig-size=\"448,299\" data-comments-opened=\"1\" data-image-meta=\"{&quot;aperture&quot;:&quot;0&quot;,&quot;credit&quot;:&quot;&quot;,&quot;camera&quot;:&quot;&quot;,&quot;caption&quot;:&quot;&quot;,&quot;created_timestamp&quot;:&quot;0&quot;,&quot;copyright&quot;:&quot;&quot;,&quot;focal_length&quot;:&quot;0&quot;,&quot;iso&quot;:&quot;0&quot;,&quot;shutter_speed&quot;:&quot;0&quot;,&quot;title&quot;:&quot;&quot;,&quot;orientation&quot;:&quot;0&quot;}\" data-image-title=\"fema002\" data-image-description=\"\" data-medium-file=\"https:\/\/i0.wp.com\/centrodeolivaryaceite.com\/wp-content\/uploads\/2016\/11\/FEMA002.jpg?fit=300%2C200&#038;ssl=1\" data-large-file=\"https:\/\/i0.wp.com\/centrodeolivaryaceite.com\/wp-content\/uploads\/2016\/11\/FEMA002.jpg?fit=448%2C299&#038;ssl=1\" src=\"https:\/\/i0.wp.com\/centrodeolivaryaceite.com\/wp-content\/uploads\/2016\/11\/FEMA002.jpg?w=355&#038;h=237&#038;ssl=1\" srcset=\"https:\/\/i0.wp.com\/centrodeolivaryaceite.com\/wp-content\/uploads\/2016\/11\/FEMA002.jpg?w=448&amp;ssl=1 448w, https:\/\/i0.wp.com\/centrodeolivaryaceite.com\/wp-content\/uploads\/2016\/11\/FEMA002.jpg?resize=300%2C200&amp;ssl=1 300w\" width=\"355\" height=\"237\" loading=\"lazy\" data-original-width=\"355\" data-original-height=\"237\" itemprop=\"http:\/\/schema.org\/image\" title=\"fema002\" alt=\"Ponencia en FEMA\" style=\"width: 355px; height: 237px;\" \/> <\/a> <\/div> <\/div> <!-- close group --> <div class=\"gallery-group images-1\" style=\"width: 721px; height: 482px;\" data-original-width=\"721\" data-original-height=\"482\" > <div class=\"tiled-gallery-item tiled-gallery-item-large\" itemprop=\"associatedMedia\" itemscope itemtype=\"http:\/\/schema.org\/ImageObject\"> <a href=\"https:\/\/centrodeolivaryaceite.com\/es\/olivar-y-aceite-en-la-34-edicion-de-la-feria-de-maquinaria-agricola-de-ubeda\/fema003\/\" border=\"0\" itemprop=\"url\"> <meta itemprop=\"width\" content=\"717\"> <meta itemprop=\"height\" content=\"478\"> <img decoding=\"async\" class=\"\" data-attachment-id=\"5962\" data-orig-file=\"https:\/\/centrodeolivaryaceite.com\/wp-content\/uploads\/2016\/11\/FEMA003.jpg\" data-orig-size=\"448,299\" data-comments-opened=\"1\" data-image-meta=\"{&quot;aperture&quot;:&quot;0&quot;,&quot;credit&quot;:&quot;&quot;,&quot;camera&quot;:&quot;&quot;,&quot;caption&quot;:&quot;&quot;,&quot;created_timestamp&quot;:&quot;0&quot;,&quot;copyright&quot;:&quot;&quot;,&quot;focal_length&quot;:&quot;0&quot;,&quot;iso&quot;:&quot;0&quot;,&quot;shutter_speed&quot;:&quot;0&quot;,&quot;title&quot;:&quot;&quot;,&quot;orientation&quot;:&quot;0&quot;}\" data-image-title=\"fema003\" data-image-description=\"\" data-medium-file=\"https:\/\/i0.wp.com\/centrodeolivaryaceite.com\/wp-content\/uploads\/2016\/11\/FEMA003.jpg?fit=300%2C200&#038;ssl=1\" data-large-file=\"https:\/\/i0.wp.com\/centrodeolivaryaceite.com\/wp-content\/uploads\/2016\/11\/FEMA003.jpg?fit=448%2C299&#038;ssl=1\" src=\"https:\/\/i0.wp.com\/centrodeolivaryaceite.com\/wp-content\/uploads\/2016\/11\/FEMA003.jpg?w=717&#038;h=478&#038;ssl=1\" srcset=\"https:\/\/i0.wp.com\/centrodeolivaryaceite.com\/wp-content\/uploads\/2016\/11\/FEMA003.jpg?w=448&amp;ssl=1 448w, https:\/\/i0.wp.com\/centrodeolivaryaceite.com\/wp-content\/uploads\/2016\/11\/FEMA003.jpg?resize=300%2C200&amp;ssl=1 300w\" width=\"717\" height=\"478\" loading=\"lazy\" data-original-width=\"717\" data-original-height=\"478\" itemprop=\"http:\/\/schema.org\/image\" title=\"fema003\" alt=\"Conferencia en FEMA 2016\" style=\"width: 717px; height: 478px;\" \/> <\/a> <\/div> <\/div> <!-- close group --> <\/div> <!-- close row --> <div class=\"gallery-row\" style=\"width: 1080px; height: 362px;\" data-original-width=\"1080\" data-original-height=\"362\" > <div class=\"gallery-group images-1\" style=\"width: 540px; height: 362px;\" data-original-width=\"540\" data-original-height=\"362\" > <div class=\"tiled-gallery-item tiled-gallery-item-large\" itemprop=\"associatedMedia\" itemscope itemtype=\"http:\/\/schema.org\/ImageObject\"> <a href=\"https:\/\/centrodeolivaryaceite.com\/es\/olivar-y-aceite-en-la-34-edicion-de-la-feria-de-maquinaria-agricola-de-ubeda\/fema004\/\" border=\"0\" itemprop=\"url\"> <meta itemprop=\"width\" content=\"536\"> <meta itemprop=\"height\" content=\"358\"> <img decoding=\"async\" class=\"\" data-attachment-id=\"5963\" data-orig-file=\"https:\/\/centrodeolivaryaceite.com\/wp-content\/uploads\/2016\/11\/FEMA004.jpg\" data-orig-size=\"448,299\" data-comments-opened=\"1\" data-image-meta=\"{&quot;aperture&quot;:&quot;0&quot;,&quot;credit&quot;:&quot;&quot;,&quot;camera&quot;:&quot;&quot;,&quot;caption&quot;:&quot;&quot;,&quot;created_timestamp&quot;:&quot;0&quot;,&quot;copyright&quot;:&quot;&quot;,&quot;focal_length&quot;:&quot;0&quot;,&quot;iso&quot;:&quot;0&quot;,&quot;shutter_speed&quot;:&quot;0&quot;,&quot;title&quot;:&quot;&quot;,&quot;orientation&quot;:&quot;0&quot;}\" data-image-title=\"fema004\" data-image-description=\"\" data-medium-file=\"https:\/\/i0.wp.com\/centrodeolivaryaceite.com\/wp-content\/uploads\/2016\/11\/FEMA004.jpg?fit=300%2C200&#038;ssl=1\" data-large-file=\"https:\/\/i0.wp.com\/centrodeolivaryaceite.com\/wp-content\/uploads\/2016\/11\/FEMA004.jpg?fit=448%2C299&#038;ssl=1\" src=\"https:\/\/i0.wp.com\/centrodeolivaryaceite.com\/wp-content\/uploads\/2016\/11\/FEMA004.jpg?w=536&#038;h=358&#038;ssl=1\" srcset=\"https:\/\/i0.wp.com\/centrodeolivaryaceite.com\/wp-content\/uploads\/2016\/11\/FEMA004.jpg?w=448&amp;ssl=1 448w, https:\/\/i0.wp.com\/centrodeolivaryaceite.com\/wp-content\/uploads\/2016\/11\/FEMA004.jpg?resize=300%2C200&amp;ssl=1 300w\" width=\"536\" height=\"358\" loading=\"lazy\" data-original-width=\"536\" data-original-height=\"358\" itemprop=\"http:\/\/schema.org\/image\" title=\"fema004\" alt=\"Ponencia en FEMA 2016\" style=\"width: 536px; height: 358px;\" \/> <\/a> <\/div> <\/div> <!-- close group --> <div class=\"gallery-group images-1\" style=\"width: 540px; height: 362px;\" data-original-width=\"540\" data-original-height=\"362\" > <div class=\"tiled-gallery-item tiled-gallery-item-large\" itemprop=\"associatedMedia\" itemscope itemtype=\"http:\/\/schema.org\/ImageObject\"> <a href=\"https:\/\/centrodeolivaryaceite.com\/es\/olivar-y-aceite-en-la-34-edicion-de-la-feria-de-maquinaria-agricola-de-ubeda\/fema005\/\" border=\"0\" itemprop=\"url\"> <meta itemprop=\"width\" content=\"536\"> <meta itemprop=\"height\" content=\"358\"> <img decoding=\"async\" class=\"\" data-attachment-id=\"5964\" data-orig-file=\"https:\/\/centrodeolivaryaceite.com\/wp-content\/uploads\/2016\/11\/FEMA005.jpg\" data-orig-size=\"448,299\" data-comments-opened=\"1\" data-image-meta=\"{&quot;aperture&quot;:&quot;0&quot;,&quot;credit&quot;:&quot;&quot;,&quot;camera&quot;:&quot;&quot;,&quot;caption&quot;:&quot;&quot;,&quot;created_timestamp&quot;:&quot;0&quot;,&quot;copyright&quot;:&quot;&quot;,&quot;focal_length&quot;:&quot;0&quot;,&quot;iso&quot;:&quot;0&quot;,&quot;shutter_speed&quot;:&quot;0&quot;,&quot;title&quot;:&quot;&quot;,&quot;orientation&quot;:&quot;0&quot;}\" data-image-title=\"fema005\" data-image-description=\"\" data-medium-file=\"https:\/\/i0.wp.com\/centrodeolivaryaceite.com\/wp-content\/uploads\/2016\/11\/FEMA005.jpg?fit=300%2C200&#038;ssl=1\" data-large-file=\"https:\/\/i0.wp.com\/centrodeolivaryaceite.com\/wp-content\/uploads\/2016\/11\/FEMA005.jpg?fit=448%2C299&#038;ssl=1\" src=\"https:\/\/i0.wp.com\/centrodeolivaryaceite.com\/wp-content\/uploads\/2016\/11\/FEMA005.jpg?w=536&#038;h=358&#038;ssl=1\" srcset=\"https:\/\/i0.wp.com\/centrodeolivaryaceite.com\/wp-content\/uploads\/2016\/11\/FEMA005.jpg?w=448&amp;ssl=1 448w, https:\/\/i0.wp.com\/centrodeolivaryaceite.com\/wp-content\/uploads\/2016\/11\/FEMA005.jpg?resize=300%2C200&amp;ssl=1 300w\" width=\"536\" height=\"358\" loading=\"lazy\" data-original-width=\"536\" data-original-height=\"358\" itemprop=\"http:\/\/schema.org\/image\" title=\"fema005\" alt=\"Pagos de Toral\" style=\"width: 536px; height: 358px;\" \/> <\/a> <\/div> <\/div> <!-- close group --> <\/div> <!-- close row --> <div class=\"gallery-row\" style=\"width: 1080px; height: 482px;\" data-original-width=\"1080\" data-original-height=\"482\" > <div class=\"gallery-group images-1\" style=\"width: 721px; height: 482px;\" data-original-width=\"721\" data-original-height=\"482\" > <div class=\"tiled-gallery-item tiled-gallery-item-large\" itemprop=\"associatedMedia\" itemscope itemtype=\"http:\/\/schema.org\/ImageObject\"> <a href=\"https:\/\/centrodeolivaryaceite.com\/es\/olivar-y-aceite-en-la-34-edicion-de-la-feria-de-maquinaria-agricola-de-ubeda\/fema006\/\" border=\"0\" itemprop=\"url\"> <meta itemprop=\"width\" content=\"717\"> <meta itemprop=\"height\" content=\"478\"> <img decoding=\"async\" class=\"\" data-attachment-id=\"5965\" data-orig-file=\"https:\/\/centrodeolivaryaceite.com\/wp-content\/uploads\/2016\/11\/FEMA006.jpg\" data-orig-size=\"448,299\" data-comments-opened=\"1\" data-image-meta=\"{&quot;aperture&quot;:&quot;0&quot;,&quot;credit&quot;:&quot;&quot;,&quot;camera&quot;:&quot;&quot;,&quot;caption&quot;:&quot;&quot;,&quot;created_timestamp&quot;:&quot;0&quot;,&quot;copyright&quot;:&quot;&quot;,&quot;focal_length&quot;:&quot;0&quot;,&quot;iso&quot;:&quot;0&quot;,&quot;shutter_speed&quot;:&quot;0&quot;,&quot;title&quot;:&quot;&quot;,&quot;orientation&quot;:&quot;0&quot;}\" data-image-title=\"fema006\" data-image-description=\"\" data-medium-file=\"https:\/\/i0.wp.com\/centrodeolivaryaceite.com\/wp-content\/uploads\/2016\/11\/FEMA006.jpg?fit=300%2C200&#038;ssl=1\" data-large-file=\"https:\/\/i0.wp.com\/centrodeolivaryaceite.com\/wp-content\/uploads\/2016\/11\/FEMA006.jpg?fit=448%2C299&#038;ssl=1\" src=\"https:\/\/i0.wp.com\/centrodeolivaryaceite.com\/wp-content\/uploads\/2016\/11\/FEMA006.jpg?w=717&#038;h=478&#038;ssl=1\" srcset=\"https:\/\/i0.wp.com\/centrodeolivaryaceite.com\/wp-content\/uploads\/2016\/11\/FEMA006.jpg?w=448&amp;ssl=1 448w, https:\/\/i0.wp.com\/centrodeolivaryaceite.com\/wp-content\/uploads\/2016\/11\/FEMA006.jpg?resize=300%2C200&amp;ssl=1 300w\" width=\"717\" height=\"478\" loading=\"lazy\" data-original-width=\"717\" data-original-height=\"478\" itemprop=\"http:\/\/schema.org\/image\" title=\"fema006\" alt=\"Cortijo Spiritu Santo\" style=\"width: 717px; height: 478px;\" \/> <\/a> <\/div> <\/div> <!-- close group --> <div class=\"gallery-group images-2\" style=\"width: 359px; height: 482px;\" data-original-width=\"359\" data-original-height=\"482\" > <div class=\"tiled-gallery-item tiled-gallery-item-large\" itemprop=\"associatedMedia\" itemscope itemtype=\"http:\/\/schema.org\/ImageObject\"> <a href=\"https:\/\/centrodeolivaryaceite.com\/es\/olivar-y-aceite-en-la-34-edicion-de-la-feria-de-maquinaria-agricola-de-ubeda\/fema007\/\" border=\"0\" itemprop=\"url\"> <meta itemprop=\"width\" content=\"355\"> <meta itemprop=\"height\" content=\"237\"> <img decoding=\"async\" class=\"\" data-attachment-id=\"5966\" data-orig-file=\"https:\/\/centrodeolivaryaceite.com\/wp-content\/uploads\/2016\/11\/FEMA007.jpg\" data-orig-size=\"448,299\" data-comments-opened=\"1\" data-image-meta=\"{&quot;aperture&quot;:&quot;0&quot;,&quot;credit&quot;:&quot;&quot;,&quot;camera&quot;:&quot;&quot;,&quot;caption&quot;:&quot;&quot;,&quot;created_timestamp&quot;:&quot;0&quot;,&quot;copyright&quot;:&quot;&quot;,&quot;focal_length&quot;:&quot;0&quot;,&quot;iso&quot;:&quot;0&quot;,&quot;shutter_speed&quot;:&quot;0&quot;,&quot;title&quot;:&quot;&quot;,&quot;orientation&quot;:&quot;0&quot;}\" data-image-title=\"fema007\" data-image-description=\"\" data-medium-file=\"https:\/\/i0.wp.com\/centrodeolivaryaceite.com\/wp-content\/uploads\/2016\/11\/FEMA007.jpg?fit=300%2C200&#038;ssl=1\" data-large-file=\"https:\/\/i0.wp.com\/centrodeolivaryaceite.com\/wp-content\/uploads\/2016\/11\/FEMA007.jpg?fit=448%2C299&#038;ssl=1\" src=\"https:\/\/i0.wp.com\/centrodeolivaryaceite.com\/wp-content\/uploads\/2016\/11\/FEMA007.jpg?w=355&#038;h=237&#038;ssl=1\" srcset=\"https:\/\/i0.wp.com\/centrodeolivaryaceite.com\/wp-content\/uploads\/2016\/11\/FEMA007.jpg?w=448&amp;ssl=1 448w, https:\/\/i0.wp.com\/centrodeolivaryaceite.com\/wp-content\/uploads\/2016\/11\/FEMA007.jpg?resize=300%2C200&amp;ssl=1 300w\" width=\"355\" height=\"237\" loading=\"lazy\" data-original-width=\"355\" data-original-height=\"237\" itemprop=\"http:\/\/schema.org\/image\" title=\"fema007\" alt=\"Cortijo la Torre\" style=\"width: 355px; height: 237px;\" \/> <\/a> <\/div> <div class=\"tiled-gallery-item tiled-gallery-item-large\" itemprop=\"associatedMedia\" itemscope itemtype=\"http:\/\/schema.org\/ImageObject\"> <a href=\"https:\/\/centrodeolivaryaceite.com\/es\/olivar-y-aceite-en-la-34-edicion-de-la-feria-de-maquinaria-agricola-de-ubeda\/fema008\/\" border=\"0\" itemprop=\"url\"> <meta itemprop=\"width\" content=\"355\"> <meta itemprop=\"height\" content=\"237\"> <img decoding=\"async\" class=\"\" data-attachment-id=\"5967\" data-orig-file=\"https:\/\/centrodeolivaryaceite.com\/wp-content\/uploads\/2016\/11\/FEMA008.jpg\" data-orig-size=\"448,299\" data-comments-opened=\"1\" data-image-meta=\"{&quot;aperture&quot;:&quot;0&quot;,&quot;credit&quot;:&quot;&quot;,&quot;camera&quot;:&quot;&quot;,&quot;caption&quot;:&quot;&quot;,&quot;created_timestamp&quot;:&quot;0&quot;,&quot;copyright&quot;:&quot;&quot;,&quot;focal_length&quot;:&quot;0&quot;,&quot;iso&quot;:&quot;0&quot;,&quot;shutter_speed&quot;:&quot;0&quot;,&quot;title&quot;:&quot;&quot;,&quot;orientation&quot;:&quot;0&quot;}\" data-image-title=\"fema008\" data-image-description=\"\" data-medium-file=\"https:\/\/i0.wp.com\/centrodeolivaryaceite.com\/wp-content\/uploads\/2016\/11\/FEMA008.jpg?fit=300%2C200&#038;ssl=1\" data-large-file=\"https:\/\/i0.wp.com\/centrodeolivaryaceite.com\/wp-content\/uploads\/2016\/11\/FEMA008.jpg?fit=448%2C299&#038;ssl=1\" src=\"https:\/\/i0.wp.com\/centrodeolivaryaceite.com\/wp-content\/uploads\/2016\/11\/FEMA008.jpg?w=355&#038;h=237&#038;ssl=1\" srcset=\"https:\/\/i0.wp.com\/centrodeolivaryaceite.com\/wp-content\/uploads\/2016\/11\/FEMA008.jpg?w=448&amp;ssl=1 448w, https:\/\/i0.wp.com\/centrodeolivaryaceite.com\/wp-content\/uploads\/2016\/11\/FEMA008.jpg?resize=300%2C200&amp;ssl=1 300w\" width=\"355\" height=\"237\" loading=\"lazy\" data-original-width=\"355\" data-original-height=\"237\" itemprop=\"http:\/\/schema.org\/image\" title=\"fema008\" alt=\"Cortijo la Torre\" style=\"width: 355px; height: 237px;\" \/> <\/a> <\/div> <\/div> <!-- close group --> <\/div> <!-- close row --> <div class=\"gallery-row\" style=\"width: 1080px; height: 182px;\" data-original-width=\"1080\" data-original-height=\"182\" > <div class=\"gallery-group images-1\" style=\"width: 270px; height: 182px;\" data-original-width=\"270\" data-original-height=\"182\" > <div class=\"tiled-gallery-item tiled-gallery-item-large\" itemprop=\"associatedMedia\" itemscope itemtype=\"http:\/\/schema.org\/ImageObject\"> <a href=\"https:\/\/centrodeolivaryaceite.com\/es\/olivar-y-aceite-en-la-34-edicion-de-la-feria-de-maquinaria-agricola-de-ubeda\/fema009\/\" border=\"0\" itemprop=\"url\"> <meta itemprop=\"width\" content=\"266\"> <meta itemprop=\"height\" content=\"178\"> <img decoding=\"async\" class=\"\" data-attachment-id=\"5968\" data-orig-file=\"https:\/\/centrodeolivaryaceite.com\/wp-content\/uploads\/2016\/11\/FEMA009.jpg\" data-orig-size=\"448,299\" data-comments-opened=\"1\" data-image-meta=\"{&quot;aperture&quot;:&quot;0&quot;,&quot;credit&quot;:&quot;&quot;,&quot;camera&quot;:&quot;&quot;,&quot;caption&quot;:&quot;&quot;,&quot;created_timestamp&quot;:&quot;0&quot;,&quot;copyright&quot;:&quot;&quot;,&quot;focal_length&quot;:&quot;0&quot;,&quot;iso&quot;:&quot;0&quot;,&quot;shutter_speed&quot;:&quot;0&quot;,&quot;title&quot;:&quot;&quot;,&quot;orientation&quot;:&quot;0&quot;}\" data-image-title=\"fema009\" data-image-description=\"\" data-medium-file=\"https:\/\/i0.wp.com\/centrodeolivaryaceite.com\/wp-content\/uploads\/2016\/11\/FEMA009.jpg?fit=300%2C200&#038;ssl=1\" data-large-file=\"https:\/\/i0.wp.com\/centrodeolivaryaceite.com\/wp-content\/uploads\/2016\/11\/FEMA009.jpg?fit=448%2C299&#038;ssl=1\" src=\"https:\/\/i0.wp.com\/centrodeolivaryaceite.com\/wp-content\/uploads\/2016\/11\/FEMA009.jpg?w=266&#038;h=178&#038;ssl=1\" srcset=\"https:\/\/i0.wp.com\/centrodeolivaryaceite.com\/wp-content\/uploads\/2016\/11\/FEMA009.jpg?w=448&amp;ssl=1 448w, https:\/\/i0.wp.com\/centrodeolivaryaceite.com\/wp-content\/uploads\/2016\/11\/FEMA009.jpg?resize=300%2C200&amp;ssl=1 300w\" width=\"266\" height=\"178\" loading=\"lazy\" data-original-width=\"266\" data-original-height=\"178\" itemprop=\"http:\/\/schema.org\/image\" title=\"fema009\" alt=\"Claramunt\" style=\"width: 266px; height: 178px;\" \/> <\/a> <\/div> <\/div> <!-- close group --> <div class=\"gallery-group images-1\" style=\"width: 270px; height: 182px;\" data-original-width=\"270\" data-original-height=\"182\" > <div class=\"tiled-gallery-item tiled-gallery-item-large\" itemprop=\"associatedMedia\" itemscope itemtype=\"http:\/\/schema.org\/ImageObject\"> <a href=\"https:\/\/centrodeolivaryaceite.com\/es\/olivar-y-aceite-en-la-34-edicion-de-la-feria-de-maquinaria-agricola-de-ubeda\/fema010\/\" border=\"0\" itemprop=\"url\"> <meta itemprop=\"width\" content=\"266\"> <meta itemprop=\"height\" content=\"178\"> <img decoding=\"async\" class=\"\" data-attachment-id=\"5969\" data-orig-file=\"https:\/\/centrodeolivaryaceite.com\/wp-content\/uploads\/2016\/11\/FEMA010.jpg\" data-orig-size=\"448,299\" data-comments-opened=\"1\" data-image-meta=\"{&quot;aperture&quot;:&quot;0&quot;,&quot;credit&quot;:&quot;&quot;,&quot;camera&quot;:&quot;&quot;,&quot;caption&quot;:&quot;&quot;,&quot;created_timestamp&quot;:&quot;0&quot;,&quot;copyright&quot;:&quot;&quot;,&quot;focal_length&quot;:&quot;0&quot;,&quot;iso&quot;:&quot;0&quot;,&quot;shutter_speed&quot;:&quot;0&quot;,&quot;title&quot;:&quot;&quot;,&quot;orientation&quot;:&quot;0&quot;}\" data-image-title=\"fema010\" data-image-description=\"\" data-medium-file=\"https:\/\/i0.wp.com\/centrodeolivaryaceite.com\/wp-content\/uploads\/2016\/11\/FEMA010.jpg?fit=300%2C200&#038;ssl=1\" data-large-file=\"https:\/\/i0.wp.com\/centrodeolivaryaceite.com\/wp-content\/uploads\/2016\/11\/FEMA010.jpg?fit=448%2C299&#038;ssl=1\" src=\"https:\/\/i0.wp.com\/centrodeolivaryaceite.com\/wp-content\/uploads\/2016\/11\/FEMA010.jpg?w=266&#038;h=178&#038;ssl=1\" srcset=\"https:\/\/i0.wp.com\/centrodeolivaryaceite.com\/wp-content\/uploads\/2016\/11\/FEMA010.jpg?w=448&amp;ssl=1 448w, https:\/\/i0.wp.com\/centrodeolivaryaceite.com\/wp-content\/uploads\/2016\/11\/FEMA010.jpg?resize=300%2C200&amp;ssl=1 300w\" width=\"266\" height=\"178\" loading=\"lazy\" data-original-width=\"266\" data-original-height=\"178\" itemprop=\"http:\/\/schema.org\/image\" title=\"fema010\" alt=\"Ole\u00edcola Ja\u00e9n\" style=\"width: 266px; height: 178px;\" \/> <\/a> <\/div> <\/div> <!-- close group --> <div class=\"gallery-group images-1\" style=\"width: 270px; height: 182px;\" data-original-width=\"270\" data-original-height=\"182\" > <div class=\"tiled-gallery-item tiled-gallery-item-large\" itemprop=\"associatedMedia\" itemscope itemtype=\"http:\/\/schema.org\/ImageObject\"> <a href=\"https:\/\/centrodeolivaryaceite.com\/es\/olivar-y-aceite-en-la-34-edicion-de-la-feria-de-maquinaria-agricola-de-ubeda\/fema011\/\" border=\"0\" itemprop=\"url\"> <meta itemprop=\"width\" content=\"266\"> <meta itemprop=\"height\" content=\"178\"> <img decoding=\"async\" class=\"\" data-attachment-id=\"5970\" data-orig-file=\"https:\/\/centrodeolivaryaceite.com\/wp-content\/uploads\/2016\/11\/FEMA011.jpg\" data-orig-size=\"448,299\" data-comments-opened=\"1\" data-image-meta=\"{&quot;aperture&quot;:&quot;0&quot;,&quot;credit&quot;:&quot;&quot;,&quot;camera&quot;:&quot;&quot;,&quot;caption&quot;:&quot;&quot;,&quot;created_timestamp&quot;:&quot;0&quot;,&quot;copyright&quot;:&quot;&quot;,&quot;focal_length&quot;:&quot;0&quot;,&quot;iso&quot;:&quot;0&quot;,&quot;shutter_speed&quot;:&quot;0&quot;,&quot;title&quot;:&quot;&quot;,&quot;orientation&quot;:&quot;0&quot;}\" data-image-title=\"fema011\" data-image-description=\"\" data-medium-file=\"https:\/\/i0.wp.com\/centrodeolivaryaceite.com\/wp-content\/uploads\/2016\/11\/FEMA011.jpg?fit=300%2C200&#038;ssl=1\" data-large-file=\"https:\/\/i0.wp.com\/centrodeolivaryaceite.com\/wp-content\/uploads\/2016\/11\/FEMA011.jpg?fit=448%2C299&#038;ssl=1\" src=\"https:\/\/i0.wp.com\/centrodeolivaryaceite.com\/wp-content\/uploads\/2016\/11\/FEMA011.jpg?w=266&#038;h=178&#038;ssl=1\" srcset=\"https:\/\/i0.wp.com\/centrodeolivaryaceite.com\/wp-content\/uploads\/2016\/11\/FEMA011.jpg?w=448&amp;ssl=1 448w, https:\/\/i0.wp.com\/centrodeolivaryaceite.com\/wp-content\/uploads\/2016\/11\/FEMA011.jpg?resize=300%2C200&amp;ssl=1 300w\" width=\"266\" height=\"178\" loading=\"lazy\" data-original-width=\"266\" data-original-height=\"178\" itemprop=\"http:\/\/schema.org\/image\" title=\"fema011\" alt=\"Picualia\" style=\"width: 266px; height: 178px;\" \/> <\/a> <\/div> <\/div> <!-- close group --> <div class=\"gallery-group images-1\" style=\"width: 270px; height: 182px;\" data-original-width=\"270\" data-original-height=\"182\" > <div class=\"tiled-gallery-item tiled-gallery-item-large\" itemprop=\"associatedMedia\" itemscope itemtype=\"http:\/\/schema.org\/ImageObject\"> <a href=\"https:\/\/centrodeolivaryaceite.com\/es\/olivar-y-aceite-en-la-34-edicion-de-la-feria-de-maquinaria-agricola-de-ubeda\/fema012\/\" border=\"0\" itemprop=\"url\"> <meta itemprop=\"width\" content=\"266\"> <meta itemprop=\"height\" content=\"178\"> <img decoding=\"async\" class=\"\" data-attachment-id=\"5971\" data-orig-file=\"https:\/\/centrodeolivaryaceite.com\/wp-content\/uploads\/2016\/11\/FEMA012.jpg\" data-orig-size=\"448,299\" data-comments-opened=\"1\" data-image-meta=\"{&quot;aperture&quot;:&quot;0&quot;,&quot;credit&quot;:&quot;&quot;,&quot;camera&quot;:&quot;&quot;,&quot;caption&quot;:&quot;&quot;,&quot;created_timestamp&quot;:&quot;0&quot;,&quot;copyright&quot;:&quot;&quot;,&quot;focal_length&quot;:&quot;0&quot;,&quot;iso&quot;:&quot;0&quot;,&quot;shutter_speed&quot;:&quot;0&quot;,&quot;title&quot;:&quot;&quot;,&quot;orientation&quot;:&quot;0&quot;}\" data-image-title=\"fema012\" data-image-description=\"\" data-medium-file=\"https:\/\/i0.wp.com\/centrodeolivaryaceite.com\/wp-content\/uploads\/2016\/11\/FEMA012.jpg?fit=300%2C200&#038;ssl=1\" data-large-file=\"https:\/\/i0.wp.com\/centrodeolivaryaceite.com\/wp-content\/uploads\/2016\/11\/FEMA012.jpg?fit=448%2C299&#038;ssl=1\" src=\"https:\/\/i0.wp.com\/centrodeolivaryaceite.com\/wp-content\/uploads\/2016\/11\/FEMA012.jpg?w=266&#038;h=178&#038;ssl=1\" srcset=\"https:\/\/i0.wp.com\/centrodeolivaryaceite.com\/wp-content\/uploads\/2016\/11\/FEMA012.jpg?w=448&amp;ssl=1 448w, https:\/\/i0.wp.com\/centrodeolivaryaceite.com\/wp-content\/uploads\/2016\/11\/FEMA012.jpg?resize=300%2C200&amp;ssl=1 300w\" width=\"266\" height=\"178\" loading=\"lazy\" data-original-width=\"266\" data-original-height=\"178\" itemprop=\"http:\/\/schema.org\/image\" title=\"fema012\" alt=\"Feria de Maquinaria\" style=\"width: 266px; height: 178px;\" \/> <\/a> <\/div> <\/div> <!-- close group --> <\/div> <!-- close row --> <\/div><br \/>\n[\/et_pb_text][et_pb_comments admin_label=\u00bbComentarios\u00bb _builder_version=\u00bb4.16&#8243; use_border_color=\u00bboff\u00bb border_color=\u00bb#ffffff\u00bb border_style=\u00bbsolid\u00bb button_letter_spacing_hover=\u00bb0&#8243; global_colors_info=\u00bb{}\u00bb button_text_size__hover_enabled=\u00bboff\u00bb button_one_text_size__hover_enabled=\u00bboff\u00bb button_two_text_size__hover_enabled=\u00bboff\u00bb button_text_color__hover_enabled=\u00bboff\u00bb button_one_text_color__hover_enabled=\u00bboff\u00bb button_two_text_color__hover_enabled=\u00bboff\u00bb button_border_width__hover_enabled=\u00bboff\u00bb button_one_border_width__hover_enabled=\u00bboff\u00bb button_two_border_width__hover_enabled=\u00bboff\u00bb button_border_color__hover_enabled=\u00bboff\u00bb button_one_border_color__hover_enabled=\u00bboff\u00bb button_two_border_color__hover_enabled=\u00bboff\u00bb button_border_radius__hover_enabled=\u00bboff\u00bb button_one_border_radius__hover_enabled=\u00bboff\u00bb button_two_border_radius__hover_enabled=\u00bboff\u00bb button_letter_spacing__hover_enabled=\u00bbon\u00bb button_letter_spacing__hover=\u00bb0&#8243; button_one_letter_spacing__hover_enabled=\u00bboff\u00bb button_two_letter_spacing__hover_enabled=\u00bboff\u00bb button_bg_color__hover_enabled=\u00bboff\u00bb button_one_bg_color__hover_enabled=\u00bboff\u00bb button_two_bg_color__hover_enabled=\u00bboff\u00bb] [\/et_pb_comments][\/et_pb_column_inner][\/et_pb_row_inner][\/et_pb_column][et_pb_column type=\u00bb1_3&#8243; _builder_version=\u00bb4.16&#8243; custom_padding=\u00bb|||\u00bb global_colors_info=\u00bb{}\u00bb custom_padding__hover=\u00bb|||\u00bb][et_pb_sidebar orientation=\u00bbright\u00bb area=\u00bbsidebar-1&#8243; admin_label=\u00bbBarra lateral\u00bb _builder_version=\u00bb4.16&#8243; remove_border=\u00bboff\u00bb global_colors_info=\u00bb{}\u00bb] [\/et_pb_sidebar][\/et_pb_column][\/et_pb_section][et_pb_section fb_built=\u00bb1&#8243; custom_padding_last_edited=\u00bbon|desktop\u00bb disabled_on=\u00bbon|on|on\u00bb admin_label=\u00bbSecci\u00f3n\u00bb _builder_version=\u00bb3.0.92&#8243; background_color=\u00bb#dedacf\u00bb custom_padding_tablet=\u00bb50px|0|50px|0&#8243; transparent_background=\u00bboff\u00bb padding_mobile=\u00bboff\u00bb make_fullwidth=\u00bboff\u00bb use_custom_width=\u00bboff\u00bb width_unit=\u00bbon\u00bb disabled=\u00bbon\u00bb global_module=\u00bb5116&#8243; collapsed=\u00bboff\u00bb global_colors_info=\u00bb{}\u00bb custom_padding_phone=\u00bb50px|0|50px|0&#8243;][et_pb_row _builder_version=\u00bb4.16&#8243; global_colors_info=\u00bb{}\u00bb][et_pb_column type=\u00bb4_4&#8243; _builder_version=\u00bb4.16&#8243; custom_padding=\u00bb|||\u00bb global_colors_info=\u00bb{}\u00bb custom_padding__hover=\u00bb|||\u00bb][\/et_pb_column][\/et_pb_row][\/et_pb_section][et_pb_section fb_built=\u00bb1&#8243; custom_padding_last_edited=\u00bbon|desktop\u00bb admin_label=\u00bbSecci\u00f3n\u00bb _builder_version=\u00bb3.22&#8243; background_color=\u00bb#ffffff\u00bb custom_padding=\u00bb10px||0px|\u00bb custom_padding_tablet=\u00bb50px|0|50px|0&#8243; transparent_background=\u00bboff\u00bb padding_mobile=\u00bboff\u00bb make_fullwidth=\u00bboff\u00bb use_custom_width=\u00bboff\u00bb width_unit=\u00bbon\u00bb global_module=\u00bb5115&#8243; collapsed=\u00bboff\u00bb global_colors_info=\u00bb{}\u00bb custom_padding_phone=\u00bb50px|0|50px|0&#8243;][et_pb_row padding_mobile=\u00bboff\u00bb column_padding_mobile=\u00bbon\u00bb _builder_version=\u00bb4.16&#8243; background_size=\u00bbinitial\u00bb background_position=\u00bbtop_left\u00bb background_repeat=\u00bbrepeat\u00bb max_width=\u00bb1080px\u00bb custom_padding=\u00bb0px||0px|\u00bb make_fullwidth=\u00bboff\u00bb use_custom_width=\u00bboff\u00bb width_unit=\u00bbon\u00bb global_colors_info=\u00bb{}\u00bb][\/et_pb_row][\/et_pb_section]<\/p>\n","protected":false},"excerpt":{"rendered":"<p>El Centro de Interpretaci\u00f3n \u201cOlivar y Aceite\u201d ha estado presente por partida doble en la trig\u00e9simo cuarta edici\u00f3n de la Feria de Maquinaria Agr\u00edcola, desarrollada del 15 al 18 de septiembre en el recinto ferial, ya que como expres\u00f3 su presidente, Javier G\u00e1mez, \u201cdesde que el centro abriera sus puertas hace algo m\u00e1s de tres [&hellip;]<\/p>\n","protected":false},"author":1,"featured_media":5945,"comment_status":"open","ping_status":"open","sticky":false,"template":"","format":"standard","meta":{"_et_pb_use_builder":"on","_et_pb_old_content":"","_et_gb_content_width":"","_jetpack_memberships_contains_paid_content":false,"footnotes":""},"categories":[1],"tags":[],"class_list":["post-5930","post","type-post","status-publish","format-standard","has-post-thumbnail","hentry","category-general"],"jetpack_featured_media_url":"https:\/\/i0.wp.com\/centrodeolivaryaceite.com\/wp-content\/uploads\/2016\/11\/FEMA026.jpg?fit=448%2C299&ssl=1","jetpack_sharing_enabled":true,"jetpack_shortlink":"https:\/\/wp.me\/p95A9q-1xE","_links":{"self":[{"href":"https:\/\/centrodeolivaryaceite.com\/es\/wp-json\/wp\/v2\/posts\/5930\/"}],"collection":[{"href":"https:\/\/centrodeolivaryaceite.com\/es\/wp-json\/wp\/v2\/posts\/"}],"about":[{"href":"https:\/\/centrodeolivaryaceite.com\/es\/wp-json\/wp\/v2\/types\/post\/"}],"author":[{"embeddable":true,"href":"https:\/\/centrodeolivaryaceite.com\/es\/wp-json\/wp\/v2\/users\/1\/"}],"replies":[{"embeddable":true,"href":"https:\/\/centrodeolivaryaceite.com\/es\/wp-json\/wp\/v2\/comments\/?post=5930"}],"version-history":[{"count":0,"href":"https:\/\/centrodeolivaryaceite.com\/es\/wp-json\/wp\/v2\/posts\/5930\/revisions\/"}],"wp:featuredmedia":[{"embeddable":true,"href":"https:\/\/centrodeolivaryaceite.com\/es\/wp-json\/wp\/v2\/media\/5945\/"}],"wp:attachment":[{"href":"https:\/\/centrodeolivaryaceite.com\/es\/wp-json\/wp\/v2\/media\/?parent=5930"}],"wp:term":[{"taxonomy":"category","embeddable":true,"href":"https:\/\/centrodeolivaryaceite.com\/es\/wp-json\/wp\/v2\/categories\/?post=5930"},{"taxonomy":"post_tag","embeddable":true,"href":"https:\/\/centrodeolivaryaceite.com\/es\/wp-json\/wp\/v2\/tags\/?post=5930"}],"curies":[{"name":"wp","href":"https:\/\/api.w.org\/{rel}","templated":true}]}}