{"id":5973,"date":"2016-10-26T10:37:53","date_gmt":"2016-10-26T10:37:53","guid":{"rendered":"http:\/\/centrodeolivaryaceitelaloma.com\/?p=5973"},"modified":"2022-07-31T17:17:48","modified_gmt":"2022-07-31T17:17:48","slug":"las-legumbres-con-manuela-monsalve","status":"publish","type":"post","link":"https:\/\/centrodeolivaryaceite.com\/es\/las-legumbres-con-manuela-monsalve\/","title":{"rendered":"LAS LEGUMBRES CON MANUELA MONSALVE"},"content":{"rendered":"<p>[et_pb_section fb_built=\u00bb1&#8243; fullwidth=\u00bbon\u00bb custom_padding_last_edited=\u00bbon|desktop\u00bb admin_label=\u00bbSecci\u00f3n\u00bb _builder_version=\u00bb3.22&#8243; background_color=\u00bb#ffffff\u00bb background_image=\u00bbhttp:\/\/centrodeolivaryaceite.com\/wp-content\/uploads\/2016\/06\/page_header_bg_blue.jpg\u00bb custom_padding_tablet=\u00bb50px|0|50px|0&#8243; transparent_background=\u00bboff\u00bb padding_mobile=\u00bboff\u00bb make_fullwidth=\u00bboff\u00bb use_custom_width=\u00bboff\u00bb width_unit=\u00bbon\u00bb global_module=\u00bb5294&#8243; locked=\u00bboff\u00bb collapsed=\u00bboff\u00bb global_colors_info=\u00bb{}\u00bb custom_padding_phone=\u00bb50px|0|50px|0&#8243;][et_pb_fullwidth_post_title meta=\u00bboff\u00bb featured_image=\u00bboff\u00bb text_color=\u00bblight\u00bb text_background=\u00bbon\u00bb text_bg_color=\u00bbrgba(28,28,28,0.43)\u00bb admin_label=\u00bbT\u00edtulo\u00bb _builder_version=\u00bb4.17.6&#8243; _module_preset=\u00bbdefault\u00bb title_font=\u00bbRoboto Light||||\u00bb title_font_size=\u00bb35px\u00bb title_all_caps=\u00bbon\u00bb background_color=\u00bbrgba(255,255,255,0)\u00bb parallax=\u00bbon\u00bb parallax_method=\u00bboff\u00bb text_orientation=\u00bbcenter\u00bb use_border_color=\u00bboff\u00bb border_color=\u00bb#ffffff\u00bb border_style=\u00bbsolid\u00bb parallax_effect=\u00bbon\u00bb module_bg_color=\u00bbrgba(255,255,255,0)\u00bb global_colors_info=\u00bb{}\u00bb][\/et_pb_fullwidth_post_title][\/et_pb_section][et_pb_section fb_built=\u00bb1&#8243; custom_padding_last_edited=\u00bbon|desktop\u00bb admin_label=\u00bbSecci\u00f3n\u00bb _builder_version=\u00bb4.16&#8243; background_color=\u00bb#ffffff\u00bb custom_padding=\u00bb10px|||\u00bb custom_padding_tablet=\u00bb50px|0|50px|0&#8243; transparent_background=\u00bboff\u00bb padding_mobile=\u00bboff\u00bb make_fullwidth=\u00bboff\u00bb use_custom_width=\u00bboff\u00bb width_unit=\u00bbon\u00bb global_colors_info=\u00bb{}\u00bb custom_padding_phone=\u00bb50px|0|50px|0&#8243;][et_pb_row padding_mobile=\u00bboff\u00bb column_padding_mobile=\u00bbon\u00bb admin_label=\u00bbFila\u00bb _builder_version=\u00bb4.16&#8243; background_size=\u00bbinitial\u00bb background_position=\u00bbtop_left\u00bb background_repeat=\u00bbrepeat\u00bb custom_padding=\u00bb10px|||\u00bb make_fullwidth=\u00bboff\u00bb use_custom_width=\u00bboff\u00bb width_unit=\u00bbon\u00bb global_colors_info=\u00bb{}\u00bb][et_pb_column type=\u00bb4_4&#8243; _builder_version=\u00bb4.16&#8243; custom_padding=\u00bb|||\u00bb global_colors_info=\u00bb{}\u00bb custom_padding__hover=\u00bb|||\u00bb][et_pb_post_title title=\u00bboff\u00bb admin_label=\u00bbT\u00edtulo de publicaci\u00f3n\u00bb _builder_version=\u00bb4.16&#8243; title_all_caps=\u00bboff\u00bb background_color=\u00bbrgba(255,255,255,0)\u00bb parallax=\u00bbon\u00bb parallax_method=\u00bboff\u00bb use_border_color=\u00bboff\u00bb border_color=\u00bb#ffffff\u00bb border_style=\u00bbsolid\u00bb parallax_effect=\u00bbon\u00bb module_bg_color=\u00bbrgba(255,255,255,0)\u00bb global_colors_info=\u00bb{}\u00bb] [\/et_pb_post_title][\/et_pb_column][\/et_pb_row][\/et_pb_section][et_pb_section fb_built=\u00bb1&#8243; specialty=\u00bbon\u00bb custom_padding_last_edited=\u00bbon|desktop\u00bb parallax_method_1=\u00bboff\u00bb parallax_method_2=\u00bboff\u00bb admin_label=\u00bbSecci\u00f3n\u00bb _builder_version=\u00bb4.16&#8243; background_color=\u00bb#ffffff\u00bb custom_padding=\u00bb10px|||\u00bb custom_padding_tablet=\u00bb50px|0|50px|0&#8243; transparent_background=\u00bboff\u00bb padding_mobile=\u00bboff\u00bb make_fullwidth=\u00bboff\u00bb use_custom_width=\u00bboff\u00bb width_unit=\u00bbon\u00bb global_colors_info=\u00bb{}\u00bb custom_padding_phone=\u00bb50px|0|50px|0&#8243;][et_pb_column type=\u00bb2_3&#8243; specialty_columns=\u00bb2&#8243; _builder_version=\u00bb4.16&#8243; custom_padding=\u00bb|||\u00bb global_colors_info=\u00bb{}\u00bb custom_padding__hover=\u00bb|||\u00bb][et_pb_row_inner padding_mobile=\u00bboff\u00bb column_padding_mobile=\u00bbon\u00bb admin_label=\u00bbFila\u00bb _builder_version=\u00bb4.16&#8243; custom_padding=\u00bb0px|||\u00bb global_colors_info=\u00bb{}\u00bb][et_pb_column_inner saved_specialty_column_type=\u00bb2_3&#8243; _builder_version=\u00bb4.16&#8243; custom_padding=\u00bb|||\u00bb global_colors_info=\u00bb{}\u00bb custom_padding__hover=\u00bb|||\u00bb][et_pb_text admin_label=\u00bbTexto a reemplazar\u00bb _builder_version=\u00bb4.16&#8243; background_size=\u00bbinitial\u00bb background_position=\u00bbtop_left\u00bb background_repeat=\u00bbrepeat\u00bb text_orientation=\u00bbleft\u00bb use_border_color=\u00bboff\u00bb border_color=\u00bb#ffffff\u00bb border_style=\u00bbsolid\u00bb global_colors_info=\u00bb{}\u00bb]Con la llegada del oto\u00f1o poco a poco se recupera la rutina y en los fogones de casas y restaurantes un producto, las legumbres, comienzan a abrirse paso en las despensas de los hogares. Por ese motivo desde el Centro de Interpretaci\u00f3n \u201cOlivar y Aceite\u201d han pensado que ser\u00eda una buena idea realizar dos cursos de cocina, uno dirigido a adultos y otro para ni\u00f1os,\u00a0 cuyos protagonistas fueran las legumbres y el aceite de oliva virgen extra.<\/p>\n<p>As\u00ed el presidente del centro, Javier G\u00e1mez, presentaba este nuevo curso que se enmarca dentro de las actividades que desde el centro se van a impulsar en los pr\u00f3ximos meses. Adem\u00e1s, se\u00f1ala el presidente, \u201ceste es un momento muy importante para el sector porque se est\u00e1n empezando a producir los primeros aceites de nueva campa\u00f1a\u201d. Concretamente en el taller se usaran dos aceites, un picual de Cortijo Sp\u00edritu Santo y un frantoio elaborado por Ole\u00edcola Ja\u00e9n. Adem\u00e1s que mejor manera de conmemorar el a\u00f1o Internacional de las legumbres, con estos cursos cuyos protagonistas son ellas, manifest\u00f3 G\u00e1mez.<\/p>\n<p>La encargada de impartir el taller de adultos ser\u00e1 Manuela Monsalve, que fue finalista del programa de Canal Sur, \u201cLa tapa es nuestra\u201d. La sabiote\u00f1a ser\u00e1 la encargada de compartir sus conocimientos de cocina, a los mayores que se decidan a realizar el curso. El taller de los ni\u00f1os, ser\u00e1 impartido por la gerente del Centro, Sole Rom\u00e1n que adem\u00e1s de explicar a los m\u00e1s peque\u00f1os los beneficios de consumir legumbres, cocinar\u00e1 con ellos recetas sencillas y divertidas.<\/p>\n<p>En concreto el curso \u201cRecetas de oto\u00f1o con legumbres\u201d indicado para adultos se realizar\u00e1 el 25 de octubre a partir de las 17:30 horas en las cocinas del Centro de Interpretaci\u00f3n \u201cOlivar y Aceite\u201d. Las plazas son limitadas, alrededor de unas 15 personas y el coste 20 euros. Mientras que el 29 de octubre ser\u00e1n los ni\u00f1os los que conozcan las bondades de las legumbres y del aceite de oliva virgen extra. El precio del taller para los peque\u00f1os ser\u00e1 de 12 euros y dar\u00e1 comienzo a las 11 de la ma\u00f1ana.<\/p>\n<p>El objetivo es que los adultos aprendan a maridar este tipo de producto con AOVE, que los m\u00e1s peque\u00f1os de la casa vayan conociendo la dieta mediterr\u00e1nea y el peso espec\u00edfico que tienen tanto las legumbres como el aceite de oliva virgen extra dentro de nuestra cultura gastron\u00f3mica. \u201cEstos cursos son una forma diferente de continuar con la labor que comenzamos hace m\u00e1s de tres a\u00f1os cuando se abrieron las puertas del centro, que no es otra que divulgar y promocionar las bondades del oro l\u00edquido, que tantos beneficios aporta a nuestra salud\u201d, asever\u00f3 G\u00e1mez, el cual hizo hincapi\u00e9 en \u201cla importancia que para esta entidad tiene la colaboraci\u00f3n de los socios, que cuenta con m\u00e1s de medio centenar, ya que gracias a ellos este centro crece a diario y ahora que est\u00e1n en plena campa\u00f1a vamos a iniciar muchas actividades, como la presentaci\u00f3n, tanto en la provincia como a nivel nacional, de los aceites virgen extra de elaboraci\u00f3n temprana, un manjar y una explosi\u00f3n de sabores para los sentidos\u201d, concluy\u00f3 G\u00e1mez.<\/p>\n<p>Manuela Monsalve recalc\u00f3 que las legumbres son important\u00edsimas dentro de la dieta mediterr\u00e1nea y poder maridarlos con los primeros aceites de oliva virgen extra es todo un lujo. Adem\u00e1s record\u00f3 las palabras que el doctor Eduard Escrich, pronunci\u00f3 en las \u201cII Jornadas Virgen Extra, Patrimonio Saludable\u201d, celebradas el pasado 22 de septiembre y que fueron impulsadas por el Centro de Interpretaci\u00f3n,\u00a0 el AOVE tiene beneficios y previene el c\u00e1ncer de mama, y estando tan reciente la celebraci\u00f3n del D\u00eda Mundial contra el c\u00e1ncer de mama, presentar y usar estos aceites es algo esencial\u201d.<\/p>\n<p>Dentro del desarrollo del curso se realizaran interpretaciones o se versionar\u00e1n las t\u00edpicos potajes de toda la vida. \u201cPodemos hacer algo novedoso pero sin perder la esencia\u201d, ya que como aclar\u00f3 \u201csoy defensora de la cocina tradicional y sin renunciar a su sabor podemos elaborar platos muy llamativos\u201d, manifest\u00f3 Monsalve.<\/p>\n<p>Por otro lado Carmen Morillo, de Ole\u00edcola Ja\u00e9n, resalt\u00f3 que \u201ccomo socios del Centro de Interpretaci\u00f3n, siempre que se realiza un evento nos encanta colaborar y estar presentes en todas las iniciativas en las que se requiere de nuestra presencia y como no pod\u00eda ser de otra forma ahora que estamos en plena campa\u00f1a de producci\u00f3n presentamos la primera variedad de aceite frantoio, que tiene unas semanas y del que estamos muy contentos con el resultado obtenido, ya que presenta\u00a0\u00a0 muchos matices que en los platos que elaborar\u00e1n durante los talleres, ser\u00e1 todo un espect\u00e1culo\u201d, resalt\u00f3 Morillo.<\/p>\n<p><div class=\"tiled-gallery type-rectangular tiled-gallery-unresized\" data-original-width=\"1080\" data-carousel-extra='{&quot;blog_id&quot;:1,&quot;permalink&quot;:&quot;https:\\\/\\\/centrodeolivaryaceite.com\\\/es\\\/las-legumbres-con-manuela-monsalve\\\/&quot;,&quot;likes_blog_id&quot;:134317632}' itemscope itemtype=\"http:\/\/schema.org\/ImageGallery\" > <div class=\"gallery-row\" style=\"width: 1080px; height: 482px;\" data-original-width=\"1080\" data-original-height=\"482\" > <div class=\"gallery-group images-1\" style=\"width: 721px; height: 482px;\" data-original-width=\"721\" data-original-height=\"482\" > <div class=\"tiled-gallery-item tiled-gallery-item-large\" itemprop=\"associatedMedia\" itemscope itemtype=\"http:\/\/schema.org\/ImageObject\"> <a href=\"https:\/\/centrodeolivaryaceite.com\/es\/las-legumbres-con-manuela-monsalve\/taller-legumbres02\/\" border=\"0\" itemprop=\"url\"> <meta itemprop=\"width\" content=\"717\"> <meta itemprop=\"height\" content=\"478\"> <img decoding=\"async\" class=\"\" data-attachment-id=\"5974\" data-orig-file=\"https:\/\/centrodeolivaryaceite.com\/wp-content\/uploads\/2016\/11\/TALLER-LEGUMBRES02.jpg\" data-orig-size=\"448,299\" data-comments-opened=\"1\" data-image-meta=\"{&quot;aperture&quot;:&quot;0&quot;,&quot;credit&quot;:&quot;&quot;,&quot;camera&quot;:&quot;&quot;,&quot;caption&quot;:&quot;&quot;,&quot;created_timestamp&quot;:&quot;0&quot;,&quot;copyright&quot;:&quot;&quot;,&quot;focal_length&quot;:&quot;0&quot;,&quot;iso&quot;:&quot;0&quot;,&quot;shutter_speed&quot;:&quot;0&quot;,&quot;title&quot;:&quot;&quot;,&quot;orientation&quot;:&quot;0&quot;}\" data-image-title=\"taller-legumbres02\" data-image-description=\"\" data-medium-file=\"https:\/\/i0.wp.com\/centrodeolivaryaceite.com\/wp-content\/uploads\/2016\/11\/TALLER-LEGUMBRES02.jpg?fit=300%2C200&#038;ssl=1\" data-large-file=\"https:\/\/i0.wp.com\/centrodeolivaryaceite.com\/wp-content\/uploads\/2016\/11\/TALLER-LEGUMBRES02.jpg?fit=448%2C299&#038;ssl=1\" src=\"https:\/\/i0.wp.com\/centrodeolivaryaceite.com\/wp-content\/uploads\/2016\/11\/TALLER-LEGUMBRES02.jpg?w=717&#038;h=478&#038;ssl=1\" srcset=\"https:\/\/i0.wp.com\/centrodeolivaryaceite.com\/wp-content\/uploads\/2016\/11\/TALLER-LEGUMBRES02.jpg?w=448&amp;ssl=1 448w, https:\/\/i0.wp.com\/centrodeolivaryaceite.com\/wp-content\/uploads\/2016\/11\/TALLER-LEGUMBRES02.jpg?resize=300%2C200&amp;ssl=1 300w\" width=\"717\" height=\"478\" loading=\"lazy\" data-original-width=\"717\" data-original-height=\"478\" itemprop=\"http:\/\/schema.org\/image\" title=\"taller-legumbres02\" alt=\"Tom\u00e1s Mendez en el Centro de Interpretaci\u00f3n\" style=\"width: 717px; height: 478px;\" \/> <\/a> <\/div> <\/div> <!-- close group --> <div class=\"gallery-group images-2\" style=\"width: 359px; height: 482px;\" data-original-width=\"359\" data-original-height=\"482\" > <div class=\"tiled-gallery-item tiled-gallery-item-large\" itemprop=\"associatedMedia\" itemscope itemtype=\"http:\/\/schema.org\/ImageObject\"> <a href=\"https:\/\/centrodeolivaryaceite.com\/es\/las-legumbres-con-manuela-monsalve\/taller-legumbres03\/\" border=\"0\" itemprop=\"url\"> <meta itemprop=\"width\" content=\"355\"> <meta itemprop=\"height\" content=\"237\"> <img decoding=\"async\" class=\"\" data-attachment-id=\"5975\" data-orig-file=\"https:\/\/centrodeolivaryaceite.com\/wp-content\/uploads\/2016\/11\/TALLER-LEGUMBRES03.jpg\" data-orig-size=\"448,299\" data-comments-opened=\"1\" data-image-meta=\"{&quot;aperture&quot;:&quot;0&quot;,&quot;credit&quot;:&quot;&quot;,&quot;camera&quot;:&quot;&quot;,&quot;caption&quot;:&quot;&quot;,&quot;created_timestamp&quot;:&quot;0&quot;,&quot;copyright&quot;:&quot;&quot;,&quot;focal_length&quot;:&quot;0&quot;,&quot;iso&quot;:&quot;0&quot;,&quot;shutter_speed&quot;:&quot;0&quot;,&quot;title&quot;:&quot;&quot;,&quot;orientation&quot;:&quot;0&quot;}\" data-image-title=\"taller-legumbres03\" data-image-description=\"\" data-medium-file=\"https:\/\/i0.wp.com\/centrodeolivaryaceite.com\/wp-content\/uploads\/2016\/11\/TALLER-LEGUMBRES03.jpg?fit=300%2C200&#038;ssl=1\" data-large-file=\"https:\/\/i0.wp.com\/centrodeolivaryaceite.com\/wp-content\/uploads\/2016\/11\/TALLER-LEGUMBRES03.jpg?fit=448%2C299&#038;ssl=1\" src=\"https:\/\/i0.wp.com\/centrodeolivaryaceite.com\/wp-content\/uploads\/2016\/11\/TALLER-LEGUMBRES03.jpg?w=355&#038;h=237&#038;ssl=1\" srcset=\"https:\/\/i0.wp.com\/centrodeolivaryaceite.com\/wp-content\/uploads\/2016\/11\/TALLER-LEGUMBRES03.jpg?w=448&amp;ssl=1 448w, https:\/\/i0.wp.com\/centrodeolivaryaceite.com\/wp-content\/uploads\/2016\/11\/TALLER-LEGUMBRES03.jpg?resize=300%2C200&amp;ssl=1 300w\" width=\"355\" height=\"237\" loading=\"lazy\" data-original-width=\"355\" data-original-height=\"237\" itemprop=\"http:\/\/schema.org\/image\" title=\"taller-legumbres03\" alt=\"Tom\u00e1s M\u00e9ndez catando\" style=\"width: 355px; height: 237px;\" \/> <\/a> <\/div> <div class=\"tiled-gallery-item tiled-gallery-item-large\" itemprop=\"associatedMedia\" itemscope itemtype=\"http:\/\/schema.org\/ImageObject\"> <a href=\"https:\/\/centrodeolivaryaceite.com\/es\/las-legumbres-con-manuela-monsalve\/taller-legumbres05\/\" border=\"0\" itemprop=\"url\"> <meta itemprop=\"width\" content=\"355\"> <meta itemprop=\"height\" content=\"237\"> <img decoding=\"async\" class=\"\" data-attachment-id=\"5977\" data-orig-file=\"https:\/\/centrodeolivaryaceite.com\/wp-content\/uploads\/2016\/11\/TALLER-LEGUMBRES05.jpg\" data-orig-size=\"448,299\" data-comments-opened=\"1\" data-image-meta=\"{&quot;aperture&quot;:&quot;0&quot;,&quot;credit&quot;:&quot;&quot;,&quot;camera&quot;:&quot;&quot;,&quot;caption&quot;:&quot;&quot;,&quot;created_timestamp&quot;:&quot;0&quot;,&quot;copyright&quot;:&quot;&quot;,&quot;focal_length&quot;:&quot;0&quot;,&quot;iso&quot;:&quot;0&quot;,&quot;shutter_speed&quot;:&quot;0&quot;,&quot;title&quot;:&quot;&quot;,&quot;orientation&quot;:&quot;0&quot;}\" data-image-title=\"taller-legumbres05\" data-image-description=\"\" data-medium-file=\"https:\/\/i0.wp.com\/centrodeolivaryaceite.com\/wp-content\/uploads\/2016\/11\/TALLER-LEGUMBRES05.jpg?fit=300%2C200&#038;ssl=1\" data-large-file=\"https:\/\/i0.wp.com\/centrodeolivaryaceite.com\/wp-content\/uploads\/2016\/11\/TALLER-LEGUMBRES05.jpg?fit=448%2C299&#038;ssl=1\" src=\"https:\/\/i0.wp.com\/centrodeolivaryaceite.com\/wp-content\/uploads\/2016\/11\/TALLER-LEGUMBRES05.jpg?w=355&#038;h=237&#038;ssl=1\" srcset=\"https:\/\/i0.wp.com\/centrodeolivaryaceite.com\/wp-content\/uploads\/2016\/11\/TALLER-LEGUMBRES05.jpg?w=448&amp;ssl=1 448w, https:\/\/i0.wp.com\/centrodeolivaryaceite.com\/wp-content\/uploads\/2016\/11\/TALLER-LEGUMBRES05.jpg?resize=300%2C200&amp;ssl=1 300w\" width=\"355\" height=\"237\" loading=\"lazy\" data-original-width=\"355\" data-original-height=\"237\" itemprop=\"http:\/\/schema.org\/image\" title=\"taller-legumbres05\" alt=\"Cortijo Spiritu Santo\" style=\"width: 355px; height: 237px;\" \/> <\/a> <\/div> <\/div> <!-- close group --> <\/div> <!-- close row --> <div class=\"gallery-row\" style=\"width: 1080px; height: 242px;\" data-original-width=\"1080\" data-original-height=\"242\" > <div class=\"gallery-group images-1\" style=\"width: 360px; height: 242px;\" data-original-width=\"360\" data-original-height=\"242\" > <div class=\"tiled-gallery-item tiled-gallery-item-large\" itemprop=\"associatedMedia\" itemscope itemtype=\"http:\/\/schema.org\/ImageObject\"> <a href=\"https:\/\/centrodeolivaryaceite.com\/es\/las-legumbres-con-manuela-monsalve\/taller-legumbres06\/\" border=\"0\" itemprop=\"url\"> <meta itemprop=\"width\" content=\"356\"> <meta itemprop=\"height\" content=\"238\"> <img decoding=\"async\" class=\"\" data-attachment-id=\"5978\" data-orig-file=\"https:\/\/centrodeolivaryaceite.com\/wp-content\/uploads\/2016\/11\/TALLER-LEGUMBRES06.jpg\" data-orig-size=\"448,299\" data-comments-opened=\"1\" data-image-meta=\"{&quot;aperture&quot;:&quot;0&quot;,&quot;credit&quot;:&quot;&quot;,&quot;camera&quot;:&quot;&quot;,&quot;caption&quot;:&quot;&quot;,&quot;created_timestamp&quot;:&quot;0&quot;,&quot;copyright&quot;:&quot;&quot;,&quot;focal_length&quot;:&quot;0&quot;,&quot;iso&quot;:&quot;0&quot;,&quot;shutter_speed&quot;:&quot;0&quot;,&quot;title&quot;:&quot;&quot;,&quot;orientation&quot;:&quot;0&quot;}\" data-image-title=\"taller-legumbres06\" data-image-description=\"\" data-medium-file=\"https:\/\/i0.wp.com\/centrodeolivaryaceite.com\/wp-content\/uploads\/2016\/11\/TALLER-LEGUMBRES06.jpg?fit=300%2C200&#038;ssl=1\" data-large-file=\"https:\/\/i0.wp.com\/centrodeolivaryaceite.com\/wp-content\/uploads\/2016\/11\/TALLER-LEGUMBRES06.jpg?fit=448%2C299&#038;ssl=1\" src=\"https:\/\/i0.wp.com\/centrodeolivaryaceite.com\/wp-content\/uploads\/2016\/11\/TALLER-LEGUMBRES06.jpg?w=356&#038;h=238&#038;ssl=1\" srcset=\"https:\/\/i0.wp.com\/centrodeolivaryaceite.com\/wp-content\/uploads\/2016\/11\/TALLER-LEGUMBRES06.jpg?w=448&amp;ssl=1 448w, https:\/\/i0.wp.com\/centrodeolivaryaceite.com\/wp-content\/uploads\/2016\/11\/TALLER-LEGUMBRES06.jpg?resize=300%2C200&amp;ssl=1 300w\" width=\"356\" height=\"238\" loading=\"lazy\" data-original-width=\"356\" data-original-height=\"238\" itemprop=\"http:\/\/schema.org\/image\" title=\"taller-legumbres06\" alt=\"Ejemplo de plato de Manuela Monsalve\" style=\"width: 356px; height: 238px;\" \/> <\/a> <\/div> <\/div> <!-- close group --> <div class=\"gallery-group images-1\" style=\"width: 360px; height: 242px;\" data-original-width=\"360\" data-original-height=\"242\" > <div class=\"tiled-gallery-item tiled-gallery-item-large\" itemprop=\"associatedMedia\" itemscope itemtype=\"http:\/\/schema.org\/ImageObject\"> <a href=\"https:\/\/centrodeolivaryaceite.com\/es\/las-legumbres-con-manuela-monsalve\/taller-legumbres07\/\" border=\"0\" itemprop=\"url\"> <meta itemprop=\"width\" content=\"356\"> <meta itemprop=\"height\" content=\"238\"> <img decoding=\"async\" class=\"\" data-attachment-id=\"5979\" data-orig-file=\"https:\/\/centrodeolivaryaceite.com\/wp-content\/uploads\/2016\/11\/TALLER-LEGUMBRES07.jpg\" data-orig-size=\"448,299\" data-comments-opened=\"1\" data-image-meta=\"{&quot;aperture&quot;:&quot;0&quot;,&quot;credit&quot;:&quot;&quot;,&quot;camera&quot;:&quot;&quot;,&quot;caption&quot;:&quot;&quot;,&quot;created_timestamp&quot;:&quot;0&quot;,&quot;copyright&quot;:&quot;&quot;,&quot;focal_length&quot;:&quot;0&quot;,&quot;iso&quot;:&quot;0&quot;,&quot;shutter_speed&quot;:&quot;0&quot;,&quot;title&quot;:&quot;&quot;,&quot;orientation&quot;:&quot;0&quot;}\" data-image-title=\"taller-legumbres07\" data-image-description=\"\" data-medium-file=\"https:\/\/i0.wp.com\/centrodeolivaryaceite.com\/wp-content\/uploads\/2016\/11\/TALLER-LEGUMBRES07.jpg?fit=300%2C200&#038;ssl=1\" data-large-file=\"https:\/\/i0.wp.com\/centrodeolivaryaceite.com\/wp-content\/uploads\/2016\/11\/TALLER-LEGUMBRES07.jpg?fit=448%2C299&#038;ssl=1\" src=\"https:\/\/i0.wp.com\/centrodeolivaryaceite.com\/wp-content\/uploads\/2016\/11\/TALLER-LEGUMBRES07.jpg?w=356&#038;h=238&#038;ssl=1\" srcset=\"https:\/\/i0.wp.com\/centrodeolivaryaceite.com\/wp-content\/uploads\/2016\/11\/TALLER-LEGUMBRES07.jpg?w=448&amp;ssl=1 448w, https:\/\/i0.wp.com\/centrodeolivaryaceite.com\/wp-content\/uploads\/2016\/11\/TALLER-LEGUMBRES07.jpg?resize=300%2C200&amp;ssl=1 300w\" width=\"356\" height=\"238\" loading=\"lazy\" data-original-width=\"356\" data-original-height=\"238\" itemprop=\"http:\/\/schema.org\/image\" title=\"taller-legumbres07\" alt=\"Probando platos\" style=\"width: 356px; height: 238px;\" \/> <\/a> <\/div> <\/div> <!-- close group --> <div class=\"gallery-group images-1\" style=\"width: 360px; height: 242px;\" data-original-width=\"360\" data-original-height=\"242\" > <div class=\"tiled-gallery-item tiled-gallery-item-large\" itemprop=\"associatedMedia\" itemscope itemtype=\"http:\/\/schema.org\/ImageObject\"> <a href=\"https:\/\/centrodeolivaryaceite.com\/es\/las-legumbres-con-manuela-monsalve\/taller-legumbres08\/\" border=\"0\" itemprop=\"url\"> <meta itemprop=\"width\" content=\"356\"> <meta itemprop=\"height\" content=\"238\"> <img decoding=\"async\" class=\"\" data-attachment-id=\"5980\" data-orig-file=\"https:\/\/centrodeolivaryaceite.com\/wp-content\/uploads\/2016\/11\/TALLER-LEGUMBRES08.jpg\" data-orig-size=\"448,299\" data-comments-opened=\"1\" data-image-meta=\"{&quot;aperture&quot;:&quot;0&quot;,&quot;credit&quot;:&quot;&quot;,&quot;camera&quot;:&quot;&quot;,&quot;caption&quot;:&quot;&quot;,&quot;created_timestamp&quot;:&quot;0&quot;,&quot;copyright&quot;:&quot;&quot;,&quot;focal_length&quot;:&quot;0&quot;,&quot;iso&quot;:&quot;0&quot;,&quot;shutter_speed&quot;:&quot;0&quot;,&quot;title&quot;:&quot;&quot;,&quot;orientation&quot;:&quot;0&quot;}\" data-image-title=\"taller-legumbres08\" data-image-description=\"\" data-medium-file=\"https:\/\/i0.wp.com\/centrodeolivaryaceite.com\/wp-content\/uploads\/2016\/11\/TALLER-LEGUMBRES08.jpg?fit=300%2C200&#038;ssl=1\" data-large-file=\"https:\/\/i0.wp.com\/centrodeolivaryaceite.com\/wp-content\/uploads\/2016\/11\/TALLER-LEGUMBRES08.jpg?fit=448%2C299&#038;ssl=1\" src=\"https:\/\/i0.wp.com\/centrodeolivaryaceite.com\/wp-content\/uploads\/2016\/11\/TALLER-LEGUMBRES08.jpg?w=356&#038;h=238&#038;ssl=1\" srcset=\"https:\/\/i0.wp.com\/centrodeolivaryaceite.com\/wp-content\/uploads\/2016\/11\/TALLER-LEGUMBRES08.jpg?w=448&amp;ssl=1 448w, https:\/\/i0.wp.com\/centrodeolivaryaceite.com\/wp-content\/uploads\/2016\/11\/TALLER-LEGUMBRES08.jpg?resize=300%2C200&amp;ssl=1 300w\" width=\"356\" height=\"238\" loading=\"lazy\" data-original-width=\"356\" data-original-height=\"238\" itemprop=\"http:\/\/schema.org\/image\" title=\"taller-legumbres08\" alt=\"Probando el Taller\" style=\"width: 356px; height: 238px;\" \/> <\/a> <\/div> <\/div> <!-- close group --> <\/div> <!-- close row --> <div class=\"gallery-row\" style=\"width: 1080px; height: 482px;\" data-original-width=\"1080\" data-original-height=\"482\" > <div class=\"gallery-group images-2\" style=\"width: 359px; height: 482px;\" data-original-width=\"359\" data-original-height=\"482\" > <div class=\"tiled-gallery-item tiled-gallery-item-large\" itemprop=\"associatedMedia\" itemscope itemtype=\"http:\/\/schema.org\/ImageObject\"> <a href=\"https:\/\/centrodeolivaryaceite.com\/es\/las-legumbres-con-manuela-monsalve\/taller-legumbres09\/\" border=\"0\" itemprop=\"url\"> <meta itemprop=\"width\" content=\"355\"> <meta itemprop=\"height\" content=\"237\"> <img decoding=\"async\" class=\"\" data-attachment-id=\"5981\" data-orig-file=\"https:\/\/centrodeolivaryaceite.com\/wp-content\/uploads\/2016\/11\/TALLER-LEGUMBRES09.jpg\" data-orig-size=\"448,299\" data-comments-opened=\"1\" data-image-meta=\"{&quot;aperture&quot;:&quot;0&quot;,&quot;credit&quot;:&quot;&quot;,&quot;camera&quot;:&quot;&quot;,&quot;caption&quot;:&quot;&quot;,&quot;created_timestamp&quot;:&quot;0&quot;,&quot;copyright&quot;:&quot;&quot;,&quot;focal_length&quot;:&quot;0&quot;,&quot;iso&quot;:&quot;0&quot;,&quot;shutter_speed&quot;:&quot;0&quot;,&quot;title&quot;:&quot;&quot;,&quot;orientation&quot;:&quot;0&quot;}\" data-image-title=\"taller-legumbres09\" data-image-description=\"\" data-medium-file=\"https:\/\/i0.wp.com\/centrodeolivaryaceite.com\/wp-content\/uploads\/2016\/11\/TALLER-LEGUMBRES09.jpg?fit=300%2C200&#038;ssl=1\" data-large-file=\"https:\/\/i0.wp.com\/centrodeolivaryaceite.com\/wp-content\/uploads\/2016\/11\/TALLER-LEGUMBRES09.jpg?fit=448%2C299&#038;ssl=1\" src=\"https:\/\/i0.wp.com\/centrodeolivaryaceite.com\/wp-content\/uploads\/2016\/11\/TALLER-LEGUMBRES09.jpg?w=355&#038;h=237&#038;ssl=1\" srcset=\"https:\/\/i0.wp.com\/centrodeolivaryaceite.com\/wp-content\/uploads\/2016\/11\/TALLER-LEGUMBRES09.jpg?w=448&amp;ssl=1 448w, https:\/\/i0.wp.com\/centrodeolivaryaceite.com\/wp-content\/uploads\/2016\/11\/TALLER-LEGUMBRES09.jpg?resize=300%2C200&amp;ssl=1 300w\" width=\"355\" height=\"237\" loading=\"lazy\" data-original-width=\"355\" data-original-height=\"237\" itemprop=\"http:\/\/schema.org\/image\" title=\"taller-legumbres09\" alt=\"Asistentes al Taller\" style=\"width: 355px; height: 237px;\" \/> <\/a> <\/div> <div class=\"tiled-gallery-item tiled-gallery-item-large\" itemprop=\"associatedMedia\" itemscope itemtype=\"http:\/\/schema.org\/ImageObject\"> <a href=\"https:\/\/centrodeolivaryaceite.com\/es\/las-legumbres-con-manuela-monsalve\/taller-legumbres10\/\" border=\"0\" itemprop=\"url\"> <meta itemprop=\"width\" content=\"355\"> <meta itemprop=\"height\" content=\"237\"> <img decoding=\"async\" class=\"\" data-attachment-id=\"5982\" data-orig-file=\"https:\/\/centrodeolivaryaceite.com\/wp-content\/uploads\/2016\/11\/TALLER-LEGUMBRES10.jpg\" data-orig-size=\"448,299\" data-comments-opened=\"1\" data-image-meta=\"{&quot;aperture&quot;:&quot;0&quot;,&quot;credit&quot;:&quot;&quot;,&quot;camera&quot;:&quot;&quot;,&quot;caption&quot;:&quot;&quot;,&quot;created_timestamp&quot;:&quot;0&quot;,&quot;copyright&quot;:&quot;&quot;,&quot;focal_length&quot;:&quot;0&quot;,&quot;iso&quot;:&quot;0&quot;,&quot;shutter_speed&quot;:&quot;0&quot;,&quot;title&quot;:&quot;&quot;,&quot;orientation&quot;:&quot;0&quot;}\" data-image-title=\"taller-legumbres10\" data-image-description=\"\" data-medium-file=\"https:\/\/i0.wp.com\/centrodeolivaryaceite.com\/wp-content\/uploads\/2016\/11\/TALLER-LEGUMBRES10.jpg?fit=300%2C200&#038;ssl=1\" data-large-file=\"https:\/\/i0.wp.com\/centrodeolivaryaceite.com\/wp-content\/uploads\/2016\/11\/TALLER-LEGUMBRES10.jpg?fit=448%2C299&#038;ssl=1\" src=\"https:\/\/i0.wp.com\/centrodeolivaryaceite.com\/wp-content\/uploads\/2016\/11\/TALLER-LEGUMBRES10.jpg?w=355&#038;h=237&#038;ssl=1\" srcset=\"https:\/\/i0.wp.com\/centrodeolivaryaceite.com\/wp-content\/uploads\/2016\/11\/TALLER-LEGUMBRES10.jpg?w=448&amp;ssl=1 448w, https:\/\/i0.wp.com\/centrodeolivaryaceite.com\/wp-content\/uploads\/2016\/11\/TALLER-LEGUMBRES10.jpg?resize=300%2C200&amp;ssl=1 300w\" width=\"355\" height=\"237\" loading=\"lazy\" data-original-width=\"355\" data-original-height=\"237\" itemprop=\"http:\/\/schema.org\/image\" title=\"taller-legumbres10\" alt=\"Manuela Monsalve\" style=\"width: 355px; height: 237px;\" \/> <\/a> <\/div> <\/div> <!-- close group --> <div class=\"gallery-group images-1\" style=\"width: 721px; height: 482px;\" data-original-width=\"721\" data-original-height=\"482\" > <div class=\"tiled-gallery-item tiled-gallery-item-large\" itemprop=\"associatedMedia\" itemscope itemtype=\"http:\/\/schema.org\/ImageObject\"> <a href=\"https:\/\/centrodeolivaryaceite.com\/es\/las-legumbres-con-manuela-monsalve\/taller-legumbres11\/\" border=\"0\" itemprop=\"url\"> <meta itemprop=\"width\" content=\"717\"> <meta itemprop=\"height\" content=\"478\"> <img decoding=\"async\" class=\"\" data-attachment-id=\"5983\" data-orig-file=\"https:\/\/centrodeolivaryaceite.com\/wp-content\/uploads\/2016\/11\/TALLER-LEGUMBRES11.jpg\" data-orig-size=\"448,299\" data-comments-opened=\"1\" data-image-meta=\"{&quot;aperture&quot;:&quot;0&quot;,&quot;credit&quot;:&quot;&quot;,&quot;camera&quot;:&quot;&quot;,&quot;caption&quot;:&quot;&quot;,&quot;created_timestamp&quot;:&quot;0&quot;,&quot;copyright&quot;:&quot;&quot;,&quot;focal_length&quot;:&quot;0&quot;,&quot;iso&quot;:&quot;0&quot;,&quot;shutter_speed&quot;:&quot;0&quot;,&quot;title&quot;:&quot;&quot;,&quot;orientation&quot;:&quot;0&quot;}\" data-image-title=\"taller-legumbres11\" data-image-description=\"\" data-medium-file=\"https:\/\/i0.wp.com\/centrodeolivaryaceite.com\/wp-content\/uploads\/2016\/11\/TALLER-LEGUMBRES11.jpg?fit=300%2C200&#038;ssl=1\" data-large-file=\"https:\/\/i0.wp.com\/centrodeolivaryaceite.com\/wp-content\/uploads\/2016\/11\/TALLER-LEGUMBRES11.jpg?fit=448%2C299&#038;ssl=1\" src=\"https:\/\/i0.wp.com\/centrodeolivaryaceite.com\/wp-content\/uploads\/2016\/11\/TALLER-LEGUMBRES11.jpg?w=717&#038;h=478&#038;ssl=1\" srcset=\"https:\/\/i0.wp.com\/centrodeolivaryaceite.com\/wp-content\/uploads\/2016\/11\/TALLER-LEGUMBRES11.jpg?w=448&amp;ssl=1 448w, https:\/\/i0.wp.com\/centrodeolivaryaceite.com\/wp-content\/uploads\/2016\/11\/TALLER-LEGUMBRES11.jpg?resize=300%2C200&amp;ssl=1 300w\" width=\"717\" height=\"478\" loading=\"lazy\" data-original-width=\"717\" data-original-height=\"478\" itemprop=\"http:\/\/schema.org\/image\" title=\"taller-legumbres11\" alt=\"Conchi y Manuela\" style=\"width: 717px; height: 478px;\" \/> <\/a> <\/div> <\/div> <!-- close group --> <\/div> <!-- close row --> <div class=\"gallery-row\" style=\"width: 1080px; height: 362px;\" data-original-width=\"1080\" data-original-height=\"362\" > <div class=\"gallery-group images-1\" style=\"width: 540px; height: 362px;\" data-original-width=\"540\" data-original-height=\"362\" > <div class=\"tiled-gallery-item tiled-gallery-item-large\" itemprop=\"associatedMedia\" itemscope itemtype=\"http:\/\/schema.org\/ImageObject\"> <a href=\"https:\/\/centrodeolivaryaceite.com\/es\/las-legumbres-con-manuela-monsalve\/taller-legumbres12\/\" border=\"0\" itemprop=\"url\"> <meta itemprop=\"width\" content=\"536\"> <meta itemprop=\"height\" content=\"358\"> <img decoding=\"async\" class=\"\" data-attachment-id=\"5984\" data-orig-file=\"https:\/\/centrodeolivaryaceite.com\/wp-content\/uploads\/2016\/11\/TALLER-LEGUMBRES12.jpg\" data-orig-size=\"448,299\" data-comments-opened=\"1\" data-image-meta=\"{&quot;aperture&quot;:&quot;0&quot;,&quot;credit&quot;:&quot;&quot;,&quot;camera&quot;:&quot;&quot;,&quot;caption&quot;:&quot;&quot;,&quot;created_timestamp&quot;:&quot;0&quot;,&quot;copyright&quot;:&quot;&quot;,&quot;focal_length&quot;:&quot;0&quot;,&quot;iso&quot;:&quot;0&quot;,&quot;shutter_speed&quot;:&quot;0&quot;,&quot;title&quot;:&quot;&quot;,&quot;orientation&quot;:&quot;0&quot;}\" data-image-title=\"taller-legumbres12\" data-image-description=\"\" data-medium-file=\"https:\/\/i0.wp.com\/centrodeolivaryaceite.com\/wp-content\/uploads\/2016\/11\/TALLER-LEGUMBRES12.jpg?fit=300%2C200&#038;ssl=1\" data-large-file=\"https:\/\/i0.wp.com\/centrodeolivaryaceite.com\/wp-content\/uploads\/2016\/11\/TALLER-LEGUMBRES12.jpg?fit=448%2C299&#038;ssl=1\" src=\"https:\/\/i0.wp.com\/centrodeolivaryaceite.com\/wp-content\/uploads\/2016\/11\/TALLER-LEGUMBRES12.jpg?w=536&#038;h=358&#038;ssl=1\" srcset=\"https:\/\/i0.wp.com\/centrodeolivaryaceite.com\/wp-content\/uploads\/2016\/11\/TALLER-LEGUMBRES12.jpg?w=448&amp;ssl=1 448w, https:\/\/i0.wp.com\/centrodeolivaryaceite.com\/wp-content\/uploads\/2016\/11\/TALLER-LEGUMBRES12.jpg?resize=300%2C200&amp;ssl=1 300w\" width=\"536\" height=\"358\" loading=\"lazy\" data-original-width=\"536\" data-original-height=\"358\" itemprop=\"http:\/\/schema.org\/image\" title=\"taller-legumbres12\" alt=\"Manuela Monsalve cocinando\" style=\"width: 536px; height: 358px;\" \/> <\/a> <\/div> <\/div> <!-- close group --> <div class=\"gallery-group images-1\" style=\"width: 540px; height: 362px;\" data-original-width=\"540\" data-original-height=\"362\" > <div class=\"tiled-gallery-item tiled-gallery-item-large\" itemprop=\"associatedMedia\" itemscope itemtype=\"http:\/\/schema.org\/ImageObject\"> <a href=\"https:\/\/centrodeolivaryaceite.com\/es\/las-legumbres-con-manuela-monsalve\/taller-legumbres13\/\" border=\"0\" itemprop=\"url\"> <meta itemprop=\"width\" content=\"536\"> <meta itemprop=\"height\" content=\"358\"> <img decoding=\"async\" class=\"\" data-attachment-id=\"5985\" data-orig-file=\"https:\/\/centrodeolivaryaceite.com\/wp-content\/uploads\/2016\/11\/TALLER-LEGUMBRES13.jpg\" data-orig-size=\"448,299\" data-comments-opened=\"1\" data-image-meta=\"{&quot;aperture&quot;:&quot;0&quot;,&quot;credit&quot;:&quot;&quot;,&quot;camera&quot;:&quot;&quot;,&quot;caption&quot;:&quot;&quot;,&quot;created_timestamp&quot;:&quot;0&quot;,&quot;copyright&quot;:&quot;&quot;,&quot;focal_length&quot;:&quot;0&quot;,&quot;iso&quot;:&quot;0&quot;,&quot;shutter_speed&quot;:&quot;0&quot;,&quot;title&quot;:&quot;&quot;,&quot;orientation&quot;:&quot;0&quot;}\" data-image-title=\"taller-legumbres13\" data-image-description=\"\" data-medium-file=\"https:\/\/i0.wp.com\/centrodeolivaryaceite.com\/wp-content\/uploads\/2016\/11\/TALLER-LEGUMBRES13.jpg?fit=300%2C200&#038;ssl=1\" data-large-file=\"https:\/\/i0.wp.com\/centrodeolivaryaceite.com\/wp-content\/uploads\/2016\/11\/TALLER-LEGUMBRES13.jpg?fit=448%2C299&#038;ssl=1\" src=\"https:\/\/i0.wp.com\/centrodeolivaryaceite.com\/wp-content\/uploads\/2016\/11\/TALLER-LEGUMBRES13.jpg?w=536&#038;h=358&#038;ssl=1\" srcset=\"https:\/\/i0.wp.com\/centrodeolivaryaceite.com\/wp-content\/uploads\/2016\/11\/TALLER-LEGUMBRES13.jpg?w=448&amp;ssl=1 448w, https:\/\/i0.wp.com\/centrodeolivaryaceite.com\/wp-content\/uploads\/2016\/11\/TALLER-LEGUMBRES13.jpg?resize=300%2C200&amp;ssl=1 300w\" width=\"536\" height=\"358\" loading=\"lazy\" data-original-width=\"536\" data-original-height=\"358\" itemprop=\"http:\/\/schema.org\/image\" title=\"taller-legumbres13\" alt=\"Cortijo Spiritu Santo\" style=\"width: 536px; height: 358px;\" \/> <\/a> <\/div> <\/div> <!-- close group --> <\/div> <!-- close row --> <div class=\"gallery-row\" style=\"width: 1080px; height: 482px;\" data-original-width=\"1080\" data-original-height=\"482\" > <div class=\"gallery-group images-1\" style=\"width: 721px; height: 482px;\" data-original-width=\"721\" data-original-height=\"482\" > <div class=\"tiled-gallery-item tiled-gallery-item-large\" itemprop=\"associatedMedia\" itemscope itemtype=\"http:\/\/schema.org\/ImageObject\"> <a href=\"https:\/\/centrodeolivaryaceite.com\/es\/las-legumbres-con-manuela-monsalve\/taller-legumbres14\/\" border=\"0\" itemprop=\"url\"> <meta itemprop=\"width\" content=\"717\"> <meta itemprop=\"height\" content=\"478\"> <img decoding=\"async\" class=\"\" data-attachment-id=\"5986\" data-orig-file=\"https:\/\/centrodeolivaryaceite.com\/wp-content\/uploads\/2016\/11\/TALLER-LEGUMBRES14.jpg\" data-orig-size=\"448,299\" data-comments-opened=\"1\" data-image-meta=\"{&quot;aperture&quot;:&quot;0&quot;,&quot;credit&quot;:&quot;&quot;,&quot;camera&quot;:&quot;&quot;,&quot;caption&quot;:&quot;&quot;,&quot;created_timestamp&quot;:&quot;0&quot;,&quot;copyright&quot;:&quot;&quot;,&quot;focal_length&quot;:&quot;0&quot;,&quot;iso&quot;:&quot;0&quot;,&quot;shutter_speed&quot;:&quot;0&quot;,&quot;title&quot;:&quot;&quot;,&quot;orientation&quot;:&quot;0&quot;}\" data-image-title=\"taller-legumbres14\" data-image-description=\"\" data-medium-file=\"https:\/\/i0.wp.com\/centrodeolivaryaceite.com\/wp-content\/uploads\/2016\/11\/TALLER-LEGUMBRES14.jpg?fit=300%2C200&#038;ssl=1\" data-large-file=\"https:\/\/i0.wp.com\/centrodeolivaryaceite.com\/wp-content\/uploads\/2016\/11\/TALLER-LEGUMBRES14.jpg?fit=448%2C299&#038;ssl=1\" src=\"https:\/\/i0.wp.com\/centrodeolivaryaceite.com\/wp-content\/uploads\/2016\/11\/TALLER-LEGUMBRES14.jpg?w=717&#038;h=478&#038;ssl=1\" srcset=\"https:\/\/i0.wp.com\/centrodeolivaryaceite.com\/wp-content\/uploads\/2016\/11\/TALLER-LEGUMBRES14.jpg?w=448&amp;ssl=1 448w, https:\/\/i0.wp.com\/centrodeolivaryaceite.com\/wp-content\/uploads\/2016\/11\/TALLER-LEGUMBRES14.jpg?resize=300%2C200&amp;ssl=1 300w\" width=\"717\" height=\"478\" loading=\"lazy\" data-original-width=\"717\" data-original-height=\"478\" itemprop=\"http:\/\/schema.org\/image\" title=\"taller-legumbres14\" alt=\"Taller de Cocina de Manuela Monsalve\" style=\"width: 717px; height: 478px;\" \/> <\/a> <\/div> <\/div> <!-- close group --> <div class=\"gallery-group images-2\" style=\"width: 359px; height: 482px;\" data-original-width=\"359\" data-original-height=\"482\" > <div class=\"tiled-gallery-item tiled-gallery-item-large\" itemprop=\"associatedMedia\" itemscope itemtype=\"http:\/\/schema.org\/ImageObject\"> <a href=\"https:\/\/centrodeolivaryaceite.com\/es\/las-legumbres-con-manuela-monsalve\/taller-legumbres15\/\" border=\"0\" itemprop=\"url\"> <meta itemprop=\"width\" content=\"355\"> <meta itemprop=\"height\" content=\"237\"> <img decoding=\"async\" class=\"\" data-attachment-id=\"5987\" data-orig-file=\"https:\/\/centrodeolivaryaceite.com\/wp-content\/uploads\/2016\/11\/TALLER-LEGUMBRES15.jpg\" data-orig-size=\"448,299\" data-comments-opened=\"1\" data-image-meta=\"{&quot;aperture&quot;:&quot;0&quot;,&quot;credit&quot;:&quot;&quot;,&quot;camera&quot;:&quot;&quot;,&quot;caption&quot;:&quot;&quot;,&quot;created_timestamp&quot;:&quot;0&quot;,&quot;copyright&quot;:&quot;&quot;,&quot;focal_length&quot;:&quot;0&quot;,&quot;iso&quot;:&quot;0&quot;,&quot;shutter_speed&quot;:&quot;0&quot;,&quot;title&quot;:&quot;&quot;,&quot;orientation&quot;:&quot;0&quot;}\" data-image-title=\"taller-legumbres15\" data-image-description=\"\" data-medium-file=\"https:\/\/i0.wp.com\/centrodeolivaryaceite.com\/wp-content\/uploads\/2016\/11\/TALLER-LEGUMBRES15.jpg?fit=300%2C200&#038;ssl=1\" data-large-file=\"https:\/\/i0.wp.com\/centrodeolivaryaceite.com\/wp-content\/uploads\/2016\/11\/TALLER-LEGUMBRES15.jpg?fit=448%2C299&#038;ssl=1\" src=\"https:\/\/i0.wp.com\/centrodeolivaryaceite.com\/wp-content\/uploads\/2016\/11\/TALLER-LEGUMBRES15.jpg?w=355&#038;h=237&#038;ssl=1\" srcset=\"https:\/\/i0.wp.com\/centrodeolivaryaceite.com\/wp-content\/uploads\/2016\/11\/TALLER-LEGUMBRES15.jpg?w=448&amp;ssl=1 448w, https:\/\/i0.wp.com\/centrodeolivaryaceite.com\/wp-content\/uploads\/2016\/11\/TALLER-LEGUMBRES15.jpg?resize=300%2C200&amp;ssl=1 300w\" width=\"355\" height=\"237\" loading=\"lazy\" data-original-width=\"355\" data-original-height=\"237\" itemprop=\"http:\/\/schema.org\/image\" title=\"taller-legumbres15\" alt=\"Ole\u00edcola Ja\u00e9n\" style=\"width: 355px; height: 237px;\" \/> <\/a> <\/div> <div class=\"tiled-gallery-item tiled-gallery-item-large\" itemprop=\"associatedMedia\" itemscope itemtype=\"http:\/\/schema.org\/ImageObject\"> <a href=\"https:\/\/centrodeolivaryaceite.com\/es\/las-legumbres-con-manuela-monsalve\/taller-legumbres16\/\" border=\"0\" itemprop=\"url\"> <meta itemprop=\"width\" content=\"355\"> <meta itemprop=\"height\" content=\"237\"> <img decoding=\"async\" class=\"\" data-attachment-id=\"5988\" data-orig-file=\"https:\/\/centrodeolivaryaceite.com\/wp-content\/uploads\/2016\/11\/TALLER-LEGUMBRES16.jpg\" data-orig-size=\"448,299\" data-comments-opened=\"1\" data-image-meta=\"{&quot;aperture&quot;:&quot;0&quot;,&quot;credit&quot;:&quot;&quot;,&quot;camera&quot;:&quot;&quot;,&quot;caption&quot;:&quot;&quot;,&quot;created_timestamp&quot;:&quot;0&quot;,&quot;copyright&quot;:&quot;&quot;,&quot;focal_length&quot;:&quot;0&quot;,&quot;iso&quot;:&quot;0&quot;,&quot;shutter_speed&quot;:&quot;0&quot;,&quot;title&quot;:&quot;&quot;,&quot;orientation&quot;:&quot;0&quot;}\" data-image-title=\"taller-legumbres16\" data-image-description=\"\" data-medium-file=\"https:\/\/i0.wp.com\/centrodeolivaryaceite.com\/wp-content\/uploads\/2016\/11\/TALLER-LEGUMBRES16.jpg?fit=300%2C200&#038;ssl=1\" data-large-file=\"https:\/\/i0.wp.com\/centrodeolivaryaceite.com\/wp-content\/uploads\/2016\/11\/TALLER-LEGUMBRES16.jpg?fit=448%2C299&#038;ssl=1\" src=\"https:\/\/i0.wp.com\/centrodeolivaryaceite.com\/wp-content\/uploads\/2016\/11\/TALLER-LEGUMBRES16.jpg?w=355&#038;h=237&#038;ssl=1\" srcset=\"https:\/\/i0.wp.com\/centrodeolivaryaceite.com\/wp-content\/uploads\/2016\/11\/TALLER-LEGUMBRES16.jpg?w=448&amp;ssl=1 448w, https:\/\/i0.wp.com\/centrodeolivaryaceite.com\/wp-content\/uploads\/2016\/11\/TALLER-LEGUMBRES16.jpg?resize=300%2C200&amp;ssl=1 300w\" width=\"355\" height=\"237\" loading=\"lazy\" data-original-width=\"355\" data-original-height=\"237\" itemprop=\"http:\/\/schema.org\/image\" title=\"taller-legumbres16\" alt=\"Foto de familia en Taller de Cocina\" style=\"width: 355px; height: 237px;\" \/> <\/a> <\/div> <\/div> <!-- close group --> <\/div> <!-- close row --> <div class=\"gallery-row\" style=\"width: 1080px; height: 722px;\" data-original-width=\"1080\" data-original-height=\"722\" > <div class=\"gallery-group images-1\" style=\"width: 1080px; height: 722px;\" data-original-width=\"1080\" data-original-height=\"722\" > <div class=\"tiled-gallery-item tiled-gallery-item-large\" itemprop=\"associatedMedia\" itemscope itemtype=\"http:\/\/schema.org\/ImageObject\"> <a href=\"https:\/\/centrodeolivaryaceite.com\/es\/las-legumbres-con-manuela-monsalve\/taller-legumbres01\/\" border=\"0\" itemprop=\"url\"> <meta itemprop=\"width\" content=\"1076\"> <meta itemprop=\"height\" content=\"718\"> <img decoding=\"async\" class=\"\" data-attachment-id=\"5989\" data-orig-file=\"https:\/\/centrodeolivaryaceite.com\/wp-content\/uploads\/2016\/11\/TALLER-LEGUMBRES01.jpg\" data-orig-size=\"448,299\" data-comments-opened=\"1\" data-image-meta=\"{&quot;aperture&quot;:&quot;0&quot;,&quot;credit&quot;:&quot;&quot;,&quot;camera&quot;:&quot;&quot;,&quot;caption&quot;:&quot;&quot;,&quot;created_timestamp&quot;:&quot;0&quot;,&quot;copyright&quot;:&quot;&quot;,&quot;focal_length&quot;:&quot;0&quot;,&quot;iso&quot;:&quot;0&quot;,&quot;shutter_speed&quot;:&quot;0&quot;,&quot;title&quot;:&quot;&quot;,&quot;orientation&quot;:&quot;0&quot;}\" data-image-title=\"taller-legumbres01\" data-image-description=\"\" data-medium-file=\"https:\/\/i0.wp.com\/centrodeolivaryaceite.com\/wp-content\/uploads\/2016\/11\/TALLER-LEGUMBRES01.jpg?fit=300%2C200&#038;ssl=1\" data-large-file=\"https:\/\/i0.wp.com\/centrodeolivaryaceite.com\/wp-content\/uploads\/2016\/11\/TALLER-LEGUMBRES01.jpg?fit=448%2C299&#038;ssl=1\" src=\"https:\/\/i0.wp.com\/centrodeolivaryaceite.com\/wp-content\/uploads\/2016\/11\/TALLER-LEGUMBRES01.jpg?w=1076&#038;h=718&#038;ssl=1\" srcset=\"https:\/\/i0.wp.com\/centrodeolivaryaceite.com\/wp-content\/uploads\/2016\/11\/TALLER-LEGUMBRES01.jpg?w=448&amp;ssl=1 448w, https:\/\/i0.wp.com\/centrodeolivaryaceite.com\/wp-content\/uploads\/2016\/11\/TALLER-LEGUMBRES01.jpg?resize=300%2C200&amp;ssl=1 300w\" width=\"1076\" height=\"718\" loading=\"lazy\" data-original-width=\"1076\" data-original-height=\"718\" itemprop=\"http:\/\/schema.org\/image\" title=\"taller-legumbres01\" alt=\"Tom\u00e1s M\u00e9ndez en Taller de Cocina\" style=\"width: 1076px; height: 718px;\" \/> <\/a> <\/div> <\/div> <!-- close group --> <\/div> <!-- close row --> <\/div><br \/>\n[\/et_pb_text][et_pb_comments admin_label=\u00bbComentarios\u00bb _builder_version=\u00bb4.16&#8243; use_border_color=\u00bboff\u00bb border_color=\u00bb#ffffff\u00bb border_style=\u00bbsolid\u00bb button_letter_spacing_hover=\u00bb0&#8243; global_colors_info=\u00bb{}\u00bb button_text_size__hover_enabled=\u00bboff\u00bb button_one_text_size__hover_enabled=\u00bboff\u00bb button_two_text_size__hover_enabled=\u00bboff\u00bb button_text_color__hover_enabled=\u00bboff\u00bb button_one_text_color__hover_enabled=\u00bboff\u00bb button_two_text_color__hover_enabled=\u00bboff\u00bb button_border_width__hover_enabled=\u00bboff\u00bb button_one_border_width__hover_enabled=\u00bboff\u00bb button_two_border_width__hover_enabled=\u00bboff\u00bb button_border_color__hover_enabled=\u00bboff\u00bb button_one_border_color__hover_enabled=\u00bboff\u00bb button_two_border_color__hover_enabled=\u00bboff\u00bb button_border_radius__hover_enabled=\u00bboff\u00bb button_one_border_radius__hover_enabled=\u00bboff\u00bb button_two_border_radius__hover_enabled=\u00bboff\u00bb button_letter_spacing__hover_enabled=\u00bbon\u00bb button_letter_spacing__hover=\u00bb0&#8243; button_one_letter_spacing__hover_enabled=\u00bboff\u00bb button_two_letter_spacing__hover_enabled=\u00bboff\u00bb button_bg_color__hover_enabled=\u00bboff\u00bb button_one_bg_color__hover_enabled=\u00bboff\u00bb button_two_bg_color__hover_enabled=\u00bboff\u00bb] [\/et_pb_comments][\/et_pb_column_inner][\/et_pb_row_inner][\/et_pb_column][et_pb_column type=\u00bb1_3&#8243; _builder_version=\u00bb4.16&#8243; custom_padding=\u00bb|||\u00bb global_colors_info=\u00bb{}\u00bb custom_padding__hover=\u00bb|||\u00bb][et_pb_sidebar orientation=\u00bbright\u00bb area=\u00bbsidebar-1&#8243; admin_label=\u00bbBarra lateral\u00bb _builder_version=\u00bb4.16&#8243; remove_border=\u00bboff\u00bb global_colors_info=\u00bb{}\u00bb] [\/et_pb_sidebar][\/et_pb_column][\/et_pb_section][et_pb_section fb_built=\u00bb1&#8243; custom_padding_last_edited=\u00bbon|desktop\u00bb disabled_on=\u00bbon|on|on\u00bb admin_label=\u00bbSecci\u00f3n\u00bb _builder_version=\u00bb3.0.92&#8243; background_color=\u00bb#dedacf\u00bb custom_padding_tablet=\u00bb50px|0|50px|0&#8243; transparent_background=\u00bboff\u00bb padding_mobile=\u00bboff\u00bb make_fullwidth=\u00bboff\u00bb use_custom_width=\u00bboff\u00bb width_unit=\u00bbon\u00bb disabled=\u00bbon\u00bb global_module=\u00bb5116&#8243; collapsed=\u00bboff\u00bb global_colors_info=\u00bb{}\u00bb custom_padding_phone=\u00bb50px|0|50px|0&#8243;][et_pb_row _builder_version=\u00bb4.16&#8243; global_colors_info=\u00bb{}\u00bb][et_pb_column type=\u00bb4_4&#8243; _builder_version=\u00bb4.16&#8243; custom_padding=\u00bb|||\u00bb global_colors_info=\u00bb{}\u00bb custom_padding__hover=\u00bb|||\u00bb][\/et_pb_column][\/et_pb_row][\/et_pb_section][et_pb_section fb_built=\u00bb1&#8243; custom_padding_last_edited=\u00bbon|desktop\u00bb admin_label=\u00bbSecci\u00f3n\u00bb _builder_version=\u00bb3.22&#8243; background_color=\u00bb#ffffff\u00bb custom_padding=\u00bb10px||0px|\u00bb custom_padding_tablet=\u00bb50px|0|50px|0&#8243; transparent_background=\u00bboff\u00bb padding_mobile=\u00bboff\u00bb make_fullwidth=\u00bboff\u00bb use_custom_width=\u00bboff\u00bb width_unit=\u00bbon\u00bb global_module=\u00bb5115&#8243; collapsed=\u00bboff\u00bb global_colors_info=\u00bb{}\u00bb custom_padding_phone=\u00bb50px|0|50px|0&#8243;][et_pb_row padding_mobile=\u00bboff\u00bb column_padding_mobile=\u00bbon\u00bb _builder_version=\u00bb4.16&#8243; background_size=\u00bbinitial\u00bb background_position=\u00bbtop_left\u00bb background_repeat=\u00bbrepeat\u00bb max_width=\u00bb1080px\u00bb custom_padding=\u00bb0px||0px|\u00bb make_fullwidth=\u00bboff\u00bb use_custom_width=\u00bboff\u00bb width_unit=\u00bbon\u00bb global_colors_info=\u00bb{}\u00bb][\/et_pb_row][\/et_pb_section][et_pb_section fb_built=\u00bb1&#8243; admin_label=\u00bbsection\u00bb _builder_version=\u00bb4.16&#8243; global_colors_info=\u00bb{}\u00bb][et_pb_row admin_label=\u00bbrow\u00bb _builder_version=\u00bb4.16&#8243; background_size=\u00bbinitial\u00bb background_position=\u00bbtop_left\u00bb background_repeat=\u00bbrepeat\u00bb global_colors_info=\u00bb{}\u00bb][\/et_pb_row][\/et_pb_section]<\/p>\n","protected":false},"excerpt":{"rendered":"<p>Con la llegada del oto\u00f1o poco a poco se recupera la rutina y en los fogones de casas y restaurantes un producto, las legumbres, comienzan a abrirse paso en las despensas de los hogares. Por ese motivo desde el Centro de Interpretaci\u00f3n \u201cOlivar y Aceite\u201d han pensado que ser\u00eda una buena idea realizar dos cursos [&hellip;]<\/p>\n","protected":false},"author":1,"featured_media":5989,"comment_status":"open","ping_status":"open","sticky":false,"template":"","format":"standard","meta":{"_et_pb_use_builder":"on","_et_pb_old_content":"","_et_gb_content_width":"","_jetpack_memberships_contains_paid_content":false,"footnotes":""},"categories":[1],"tags":[],"class_list":["post-5973","post","type-post","status-publish","format-standard","has-post-thumbnail","hentry","category-general"],"jetpack_featured_media_url":"https:\/\/i0.wp.com\/centrodeolivaryaceite.com\/wp-content\/uploads\/2016\/11\/TALLER-LEGUMBRES01.jpg?fit=448%2C299&ssl=1","jetpack_sharing_enabled":true,"jetpack_shortlink":"https:\/\/wp.me\/p95A9q-1yl","_links":{"self":[{"href":"https:\/\/centrodeolivaryaceite.com\/es\/wp-json\/wp\/v2\/posts\/5973\/"}],"collection":[{"href":"https:\/\/centrodeolivaryaceite.com\/es\/wp-json\/wp\/v2\/posts\/"}],"about":[{"href":"https:\/\/centrodeolivaryaceite.com\/es\/wp-json\/wp\/v2\/types\/post\/"}],"author":[{"embeddable":true,"href":"https:\/\/centrodeolivaryaceite.com\/es\/wp-json\/wp\/v2\/users\/1\/"}],"replies":[{"embeddable":true,"href":"https:\/\/centrodeolivaryaceite.com\/es\/wp-json\/wp\/v2\/comments\/?post=5973"}],"version-history":[{"count":0,"href":"https:\/\/centrodeolivaryaceite.com\/es\/wp-json\/wp\/v2\/posts\/5973\/revisions\/"}],"wp:featuredmedia":[{"embeddable":true,"href":"https:\/\/centrodeolivaryaceite.com\/es\/wp-json\/wp\/v2\/media\/5989\/"}],"wp:attachment":[{"href":"https:\/\/centrodeolivaryaceite.com\/es\/wp-json\/wp\/v2\/media\/?parent=5973"}],"wp:term":[{"taxonomy":"category","embeddable":true,"href":"https:\/\/centrodeolivaryaceite.com\/es\/wp-json\/wp\/v2\/categories\/?post=5973"},{"taxonomy":"post_tag","embeddable":true,"href":"https:\/\/centrodeolivaryaceite.com\/es\/wp-json\/wp\/v2\/tags\/?post=5973"}],"curies":[{"name":"wp","href":"https:\/\/api.w.org\/{rel}","templated":true}]}}